{"id":192757,"date":"2026-03-05T08:01:00","date_gmt":"2026-03-05T11:01:00","guid":{"rendered":"https:\/\/www.hoymercedes.com.ar\/principal\/?p=192757"},"modified":"2026-03-04T10:08:32","modified_gmt":"2026-03-04T13:08:32","slug":"eliminan-el-presentismo-y-miles-de-estatales-veran-reducido-su-salario","status":"publish","type":"post","link":"https:\/\/www.hoymercedes.com.ar\/principal\/2026\/03\/05\/eliminan-el-presentismo-y-miles-de-estatales-veran-reducido-su-salario\/","title":{"rendered":"Eliminan el presentismo y miles de estatales ver\u00e1n reducido su salario"},"content":{"rendered":"\n<p>La decisi\u00f3n comenzar\u00e1 a impactar en los sueldos que se cobrar\u00e1n desde febrero y afecta a trabajadores de la administraci\u00f3n p\u00fablica nacional. El adicional representaba un ingreso significativo dentro del salario mensual.<\/p>\n\n\n\n<figure class=\"wp-block-image size-large\"><img loading=\"lazy\" decoding=\"async\" width=\"1024\" height=\"576\" data-attachment-id=\"192758\" data-permalink=\"https:\/\/www.hoymercedes.com.ar\/principal\/2026\/03\/05\/eliminan-el-presentismo-y-miles-de-estatales-veran-reducido-su-salario\/img_9218\/#main\" data-orig-file=\"https:\/\/www.hoymercedes.com.ar\/principal\/wp-content\/uploads\/2026\/03\/IMG_9218.jpeg\" data-orig-size=\"1280,720\" data-comments-opened=\"0\" data-image-meta=\"{&quot;aperture&quot;:&quot;0&quot;,&quot;credit&quot;:&quot;&quot;,&quot;camera&quot;:&quot;&quot;,&quot;caption&quot;:&quot;&quot;,&quot;created_timestamp&quot;:&quot;0&quot;,&quot;copyright&quot;:&quot;&quot;,&quot;focal_length&quot;:&quot;0&quot;,&quot;iso&quot;:&quot;0&quot;,&quot;shutter_speed&quot;:&quot;0&quot;,&quot;title&quot;:&quot;&quot;,&quot;orientation&quot;:&quot;0&quot;}\" data-image-title=\"IMG_9218\" data-image-description=\"\" data-image-caption=\"\" data-large-file=\"https:\/\/www.hoymercedes.com.ar\/principal\/wp-content\/uploads\/2026\/03\/IMG_9218-1024x576.jpeg\" src=\"https:\/\/www.hoymercedes.com.ar\/principal\/wp-content\/uploads\/2026\/03\/IMG_9218-1024x576.jpeg\" alt=\"\" class=\"wp-image-192758\" srcset=\"https:\/\/www.hoymercedes.com.ar\/principal\/wp-content\/uploads\/2026\/03\/IMG_9218-1024x576.jpeg 1024w, https:\/\/www.hoymercedes.com.ar\/principal\/wp-content\/uploads\/2026\/03\/IMG_9218-630x354.jpeg 630w, https:\/\/www.hoymercedes.com.ar\/principal\/wp-content\/uploads\/2026\/03\/IMG_9218-150x84.jpeg 150w, https:\/\/www.hoymercedes.com.ar\/principal\/wp-content\/uploads\/2026\/03\/IMG_9218.jpeg 1280w\" sizes=\"auto, (max-width: 1024px) 100vw, 1024px\" \/><\/figure>\n\n\n\n<p>Miles de trabajadores del Estado nacional ver\u00e1n reducidos sus ingresos luego de que quedara sin efecto el adicional por presentismo, un incentivo que formaba parte del salario de muchos empleados de la administraci\u00f3n p\u00fablica.<\/p>\n\n\n\n<p>La medida comenzar\u00e1 a reflejarse en la liquidaci\u00f3n de haberes correspondiente a febrero de 2026, por lo que numerosos estatales percibir\u00e1n un sueldo menor en comparaci\u00f3n con meses anteriores.<\/p>\n\n\n\n<p>El beneficio, denominado formalmente \u201cPremio Est\u00edmulo a la Asistencia\u201d, era un adicional que se otorgaba a quienes cumpl\u00edan con asistencia completa durante el mes. Con el paso del tiempo, este concepto termin\u00f3 siendo considerado por muchos trabajadores como parte habitual de su salario.<\/p>\n\n\n\n<p>Seg\u00fan se indic\u00f3, el monto promedio del adicional rondaba los 150 mil pesos mensuales, por lo que su eliminaci\u00f3n representa un recorte directo en el ingreso de bolsillo de los empleados alcanzados.<\/p>\n\n\n\n<p>La finalizaci\u00f3n del beneficio qued\u00f3 establecida mediante el Decreto 36\/2026, que homolog\u00f3 un acuerdo de la Comisi\u00f3n Negociadora del Convenio Colectivo de Trabajo General firmado el 26 de diciembre pasado. En ese entendimiento se hab\u00eda prorrogado el presentismo solo hasta el 31 de diciembre de 2025, por lo que al no renovarse perdi\u00f3 vigencia.<\/p>\n\n\n\n<p>La decisi\u00f3n impacta principalmente en trabajadores comprendidos dentro del Sistema Nacional de Empleo P\u00fablico (SINEP), que incluye personal de ministerios, organismos descentralizados y diferentes dependencias de la administraci\u00f3n central.<\/p>\n\n\n\n<p>De esta manera, a partir de este a\u00f1o el adicional dejar\u00e1 de formar parte de la estructura salarial, generando una reducci\u00f3n en los ingresos de miles de trabajadores estatales.<\/p>\n","protected":false},"excerpt":{"rendered":"<p>La decisi\u00f3n comenzar\u00e1 a impactar en los sueldos que se cobrar\u00e1n desde febrero y afecta a trabajadores de la administraci\u00f3n &#8230; <a title=\"Eliminan el presentismo y miles de estatales ver\u00e1n reducido su salario\" class=\"read-more\" href=\"https:\/\/www.hoymercedes.com.ar\/principal\/2026\/03\/05\/eliminan-el-presentismo-y-miles-de-estatales-veran-reducido-su-salario\/\" aria-label=\"Leer m\u00e1s sobre Eliminan el presentismo y miles de estatales ver\u00e1n reducido su salario\">Leer m\u00e1s<\/a><\/p>\n","protected":false},"author":1,"featured_media":192758,"comment_status":"closed","ping_status":"open","sticky":false,"template":"","format":"standard","meta":{"_monsterinsights_skip_tracking":false,"_monsterinsights_sitenote_active":false,"_monsterinsights_sitenote_note":"","_monsterinsights_sitenote_category":0,"jetpack_post_was_ever_published":false,"_jetpack_newsletter_access":"","_jetpack_dont_email_post_to_subs":false,"_jetpack_newsletter_tier_id":0,"_jetpack_memberships_contains_paywalled_content":false,"_jetpack_memberships_contains_paid_content":false,"footnotes":"","jetpack_publicize_message":"","jetpack_publicize_feature_enabled":true,"jetpack_social_post_already_shared":true,"jetpack_social_options":{"image_generator_settings":{"template":"highway","default_image_id":0,"font":"","enabled":false},"version":2},"_wpas_customize_per_network":false},"categories":[5],"tags":[],"class_list":["post-192757","post","type-post","status-publish","format-standard","has-post-thumbnail","hentry","category-politica","generate-columns","tablet-grid-50","mobile-grid-100","grid-parent","grid-50"],"jetpack_publicize_connections":[],"jetpack_featured_media_url":"https:\/\/www.hoymercedes.com.ar\/principal\/wp-content\/uploads\/2026\/03\/IMG_9218.jpeg","wps_subtitle":"","jetpack_sharing_enabled":true,"_links":{"self":[{"href":"https:\/\/www.hoymercedes.com.ar\/principal\/wp-json\/wp\/v2\/posts\/192757","targetHints":{"allow":["GET"]}}],"collection":[{"href":"https:\/\/www.hoymercedes.com.ar\/principal\/wp-json\/wp\/v2\/posts"}],"about":[{"href":"https:\/\/www.hoymercedes.com.ar\/principal\/wp-json\/wp\/v2\/types\/post"}],"author":[{"embeddable":true,"href":"https:\/\/www.hoymercedes.com.ar\/principal\/wp-json\/wp\/v2\/users\/1"}],"replies":[{"embeddable":true,"href":"https:\/\/www.hoymercedes.com.ar\/principal\/wp-json\/wp\/v2\/comments?post=192757"}],"version-history":[{"count":1,"href":"https:\/\/www.hoymercedes.com.ar\/principal\/wp-json\/wp\/v2\/posts\/192757\/revisions"}],"predecessor-version":[{"id":192759,"href":"https:\/\/www.hoymercedes.com.ar\/principal\/wp-json\/wp\/v2\/posts\/192757\/revisions\/192759"}],"wp:featuredmedia":[{"embeddable":true,"href":"https:\/\/www.hoymercedes.com.ar\/principal\/wp-json\/wp\/v2\/media\/192758"}],"wp:attachment":[{"href":"https:\/\/www.hoymercedes.com.ar\/principal\/wp-json\/wp\/v2\/media?parent=192757"}],"wp:term":[{"taxonomy":"category","embeddable":true,"href":"https:\/\/www.hoymercedes.com.ar\/principal\/wp-json\/wp\/v2\/categories?post=192757"},{"taxonomy":"post_tag","embeddable":true,"href":"https:\/\/www.hoymercedes.com.ar\/principal\/wp-json\/wp\/v2\/tags?post=192757"}],"curies":[{"name":"wp","href":"https:\/\/api.w.org\/{rel}","templated":true}]}}