{"id":192760,"date":"2026-03-04T11:17:00","date_gmt":"2026-03-04T14:17:00","guid":{"rendered":"https:\/\/www.hoymercedes.com.ar\/principal\/?p=192760"},"modified":"2026-03-04T10:28:34","modified_gmt":"2026-03-04T13:28:34","slug":"para-selva-massa-es-el-mas-capacitado-para-ser-presidente-video","status":"publish","type":"post","link":"https:\/\/www.hoymercedes.com.ar\/principal\/2026\/03\/04\/para-selva-massa-es-el-mas-capacitado-para-ser-presidente-video\/","title":{"rendered":"Para Selva \u201cMassa es el m\u00e1s capacitado\u201d para ser Presidente (video)"},"content":{"rendered":"\n<p>La diputada nacional Sabrina Selva analiz\u00f3 la situaci\u00f3n pol\u00edtica y legislativa del pa\u00eds y plante\u00f3 que el peronismo debe priorizar la discusi\u00f3n de un programa de gobierno antes de hablar de nombres propios de cara al futuro electoral. En ese marco, destac\u00f3 el rol de Sergio Massa como uno de los dirigentes con mayor capacidad para conducir una alternativa pol\u00edtica.\u00a0<br><\/p>\n\n\n\n<figure class=\"wp-block-image size-full\"><img loading=\"lazy\" decoding=\"async\" width=\"888\" height=\"536\" data-attachment-id=\"192761\" data-permalink=\"https:\/\/www.hoymercedes.com.ar\/principal\/2026\/03\/04\/para-selva-massa-es-el-mas-capacitado-para-ser-presidente-video\/img_9223\/#main\" data-orig-file=\"https:\/\/www.hoymercedes.com.ar\/principal\/wp-content\/uploads\/2026\/03\/IMG_9223.jpeg\" data-orig-size=\"888,536\" data-comments-opened=\"0\" data-image-meta=\"{&quot;aperture&quot;:&quot;0&quot;,&quot;credit&quot;:&quot;&quot;,&quot;camera&quot;:&quot;&quot;,&quot;caption&quot;:&quot;&quot;,&quot;created_timestamp&quot;:&quot;0&quot;,&quot;copyright&quot;:&quot;&quot;,&quot;focal_length&quot;:&quot;0&quot;,&quot;iso&quot;:&quot;0&quot;,&quot;shutter_speed&quot;:&quot;0&quot;,&quot;title&quot;:&quot;&quot;,&quot;orientation&quot;:&quot;1&quot;}\" data-image-title=\"IMG_9223\" data-image-description=\"\" data-image-caption=\"\" data-large-file=\"https:\/\/www.hoymercedes.com.ar\/principal\/wp-content\/uploads\/2026\/03\/IMG_9223.jpeg\" src=\"https:\/\/www.hoymercedes.com.ar\/principal\/wp-content\/uploads\/2026\/03\/IMG_9223.jpeg\" alt=\"\" class=\"wp-image-192761\" srcset=\"https:\/\/www.hoymercedes.com.ar\/principal\/wp-content\/uploads\/2026\/03\/IMG_9223.jpeg 888w, https:\/\/www.hoymercedes.com.ar\/principal\/wp-content\/uploads\/2026\/03\/IMG_9223-630x380.jpeg 630w, https:\/\/www.hoymercedes.com.ar\/principal\/wp-content\/uploads\/2026\/03\/IMG_9223-150x91.jpeg 150w\" sizes=\"auto, (max-width: 888px) 100vw, 888px\" \/><\/figure>\n\n\n\n<p>La legisladora bonaerense se\u00f1al\u00f3 que dentro del justicialismo es necesario abrir un debate profundo sobre el rumbo del pa\u00eds. En ese sentido, sostuvo que primero debe definirse un proyecto pol\u00edtico que represente a la sociedad y reci\u00e9n despu\u00e9s discutir candidaturas.&nbsp;<\/p>\n\n\n\n<p><strong>Cr\u00edticas a la reforma laboral y a la situaci\u00f3n econ\u00f3mica<\/strong><\/p>\n\n\n\n<p>Selva tambi\u00e9n cuestion\u00f3 el tratamiento de la reforma laboral impulsada por el oficialismo, al considerar que se discute en un contexto social complejo. Seg\u00fan se\u00f1al\u00f3, desde el inicio de la actual gesti\u00f3n nacional se perdieron alrededor de 300 mil puestos de trabajo y cerraron unas 20 mil empresas, lo que agrava la situaci\u00f3n de muchos trabajadores.&nbsp;<\/p>\n\n\n\n<p>Para la diputada, la iniciativa no contempla la realidad de quienes quedaron sin empleo ni de las familias que enfrentan dificultades econ\u00f3micas. Adem\u00e1s, advirti\u00f3 que las medidas del Gobierno avanzan sobre derechos laborales en un escenario social cada vez m\u00e1s delicado.&nbsp;<\/p>\n\n\n\n<p><strong>Cuestionamientos a gobernadores y defensa de la unidad<\/strong><\/p>\n\n\n\n<p>En su an\u00e1lisis del panorama pol\u00edtico, Selva tambi\u00e9n apunt\u00f3 contra algunos gobernadores que, seg\u00fan consider\u00f3, negocian con la administraci\u00f3n nacional. En ese sentido, afirm\u00f3 que hay mandatarios provinciales que \u201cest\u00e1n traicionando la voluntad popular\u201d al acompa\u00f1ar decisiones del Gobierno.&nbsp;<\/p>\n\n\n\n<p>Frente a ese escenario, destac\u00f3 la importancia de mantener la unidad del bloque peronista en el Congreso para enfrentar las pol\u00edticas oficiales y remarc\u00f3 que el principal desaf\u00edo de la oposici\u00f3n es construir una alternativa pol\u00edtica s\u00f3lida.&nbsp;<\/p>\n\n\n\n<p><strong>El rol de Sergio Massa<\/strong><\/p>\n\n\n\n<p>Dentro de ese proceso, Selva puso el foco en el liderazgo de Sergio Massa. La diputada asegur\u00f3 que desde el Frente Renovador consideran al dirigente como \u201cel m\u00e1s capacitado para conducir la etapa que venga en la Argentina\u201d.&nbsp;<\/p>\n\n\n\n<p>Adem\u00e1s, se\u00f1al\u00f3 que el propio Massa viene planteando que la discusi\u00f3n central hoy debe ser el proyecto pol\u00edtico y no los nombres, una idea que \u2014seg\u00fan explic\u00f3\u2014 deber\u00eda ordenar el debate interno del peronismo en los pr\u00f3ximos a\u00f1os.&nbsp;<\/p>\n\n\n\n<figure class=\"wp-block-video\"><video height=\"848\" style=\"aspect-ratio: 480 \/ 848;\" width=\"480\" controls src=\"https:\/\/www.hoymercedes.com.ar\/principal\/wp-content\/uploads\/2026\/03\/14c2ea70-4376-40e9-9b9e-25a51972d35e.mp4\"><\/video><\/figure>\n","protected":false},"excerpt":{"rendered":"<p>La diputada nacional Sabrina Selva analiz\u00f3 la situaci\u00f3n pol\u00edtica y legislativa del pa\u00eds y plante\u00f3 que el peronismo debe priorizar &#8230; <a title=\"Para Selva \u201cMassa es el m\u00e1s capacitado\u201d para ser Presidente (video)\" class=\"read-more\" href=\"https:\/\/www.hoymercedes.com.ar\/principal\/2026\/03\/04\/para-selva-massa-es-el-mas-capacitado-para-ser-presidente-video\/\" aria-label=\"Leer m\u00e1s sobre Para Selva \u201cMassa es el m\u00e1s capacitado\u201d para ser Presidente (video)\">Leer m\u00e1s<\/a><\/p>\n","protected":false},"author":1,"featured_media":192761,"comment_status":"closed","ping_status":"open","sticky":false,"template":"","format":"standard","meta":{"_monsterinsights_skip_tracking":false,"_monsterinsights_sitenote_active":false,"_monsterinsights_sitenote_note":"","_monsterinsights_sitenote_category":0,"jetpack_post_was_ever_published":false,"_jetpack_newsletter_access":"","_jetpack_dont_email_post_to_subs":false,"_jetpack_newsletter_tier_id":0,"_jetpack_memberships_contains_paywalled_content":false,"_jetpack_memberships_contains_paid_content":false,"footnotes":"","jetpack_publicize_message":"","jetpack_publicize_feature_enabled":true,"jetpack_social_post_already_shared":true,"jetpack_social_options":{"image_generator_settings":{"template":"highway","default_image_id":0,"font":"","enabled":false},"version":2},"_wpas_customize_per_network":false},"categories":[5],"tags":[],"class_list":["post-192760","post","type-post","status-publish","format-standard","has-post-thumbnail","hentry","category-politica","generate-columns","tablet-grid-50","mobile-grid-100","grid-parent","grid-50"],"jetpack_publicize_connections":[],"jetpack_featured_media_url":"https:\/\/www.hoymercedes.com.ar\/principal\/wp-content\/uploads\/2026\/03\/IMG_9223.jpeg","wps_subtitle":"","jetpack_sharing_enabled":true,"_links":{"self":[{"href":"https:\/\/www.hoymercedes.com.ar\/principal\/wp-json\/wp\/v2\/posts\/192760","targetHints":{"allow":["GET"]}}],"collection":[{"href":"https:\/\/www.hoymercedes.com.ar\/principal\/wp-json\/wp\/v2\/posts"}],"about":[{"href":"https:\/\/www.hoymercedes.com.ar\/principal\/wp-json\/wp\/v2\/types\/post"}],"author":[{"embeddable":true,"href":"https:\/\/www.hoymercedes.com.ar\/principal\/wp-json\/wp\/v2\/users\/1"}],"replies":[{"embeddable":true,"href":"https:\/\/www.hoymercedes.com.ar\/principal\/wp-json\/wp\/v2\/comments?post=192760"}],"version-history":[{"count":1,"href":"https:\/\/www.hoymercedes.com.ar\/principal\/wp-json\/wp\/v2\/posts\/192760\/revisions"}],"predecessor-version":[{"id":192763,"href":"https:\/\/www.hoymercedes.com.ar\/principal\/wp-json\/wp\/v2\/posts\/192760\/revisions\/192763"}],"wp:featuredmedia":[{"embeddable":true,"href":"https:\/\/www.hoymercedes.com.ar\/principal\/wp-json\/wp\/v2\/media\/192761"}],"wp:attachment":[{"href":"https:\/\/www.hoymercedes.com.ar\/principal\/wp-json\/wp\/v2\/media?parent=192760"}],"wp:term":[{"taxonomy":"category","embeddable":true,"href":"https:\/\/www.hoymercedes.com.ar\/principal\/wp-json\/wp\/v2\/categories?post=192760"},{"taxonomy":"post_tag","embeddable":true,"href":"https:\/\/www.hoymercedes.com.ar\/principal\/wp-json\/wp\/v2\/tags?post=192760"}],"curies":[{"name":"wp","href":"https:\/\/api.w.org\/{rel}","templated":true}]}}