{"id":192769,"date":"2026-03-04T14:38:00","date_gmt":"2026-03-04T17:38:00","guid":{"rendered":"https:\/\/www.hoymercedes.com.ar\/principal\/?p=192769"},"modified":"2026-03-04T10:40:14","modified_gmt":"2026-03-04T13:40:14","slug":"celulares-apagados-tambien-en-los-recreos-ya-rige-la-regulacion-en-escuelas-primarias-bonaerenses","status":"publish","type":"post","link":"https:\/\/www.hoymercedes.com.ar\/principal\/2026\/03\/04\/celulares-apagados-tambien-en-los-recreos-ya-rige-la-regulacion-en-escuelas-primarias-bonaerenses\/","title":{"rendered":"Celulares apagados tambi\u00e9n en los recreos: ya rige la regulaci\u00f3n en escuelas primarias bonaerenses"},"content":{"rendered":"\n<p>Desde el inicio del ciclo lectivo 2026 comenz\u00f3 a aplicarse en las escuelas primarias de la provincia de Buenos Aires una normativa que restringe el uso de celulares durante toda la jornada escolar, incluidos los recreos.\u00a0<br><\/p>\n\n\n\n<figure class=\"wp-block-image size-full\"><img loading=\"lazy\" decoding=\"async\" width=\"420\" height=\"280\" data-attachment-id=\"192770\" data-permalink=\"https:\/\/www.hoymercedes.com.ar\/principal\/2026\/03\/04\/celulares-apagados-tambien-en-los-recreos-ya-rige-la-regulacion-en-escuelas-primarias-bonaerenses\/img_9224\/#main\" data-orig-file=\"https:\/\/www.hoymercedes.com.ar\/principal\/wp-content\/uploads\/2026\/03\/IMG_9224.png\" data-orig-size=\"420,280\" data-comments-opened=\"0\" data-image-meta=\"{&quot;aperture&quot;:&quot;0&quot;,&quot;credit&quot;:&quot;&quot;,&quot;camera&quot;:&quot;&quot;,&quot;caption&quot;:&quot;&quot;,&quot;created_timestamp&quot;:&quot;0&quot;,&quot;copyright&quot;:&quot;&quot;,&quot;focal_length&quot;:&quot;0&quot;,&quot;iso&quot;:&quot;0&quot;,&quot;shutter_speed&quot;:&quot;0&quot;,&quot;title&quot;:&quot;&quot;,&quot;orientation&quot;:&quot;0&quot;}\" data-image-title=\"IMG_9224\" data-image-description=\"\" data-image-caption=\"\" data-large-file=\"https:\/\/www.hoymercedes.com.ar\/principal\/wp-content\/uploads\/2026\/03\/IMG_9224.png\" src=\"https:\/\/www.hoymercedes.com.ar\/principal\/wp-content\/uploads\/2026\/03\/IMG_9224.png\" alt=\"\" class=\"wp-image-192770\" srcset=\"https:\/\/www.hoymercedes.com.ar\/principal\/wp-content\/uploads\/2026\/03\/IMG_9224.png 420w, https:\/\/www.hoymercedes.com.ar\/principal\/wp-content\/uploads\/2026\/03\/IMG_9224-150x100.png 150w\" sizes=\"auto, (max-width: 420px) 100vw, 420px\" \/><\/figure>\n\n\n\n<p>La medida permite que los estudiantes lleven el tel\u00e9fono por razones de seguridad durante el traslado entre sus casas y la escuela, pero deben mantenerlo guardado y apagado dentro del establecimiento, salvo que un docente autorice su utilizaci\u00f3n con fines pedag\u00f3gicos.&nbsp;<\/p>\n\n\n\n<p>La regulaci\u00f3n surge de la Ley provincial 15.534, aprobada por la Legislatura bonaerense en 2025, y alcanza tanto a escuelas p\u00fablicas como privadas del nivel primario.&nbsp;<\/p>\n\n\n\n<p>El objetivo principal es reducir las distracciones en el aula, mejorar la atenci\u00f3n y promover la interacci\u00f3n entre los estudiantes, evitando que los recreos se conviertan en momentos dominados por las pantallas.&nbsp;<\/p>\n\n\n\n<p>Adem\u00e1s, la normativa prev\u00e9 acciones de concientizaci\u00f3n y seguimiento para evaluar su impacto en el clima escolar, el rendimiento acad\u00e9mico y la convivencia entre alumnos. &nbsp;<\/p>\n","protected":false},"excerpt":{"rendered":"<p>Desde el inicio del ciclo lectivo 2026 comenz\u00f3 a aplicarse en las escuelas primarias de la provincia de Buenos Aires &#8230; <a title=\"Celulares apagados tambi\u00e9n en los recreos: ya rige la regulaci\u00f3n en escuelas primarias bonaerenses\" class=\"read-more\" href=\"https:\/\/www.hoymercedes.com.ar\/principal\/2026\/03\/04\/celulares-apagados-tambien-en-los-recreos-ya-rige-la-regulacion-en-escuelas-primarias-bonaerenses\/\" aria-label=\"Leer m\u00e1s sobre Celulares apagados tambi\u00e9n en los recreos: ya rige la regulaci\u00f3n en escuelas primarias bonaerenses\">Leer m\u00e1s<\/a><\/p>\n","protected":false},"author":1,"featured_media":192770,"comment_status":"closed","ping_status":"open","sticky":false,"template":"","format":"standard","meta":{"_monsterinsights_skip_tracking":false,"_monsterinsights_sitenote_active":false,"_monsterinsights_sitenote_note":"","_monsterinsights_sitenote_category":0,"jetpack_post_was_ever_published":false,"_jetpack_newsletter_access":"","_jetpack_dont_email_post_to_subs":false,"_jetpack_newsletter_tier_id":0,"_jetpack_memberships_contains_paywalled_content":false,"_jetpack_memberships_contains_paid_content":false,"footnotes":"","jetpack_publicize_message":"","jetpack_publicize_feature_enabled":true,"jetpack_social_post_already_shared":true,"jetpack_social_options":{"image_generator_settings":{"template":"highway","default_image_id":0,"font":"","enabled":false},"version":2},"_wpas_customize_per_network":false},"categories":[23],"tags":[],"class_list":["post-192769","post","type-post","status-publish","format-standard","has-post-thumbnail","hentry","category-educacion","generate-columns","tablet-grid-50","mobile-grid-100","grid-parent","grid-50"],"jetpack_publicize_connections":[],"jetpack_featured_media_url":"https:\/\/www.hoymercedes.com.ar\/principal\/wp-content\/uploads\/2026\/03\/IMG_9224.png","wps_subtitle":"","jetpack_sharing_enabled":true,"_links":{"self":[{"href":"https:\/\/www.hoymercedes.com.ar\/principal\/wp-json\/wp\/v2\/posts\/192769","targetHints":{"allow":["GET"]}}],"collection":[{"href":"https:\/\/www.hoymercedes.com.ar\/principal\/wp-json\/wp\/v2\/posts"}],"about":[{"href":"https:\/\/www.hoymercedes.com.ar\/principal\/wp-json\/wp\/v2\/types\/post"}],"author":[{"embeddable":true,"href":"https:\/\/www.hoymercedes.com.ar\/principal\/wp-json\/wp\/v2\/users\/1"}],"replies":[{"embeddable":true,"href":"https:\/\/www.hoymercedes.com.ar\/principal\/wp-json\/wp\/v2\/comments?post=192769"}],"version-history":[{"count":1,"href":"https:\/\/www.hoymercedes.com.ar\/principal\/wp-json\/wp\/v2\/posts\/192769\/revisions"}],"predecessor-version":[{"id":192771,"href":"https:\/\/www.hoymercedes.com.ar\/principal\/wp-json\/wp\/v2\/posts\/192769\/revisions\/192771"}],"wp:featuredmedia":[{"embeddable":true,"href":"https:\/\/www.hoymercedes.com.ar\/principal\/wp-json\/wp\/v2\/media\/192770"}],"wp:attachment":[{"href":"https:\/\/www.hoymercedes.com.ar\/principal\/wp-json\/wp\/v2\/media?parent=192769"}],"wp:term":[{"taxonomy":"category","embeddable":true,"href":"https:\/\/www.hoymercedes.com.ar\/principal\/wp-json\/wp\/v2\/categories?post=192769"},{"taxonomy":"post_tag","embeddable":true,"href":"https:\/\/www.hoymercedes.com.ar\/principal\/wp-json\/wp\/v2\/tags?post=192769"}],"curies":[{"name":"wp","href":"https:\/\/api.w.org\/{rel}","templated":true}]}}