{"id":192772,"date":"2026-03-05T10:46:48","date_gmt":"2026-03-05T13:46:48","guid":{"rendered":"https:\/\/www.hoymercedes.com.ar\/principal\/?p=192772"},"modified":"2026-03-04T10:47:22","modified_gmt":"2026-03-04T13:47:22","slug":"los-oficios-vuelven-a-ganar-protagonismo-como-salida-laboral-en-la-argentina","status":"publish","type":"post","link":"https:\/\/www.hoymercedes.com.ar\/principal\/2026\/03\/05\/los-oficios-vuelven-a-ganar-protagonismo-como-salida-laboral-en-la-argentina\/","title":{"rendered":"Los oficios vuelven a ganar protagonismo como salida laboral en la Argentina"},"content":{"rendered":"\n<p>En medio del debate sobre ingresos reales y salarios en el pa\u00eds, distintos an\u00e1lisis y publicaciones en redes sociales vuelven a poner el foco en los oficios como una alternativa laboral cada vez m\u00e1s valorada.\u00a0<br><\/p>\n\n\n\n<figure class=\"wp-block-image size-full\"><img loading=\"lazy\" decoding=\"async\" width=\"1024\" height=\"1024\" data-attachment-id=\"192773\" data-permalink=\"https:\/\/www.hoymercedes.com.ar\/principal\/2026\/03\/05\/los-oficios-vuelven-a-ganar-protagonismo-como-salida-laboral-en-la-argentina\/img_9225\/#main\" data-orig-file=\"https:\/\/www.hoymercedes.com.ar\/principal\/wp-content\/uploads\/2026\/03\/IMG_9225.webp\" data-orig-size=\"1024,1024\" data-comments-opened=\"0\" data-image-meta=\"{&quot;aperture&quot;:&quot;0&quot;,&quot;credit&quot;:&quot;&quot;,&quot;camera&quot;:&quot;&quot;,&quot;caption&quot;:&quot;&quot;,&quot;created_timestamp&quot;:&quot;0&quot;,&quot;copyright&quot;:&quot;&quot;,&quot;focal_length&quot;:&quot;0&quot;,&quot;iso&quot;:&quot;0&quot;,&quot;shutter_speed&quot;:&quot;0&quot;,&quot;title&quot;:&quot;&quot;,&quot;orientation&quot;:&quot;0&quot;}\" data-image-title=\"IMG_9225\" data-image-description=\"\" data-image-caption=\"\" data-large-file=\"https:\/\/www.hoymercedes.com.ar\/principal\/wp-content\/uploads\/2026\/03\/IMG_9225.webp\" src=\"https:\/\/www.hoymercedes.com.ar\/principal\/wp-content\/uploads\/2026\/03\/IMG_9225.webp\" alt=\"\" class=\"wp-image-192773\" srcset=\"https:\/\/www.hoymercedes.com.ar\/principal\/wp-content\/uploads\/2026\/03\/IMG_9225.webp 1024w, https:\/\/www.hoymercedes.com.ar\/principal\/wp-content\/uploads\/2026\/03\/IMG_9225-620x620.webp 620w, https:\/\/www.hoymercedes.com.ar\/principal\/wp-content\/uploads\/2026\/03\/IMG_9225-150x150.webp 150w\" sizes=\"auto, (max-width: 1024px) 100vw, 1024px\" \/><\/figure>\n\n\n\n<p>Seg\u00fan se plantea, actividades como la plomer\u00eda, la electricidad, la carpinter\u00eda o la mec\u00e1nica est\u00e1n recuperando protagonismo en el mercado laboral, en parte por la demanda de servicios y la posibilidad de generar ingresos de forma independiente.&nbsp;<\/p>\n\n\n\n<p>El tema aparece con frecuencia en las conversaciones sobre trabajo y econom\u00eda cotidiana, donde muchos destacan que aprender un oficio puede convertirse en una herramienta concreta para conseguir empleo o emprender, especialmente en un contexto econ\u00f3mico complejo.&nbsp;<\/p>\n\n\n\n<p>Adem\u00e1s, se remarca que los oficios, durante a\u00f1os subestimados frente a otras profesiones, vuelven a ser reconocidos como parte central de la econom\u00eda real, con cada vez m\u00e1s j\u00f3venes y adultos interesados en capacitarse en estas \u00e1reas.&nbsp;<\/p>\n\n\n\n<p><\/p>\n","protected":false},"excerpt":{"rendered":"<p>En medio del debate sobre ingresos reales y salarios en el pa\u00eds, distintos an\u00e1lisis y publicaciones en redes sociales vuelven &#8230; <a title=\"Los oficios vuelven a ganar protagonismo como salida laboral en la Argentina\" class=\"read-more\" href=\"https:\/\/www.hoymercedes.com.ar\/principal\/2026\/03\/05\/los-oficios-vuelven-a-ganar-protagonismo-como-salida-laboral-en-la-argentina\/\" aria-label=\"Leer m\u00e1s sobre Los oficios vuelven a ganar protagonismo como salida laboral en la Argentina\">Leer m\u00e1s<\/a><\/p>\n","protected":false},"author":1,"featured_media":192773,"comment_status":"closed","ping_status":"open","sticky":false,"template":"","format":"standard","meta":{"_monsterinsights_skip_tracking":false,"_monsterinsights_sitenote_active":false,"_monsterinsights_sitenote_note":"","_monsterinsights_sitenote_category":0,"jetpack_post_was_ever_published":false,"_jetpack_newsletter_access":"","_jetpack_dont_email_post_to_subs":false,"_jetpack_newsletter_tier_id":0,"_jetpack_memberships_contains_paywalled_content":false,"_jetpack_memberships_contains_paid_content":false,"footnotes":"","jetpack_publicize_message":"","jetpack_publicize_feature_enabled":true,"jetpack_social_post_already_shared":true,"jetpack_social_options":{"image_generator_settings":{"template":"highway","default_image_id":0,"font":"","enabled":false},"version":2},"_wpas_customize_per_network":false},"categories":[8],"tags":[],"class_list":["post-192772","post","type-post","status-publish","format-standard","has-post-thumbnail","hentry","category-sociedad","generate-columns","tablet-grid-50","mobile-grid-100","grid-parent","grid-50"],"jetpack_publicize_connections":[],"jetpack_featured_media_url":"https:\/\/www.hoymercedes.com.ar\/principal\/wp-content\/uploads\/2026\/03\/IMG_9225.webp","wps_subtitle":"","jetpack_sharing_enabled":true,"_links":{"self":[{"href":"https:\/\/www.hoymercedes.com.ar\/principal\/wp-json\/wp\/v2\/posts\/192772","targetHints":{"allow":["GET"]}}],"collection":[{"href":"https:\/\/www.hoymercedes.com.ar\/principal\/wp-json\/wp\/v2\/posts"}],"about":[{"href":"https:\/\/www.hoymercedes.com.ar\/principal\/wp-json\/wp\/v2\/types\/post"}],"author":[{"embeddable":true,"href":"https:\/\/www.hoymercedes.com.ar\/principal\/wp-json\/wp\/v2\/users\/1"}],"replies":[{"embeddable":true,"href":"https:\/\/www.hoymercedes.com.ar\/principal\/wp-json\/wp\/v2\/comments?post=192772"}],"version-history":[{"count":1,"href":"https:\/\/www.hoymercedes.com.ar\/principal\/wp-json\/wp\/v2\/posts\/192772\/revisions"}],"predecessor-version":[{"id":192774,"href":"https:\/\/www.hoymercedes.com.ar\/principal\/wp-json\/wp\/v2\/posts\/192772\/revisions\/192774"}],"wp:featuredmedia":[{"embeddable":true,"href":"https:\/\/www.hoymercedes.com.ar\/principal\/wp-json\/wp\/v2\/media\/192773"}],"wp:attachment":[{"href":"https:\/\/www.hoymercedes.com.ar\/principal\/wp-json\/wp\/v2\/media?parent=192772"}],"wp:term":[{"taxonomy":"category","embeddable":true,"href":"https:\/\/www.hoymercedes.com.ar\/principal\/wp-json\/wp\/v2\/categories?post=192772"},{"taxonomy":"post_tag","embeddable":true,"href":"https:\/\/www.hoymercedes.com.ar\/principal\/wp-json\/wp\/v2\/tags?post=192772"}],"curies":[{"name":"wp","href":"https:\/\/api.w.org\/{rel}","templated":true}]}}