{"id":192775,"date":"2026-03-04T12:28:00","date_gmt":"2026-03-04T15:28:00","guid":{"rendered":"https:\/\/www.hoymercedes.com.ar\/principal\/?p=192775"},"modified":"2026-03-04T12:29:36","modified_gmt":"2026-03-04T15:29:36","slug":"milei-designo-a-juan-bautista-mahiques-como-nuevo-ministro-se-justicia","status":"publish","type":"post","link":"https:\/\/www.hoymercedes.com.ar\/principal\/2026\/03\/04\/milei-designo-a-juan-bautista-mahiques-como-nuevo-ministro-se-justicia\/","title":{"rendered":"Milei design\u00f3 a Juan Bautista Mahiques como nuevo ministro se Justicia"},"content":{"rendered":"\n<p>El ministro de Justicia de la Naci\u00f3n, Mariano C\u00faneo Libarona, present\u00f3 su renuncia al cargo y el presidente Javier Milei confirm\u00f3 que su reemplazante ser\u00e1 Juan Bautista Mahiques, actual fiscal general de la Ciudad de Buenos Aires y oriundo de la ciudad de Mercedes.\u00a0<br><\/p>\n\n\n\n<figure class=\"wp-block-image size-full\"><img loading=\"lazy\" decoding=\"async\" width=\"747\" height=\"411\" data-attachment-id=\"192776\" data-permalink=\"https:\/\/www.hoymercedes.com.ar\/principal\/2026\/03\/04\/milei-designo-a-juan-bautista-mahiques-como-nuevo-ministro-se-justicia\/img_9230\/#main\" data-orig-file=\"https:\/\/www.hoymercedes.com.ar\/principal\/wp-content\/uploads\/2026\/03\/IMG_9230.jpeg\" data-orig-size=\"747,411\" data-comments-opened=\"0\" data-image-meta=\"{&quot;aperture&quot;:&quot;0&quot;,&quot;credit&quot;:&quot;&quot;,&quot;camera&quot;:&quot;&quot;,&quot;caption&quot;:&quot;&quot;,&quot;created_timestamp&quot;:&quot;0&quot;,&quot;copyright&quot;:&quot;&quot;,&quot;focal_length&quot;:&quot;0&quot;,&quot;iso&quot;:&quot;0&quot;,&quot;shutter_speed&quot;:&quot;0&quot;,&quot;title&quot;:&quot;&quot;,&quot;orientation&quot;:&quot;0&quot;}\" data-image-title=\"IMG_9230\" data-image-description=\"\" data-image-caption=\"\" data-large-file=\"https:\/\/www.hoymercedes.com.ar\/principal\/wp-content\/uploads\/2026\/03\/IMG_9230.jpeg\" src=\"https:\/\/www.hoymercedes.com.ar\/principal\/wp-content\/uploads\/2026\/03\/IMG_9230.jpeg\" alt=\"\" class=\"wp-image-192776\" srcset=\"https:\/\/www.hoymercedes.com.ar\/principal\/wp-content\/uploads\/2026\/03\/IMG_9230.jpeg 747w, https:\/\/www.hoymercedes.com.ar\/principal\/wp-content\/uploads\/2026\/03\/IMG_9230-630x347.jpeg 630w, https:\/\/www.hoymercedes.com.ar\/principal\/wp-content\/uploads\/2026\/03\/IMG_9230-150x83.jpeg 150w\" sizes=\"auto, (max-width: 747px) 100vw, 747px\" \/><\/figure>\n\n\n\n<p>La salida del funcionario se formaliz\u00f3 este mi\u00e9rcoles luego de una reuni\u00f3n con el mandatario nacional. Tras aceptar la dimisi\u00f3n, el Gobierno anunci\u00f3 que Mahiques asumir\u00e1 de manera inmediata al frente de una de las carteras m\u00e1s importantes del gabinete nacional.&nbsp;<\/p>\n\n\n\n<p>De esta manera, el dirigente con ra\u00edces mercedinas pasa a ocupar un lugar central dentro de la estructura del Ejecutivo nacional. Hasta ahora se desempe\u00f1aba como fiscal general de la Ciudad de Buenos Aires, cargo que ocupa desde 2019, y tambi\u00e9n es presidente de la Asociaci\u00f3n Internacional de Fiscales desde 2022.&nbsp;<\/p>\n\n\n\n<p>La decisi\u00f3n de nombrarlo al frente del Ministerio de Justicia se conoci\u00f3 luego de varios meses de versiones sobre posibles cambios en esa \u00e1rea del Gobierno. Con este movimiento, Milei reconfigura el esquema interno de la cartera judicial, que tambi\u00e9n tendr\u00e1 modificaciones en su estructura de conducci\u00f3n.&nbsp;<\/p>\n\n\n\n<p>Mahiques proviene de una familia vinculada al \u00e1mbito judicial: es hijo de Carlos Mahiques, exministro de Justicia de la provincia de Buenos Aires durante la gesti\u00f3n de Mar\u00eda Eugenia Vidal y actual juez de la C\u00e1mara Federal de Casaci\u00f3n Penal.&nbsp;<\/p>\n\n\n\n<p>El nuevo ministro cuenta adem\u00e1s con trayectoria en el \u00e1mbito nacional: durante el gobierno de Mauricio Macri fue representante del Poder Ejecutivo en el Consejo de la Magistratura, \u00f3rgano clave en la selecci\u00f3n y control de jueces.&nbsp;<\/p>\n\n\n\n<p>Con su designaci\u00f3n, un mercedino vuelve a ocupar un cargo de alto nivel en el Gobierno nacional, ahora al frente del Ministerio de Justicia.<\/p>\n","protected":false},"excerpt":{"rendered":"<p>El ministro de Justicia de la Naci\u00f3n, Mariano C\u00faneo Libarona, present\u00f3 su renuncia al cargo y el presidente Javier Milei &#8230; <a title=\"Milei design\u00f3 a Juan Bautista Mahiques como nuevo ministro se Justicia\" class=\"read-more\" href=\"https:\/\/www.hoymercedes.com.ar\/principal\/2026\/03\/04\/milei-designo-a-juan-bautista-mahiques-como-nuevo-ministro-se-justicia\/\" aria-label=\"Leer m\u00e1s sobre Milei design\u00f3 a Juan Bautista Mahiques como nuevo ministro se Justicia\">Leer m\u00e1s<\/a><\/p>\n","protected":false},"author":1,"featured_media":192776,"comment_status":"closed","ping_status":"open","sticky":false,"template":"","format":"standard","meta":{"_monsterinsights_skip_tracking":false,"_monsterinsights_sitenote_active":false,"_monsterinsights_sitenote_note":"","_monsterinsights_sitenote_category":0,"jetpack_post_was_ever_published":false,"_jetpack_newsletter_access":"","_jetpack_dont_email_post_to_subs":false,"_jetpack_newsletter_tier_id":0,"_jetpack_memberships_contains_paywalled_content":false,"_jetpack_memberships_contains_paid_content":false,"footnotes":"","jetpack_publicize_message":"","jetpack_publicize_feature_enabled":true,"jetpack_social_post_already_shared":true,"jetpack_social_options":{"image_generator_settings":{"template":"highway","default_image_id":0,"font":"","enabled":false},"version":2},"_wpas_customize_per_network":false},"categories":[5],"tags":[],"class_list":["post-192775","post","type-post","status-publish","format-standard","has-post-thumbnail","hentry","category-politica","generate-columns","tablet-grid-50","mobile-grid-100","grid-parent","grid-50"],"jetpack_publicize_connections":[],"jetpack_featured_media_url":"https:\/\/www.hoymercedes.com.ar\/principal\/wp-content\/uploads\/2026\/03\/IMG_9230.jpeg","wps_subtitle":"","jetpack_sharing_enabled":true,"_links":{"self":[{"href":"https:\/\/www.hoymercedes.com.ar\/principal\/wp-json\/wp\/v2\/posts\/192775","targetHints":{"allow":["GET"]}}],"collection":[{"href":"https:\/\/www.hoymercedes.com.ar\/principal\/wp-json\/wp\/v2\/posts"}],"about":[{"href":"https:\/\/www.hoymercedes.com.ar\/principal\/wp-json\/wp\/v2\/types\/post"}],"author":[{"embeddable":true,"href":"https:\/\/www.hoymercedes.com.ar\/principal\/wp-json\/wp\/v2\/users\/1"}],"replies":[{"embeddable":true,"href":"https:\/\/www.hoymercedes.com.ar\/principal\/wp-json\/wp\/v2\/comments?post=192775"}],"version-history":[{"count":1,"href":"https:\/\/www.hoymercedes.com.ar\/principal\/wp-json\/wp\/v2\/posts\/192775\/revisions"}],"predecessor-version":[{"id":192777,"href":"https:\/\/www.hoymercedes.com.ar\/principal\/wp-json\/wp\/v2\/posts\/192775\/revisions\/192777"}],"wp:featuredmedia":[{"embeddable":true,"href":"https:\/\/www.hoymercedes.com.ar\/principal\/wp-json\/wp\/v2\/media\/192776"}],"wp:attachment":[{"href":"https:\/\/www.hoymercedes.com.ar\/principal\/wp-json\/wp\/v2\/media?parent=192775"}],"wp:term":[{"taxonomy":"category","embeddable":true,"href":"https:\/\/www.hoymercedes.com.ar\/principal\/wp-json\/wp\/v2\/categories?post=192775"},{"taxonomy":"post_tag","embeddable":true,"href":"https:\/\/www.hoymercedes.com.ar\/principal\/wp-json\/wp\/v2\/tags?post=192775"}],"curies":[{"name":"wp","href":"https:\/\/api.w.org\/{rel}","templated":true}]}}