{"id":192778,"date":"2026-03-05T11:41:47","date_gmt":"2026-03-05T14:41:47","guid":{"rendered":"https:\/\/www.hoymercedes.com.ar\/principal\/?p=192778"},"modified":"2026-03-04T11:44:30","modified_gmt":"2026-03-04T14:44:30","slug":"convocan-a-conformar-una-red-estrategica-de-comedores-y-merenderos-en-mercedes","status":"publish","type":"post","link":"https:\/\/www.hoymercedes.com.ar\/principal\/2026\/03\/05\/convocan-a-conformar-una-red-estrategica-de-comedores-y-merenderos-en-mercedes\/","title":{"rendered":"Convocan a conformar una red estrat\u00e9gica de comedores y merenderos en Mercedes"},"content":{"rendered":"\n<p>Referentes sociales impulsan en la ciudad de Mercedes la creaci\u00f3n de una red estrat\u00e9gica que articule el trabajo de comedores y merenderos, con el objetivo de fortalecer la organizaci\u00f3n comunitaria y mejorar la asistencia alimentaria en distintos barrios.\u00a0<br><\/p>\n\n\n\n<figure class=\"wp-block-image size-large\"><img loading=\"lazy\" decoding=\"async\" width=\"824\" height=\"1024\" data-attachment-id=\"192779\" data-permalink=\"https:\/\/www.hoymercedes.com.ar\/principal\/2026\/03\/05\/convocan-a-conformar-una-red-estrategica-de-comedores-y-merenderos-en-mercedes\/screenshot-8\/#main\" data-orig-file=\"https:\/\/www.hoymercedes.com.ar\/principal\/wp-content\/uploads\/2026\/03\/IMG_9231.jpeg\" data-orig-size=\"828,1029\" data-comments-opened=\"0\" data-image-meta=\"{&quot;aperture&quot;:&quot;0&quot;,&quot;credit&quot;:&quot;&quot;,&quot;camera&quot;:&quot;&quot;,&quot;caption&quot;:&quot;Screenshot&quot;,&quot;created_timestamp&quot;:&quot;1772624609&quot;,&quot;copyright&quot;:&quot;&quot;,&quot;focal_length&quot;:&quot;0&quot;,&quot;iso&quot;:&quot;0&quot;,&quot;shutter_speed&quot;:&quot;0&quot;,&quot;title&quot;:&quot;Screenshot&quot;,&quot;orientation&quot;:&quot;1&quot;}\" data-image-title=\"Screenshot\" data-image-description=\"\" data-image-caption=\"&lt;p&gt;Screenshot&lt;\/p&gt;\n\" data-large-file=\"https:\/\/www.hoymercedes.com.ar\/principal\/wp-content\/uploads\/2026\/03\/IMG_9231-824x1024.jpeg\" src=\"https:\/\/www.hoymercedes.com.ar\/principal\/wp-content\/uploads\/2026\/03\/IMG_9231-824x1024.jpeg\" alt=\"\" class=\"wp-image-192779\" srcset=\"https:\/\/www.hoymercedes.com.ar\/principal\/wp-content\/uploads\/2026\/03\/IMG_9231-824x1024.jpeg 824w, https:\/\/www.hoymercedes.com.ar\/principal\/wp-content\/uploads\/2026\/03\/IMG_9231-499x620.jpeg 499w, https:\/\/www.hoymercedes.com.ar\/principal\/wp-content\/uploads\/2026\/03\/IMG_9231-121x150.jpeg 121w, https:\/\/www.hoymercedes.com.ar\/principal\/wp-content\/uploads\/2026\/03\/IMG_9231.jpeg 828w\" sizes=\"auto, (max-width: 824px) 100vw, 824px\" \/><figcaption class=\"wp-element-caption\">Screenshot<\/figcaption><\/figure>\n\n\n\n<p>La iniciativa busca reunir a quienes sostienen estos espacios solidarios para intercambiar experiencias, coordinar acciones y avanzar en estrategias comunes que permitan optimizar recursos y ampliar el alcance de la ayuda.&nbsp;<\/p>\n\n\n\n<p>Desde la organizaci\u00f3n remarcaron que el encuentro apunta a construir v\u00ednculos de colaboraci\u00f3n entre los distintos proyectos comunitarios, promoviendo adem\u00e1s la planificaci\u00f3n conjunta frente a las crecientes demandas sociales vinculadas a la alimentaci\u00f3n.&nbsp;<\/p>\n\n\n\n<p>La propuesta est\u00e1 dirigida a referentes de comedores, merenderos y organizaciones barriales, quienes podr\u00e1n sumarse a este espacio de articulaci\u00f3n pensado para fortalecer el trabajo social que diariamente se desarrolla en la ciudad.&nbsp;<\/p>\n\n\n\n<p>Seg\u00fan explicaron, la idea es avanzar en una estructura de trabajo en red que permita mayor coordinaci\u00f3n, visibilidad y acompa\u00f1amiento a las iniciativas solidarias que funcionan en distintos puntos de Mercedes. &nbsp;<\/p>\n","protected":false},"excerpt":{"rendered":"<p>Referentes sociales impulsan en la ciudad de Mercedes la creaci\u00f3n de una red estrat\u00e9gica que articule el trabajo de comedores &#8230; <a title=\"Convocan a conformar una red estrat\u00e9gica de comedores y merenderos en Mercedes\" class=\"read-more\" href=\"https:\/\/www.hoymercedes.com.ar\/principal\/2026\/03\/05\/convocan-a-conformar-una-red-estrategica-de-comedores-y-merenderos-en-mercedes\/\" aria-label=\"Leer m\u00e1s sobre Convocan a conformar una red estrat\u00e9gica de comedores y merenderos en Mercedes\">Leer m\u00e1s<\/a><\/p>\n","protected":false},"author":1,"featured_media":192779,"comment_status":"closed","ping_status":"open","sticky":false,"template":"","format":"standard","meta":{"_monsterinsights_skip_tracking":false,"_monsterinsights_sitenote_active":false,"_monsterinsights_sitenote_note":"","_monsterinsights_sitenote_category":0,"jetpack_post_was_ever_published":false,"_jetpack_newsletter_access":"","_jetpack_dont_email_post_to_subs":false,"_jetpack_newsletter_tier_id":0,"_jetpack_memberships_contains_paywalled_content":false,"_jetpack_memberships_contains_paid_content":false,"footnotes":"","jetpack_publicize_message":"","jetpack_publicize_feature_enabled":true,"jetpack_social_post_already_shared":true,"jetpack_social_options":{"image_generator_settings":{"template":"highway","default_image_id":0,"font":"","enabled":false},"version":2},"_wpas_customize_per_network":false},"categories":[8],"tags":[],"class_list":["post-192778","post","type-post","status-publish","format-standard","has-post-thumbnail","hentry","category-sociedad","generate-columns","tablet-grid-50","mobile-grid-100","grid-parent","grid-50"],"jetpack_publicize_connections":[],"jetpack_featured_media_url":"https:\/\/www.hoymercedes.com.ar\/principal\/wp-content\/uploads\/2026\/03\/IMG_9231.jpeg","wps_subtitle":"","jetpack_sharing_enabled":true,"_links":{"self":[{"href":"https:\/\/www.hoymercedes.com.ar\/principal\/wp-json\/wp\/v2\/posts\/192778","targetHints":{"allow":["GET"]}}],"collection":[{"href":"https:\/\/www.hoymercedes.com.ar\/principal\/wp-json\/wp\/v2\/posts"}],"about":[{"href":"https:\/\/www.hoymercedes.com.ar\/principal\/wp-json\/wp\/v2\/types\/post"}],"author":[{"embeddable":true,"href":"https:\/\/www.hoymercedes.com.ar\/principal\/wp-json\/wp\/v2\/users\/1"}],"replies":[{"embeddable":true,"href":"https:\/\/www.hoymercedes.com.ar\/principal\/wp-json\/wp\/v2\/comments?post=192778"}],"version-history":[{"count":1,"href":"https:\/\/www.hoymercedes.com.ar\/principal\/wp-json\/wp\/v2\/posts\/192778\/revisions"}],"predecessor-version":[{"id":192780,"href":"https:\/\/www.hoymercedes.com.ar\/principal\/wp-json\/wp\/v2\/posts\/192778\/revisions\/192780"}],"wp:featuredmedia":[{"embeddable":true,"href":"https:\/\/www.hoymercedes.com.ar\/principal\/wp-json\/wp\/v2\/media\/192779"}],"wp:attachment":[{"href":"https:\/\/www.hoymercedes.com.ar\/principal\/wp-json\/wp\/v2\/media?parent=192778"}],"wp:term":[{"taxonomy":"category","embeddable":true,"href":"https:\/\/www.hoymercedes.com.ar\/principal\/wp-json\/wp\/v2\/categories?post=192778"},{"taxonomy":"post_tag","embeddable":true,"href":"https:\/\/www.hoymercedes.com.ar\/principal\/wp-json\/wp\/v2\/tags?post=192778"}],"curies":[{"name":"wp","href":"https:\/\/api.w.org\/{rel}","templated":true}]}}