{"id":192781,"date":"2026-03-05T13:54:00","date_gmt":"2026-03-05T16:54:00","guid":{"rendered":"https:\/\/www.hoymercedes.com.ar\/principal\/?p=192781"},"modified":"2026-03-04T11:57:39","modified_gmt":"2026-03-04T14:57:39","slug":"martin-gioscio-lider-tras-la-quinta-ronda-del-torneo-de-ajedrez","status":"publish","type":"post","link":"https:\/\/www.hoymercedes.com.ar\/principal\/2026\/03\/05\/martin-gioscio-lider-tras-la-quinta-ronda-del-torneo-de-ajedrez\/","title":{"rendered":"Mart\u00edn Gioscio l\u00edder tras la quinta ronda del torneo de ajedrez"},"content":{"rendered":"\n<p>El Torneo Abierto Cl\u00e1sico de Verano de ajedrez comenz\u00f3 a transitar su etapa decisiva luego de disputarse el domingo 1 de marzo la quinta ronda, que tuvo lugar en las instalaciones de la Biblioteca Museo Jos\u00e9 Manuel Estrada, en la ciudad de Suipacha. La jornada estuvo marcada por partidas intensas y definiciones ajustadas en el reloj.\u00a0<br><\/p>\n\n\n\n<figure class=\"wp-block-image size-full\"><img loading=\"lazy\" decoding=\"async\" width=\"414\" height=\"380\" data-attachment-id=\"192782\" data-permalink=\"https:\/\/www.hoymercedes.com.ar\/principal\/2026\/03\/05\/martin-gioscio-lider-tras-la-quinta-ronda-del-torneo-de-ajedrez\/img_9232\/#main\" data-orig-file=\"https:\/\/www.hoymercedes.com.ar\/principal\/wp-content\/uploads\/2026\/03\/IMG_9232.png\" data-orig-size=\"414,380\" data-comments-opened=\"0\" data-image-meta=\"{&quot;aperture&quot;:&quot;0&quot;,&quot;credit&quot;:&quot;&quot;,&quot;camera&quot;:&quot;&quot;,&quot;caption&quot;:&quot;&quot;,&quot;created_timestamp&quot;:&quot;0&quot;,&quot;copyright&quot;:&quot;&quot;,&quot;focal_length&quot;:&quot;0&quot;,&quot;iso&quot;:&quot;0&quot;,&quot;shutter_speed&quot;:&quot;0&quot;,&quot;title&quot;:&quot;&quot;,&quot;orientation&quot;:&quot;0&quot;}\" data-image-title=\"IMG_9232\" data-image-description=\"\" data-image-caption=\"\" data-large-file=\"https:\/\/www.hoymercedes.com.ar\/principal\/wp-content\/uploads\/2026\/03\/IMG_9232.png\" src=\"https:\/\/www.hoymercedes.com.ar\/principal\/wp-content\/uploads\/2026\/03\/IMG_9232.png\" alt=\"\" class=\"wp-image-192782\" srcset=\"https:\/\/www.hoymercedes.com.ar\/principal\/wp-content\/uploads\/2026\/03\/IMG_9232.png 414w, https:\/\/www.hoymercedes.com.ar\/principal\/wp-content\/uploads\/2026\/03\/IMG_9232-150x138.png 150w\" sizes=\"auto, (max-width: 414px) 100vw, 414px\" \/><\/figure>\n\n\n\n<p>En ese contexto, el mercedino Mart\u00edn Gioscio logr\u00f3 sostener el liderazgo del certamen al llegar a 4,5 puntos sobre 5 posibles. El resultado se dio tras firmar tablas frente al Maestro FIDE Guillermo Poch, tambi\u00e9n de Mercedes, en uno de los enfrentamientos destacados de la jornada.&nbsp;<\/p>\n\n\n\n<p>La competencia muestra una gran paridad y mantiene la expectativa de cara al cierre. Detr\u00e1s del l\u00edder quedaron Jorge Gioscio y Francisco Viola, quienes alcanzaron 4 puntos y comparten el segundo lugar luego de sus triunfos frente a Adriano Imbriaco y Yamila Abalo, respectivamente. Ambos se ubican a solo medio punto de la cima cuando resta disputarse la \u00faltima fecha.&nbsp;<\/p>\n\n\n\n<p>En el grupo que sigue de cerca a los primeros puestos aparecen Marcelo S\u00e1nchez (Jun\u00edn) y Guillermo Poch, cada uno con 3,5 unidades, lo que todav\u00eda les permite mantener chances matem\u00e1ticas de subir al podio. Entre otros resultados destacados, Alejandro Altieri super\u00f3 a Federico Pucciarelli, mientras que Rafaela Florit se impuso ante Guillermo Pfeiffer, reflejando el buen nivel de ajedrecistas provenientes de ciudades como Mercedes, Jun\u00edn, Chivilcoy y Rufino.&nbsp;<\/p>\n\n\n\n<p>El certamen, que re\u00fane a destacados exponentes del ajedrez regional bajo formato de juego cl\u00e1sico, tendr\u00e1 su definici\u00f3n el domingo 8 de marzo, cuando se dispute la sexta y \u00faltima ronda. El duelo principal ser\u00e1 el que enfrente al l\u00edder Mart\u00edn Gioscio con el escolta Francisco Viola, una partida que podr\u00eda determinar al campe\u00f3n de la competencia estival.&nbsp;<\/p>\n\n\n\n<p>Principales posiciones tras la quinta ronda<\/p>\n\n\n\n<ul class=\"wp-block-list\">\n<li>1\u00b0 Mart\u00edn Gioscio (Mercedes): 4,5 puntos<\/li>\n\n\n\n<li>2\u00b0 Jorge Gioscio (Mercedes): 4 puntos<\/li>\n\n\n\n<li>2\u00b0 Francisco Viola (Mercedes): 4 puntos<\/li>\n\n\n\n<li>3\u00b0 Marcelo S\u00e1nchez (Jun\u00edn): 3,5 puntos<\/li>\n\n\n\n<li>3\u00b0 MF Guillermo Poch (Mercedes): 3,5 puntos \u00a0<\/li>\n<\/ul>\n\n\n\n<p>Partidas destacadas de la sexta ronda (8 de marzo)<\/p>\n\n\n\n<ul class=\"wp-block-list\">\n<li>Francisco Viola vs. Mart\u00edn Gioscio<\/li>\n\n\n\n<li>Marcelo S\u00e1nchez vs. Jorge Gioscio<\/li>\n\n\n\n<li>MF Guillermo Poch vs. Rafaela Florit<\/li>\n<\/ul>\n","protected":false},"excerpt":{"rendered":"<p>El Torneo Abierto Cl\u00e1sico de Verano de ajedrez comenz\u00f3 a transitar su etapa decisiva luego de disputarse el domingo 1 &#8230; <a title=\"Mart\u00edn Gioscio l\u00edder tras la quinta ronda del torneo de ajedrez\" class=\"read-more\" href=\"https:\/\/www.hoymercedes.com.ar\/principal\/2026\/03\/05\/martin-gioscio-lider-tras-la-quinta-ronda-del-torneo-de-ajedrez\/\" aria-label=\"Leer m\u00e1s sobre Mart\u00edn Gioscio l\u00edder tras la quinta ronda del torneo de ajedrez\">Leer m\u00e1s<\/a><\/p>\n","protected":false},"author":1,"featured_media":192782,"comment_status":"closed","ping_status":"open","sticky":false,"template":"","format":"standard","meta":{"_monsterinsights_skip_tracking":false,"_monsterinsights_sitenote_active":false,"_monsterinsights_sitenote_note":"","_monsterinsights_sitenote_category":0,"jetpack_post_was_ever_published":false,"_jetpack_newsletter_access":"","_jetpack_dont_email_post_to_subs":false,"_jetpack_newsletter_tier_id":0,"_jetpack_memberships_contains_paywalled_content":false,"_jetpack_memberships_contains_paid_content":false,"footnotes":"","jetpack_publicize_message":"","jetpack_publicize_feature_enabled":true,"jetpack_social_post_already_shared":true,"jetpack_social_options":{"image_generator_settings":{"template":"highway","default_image_id":0,"font":"","enabled":false},"version":2},"_wpas_customize_per_network":false},"categories":[21],"tags":[],"class_list":["post-192781","post","type-post","status-publish","format-standard","has-post-thumbnail","hentry","category-deportes","generate-columns","tablet-grid-50","mobile-grid-100","grid-parent","grid-50"],"jetpack_publicize_connections":[],"jetpack_featured_media_url":"https:\/\/www.hoymercedes.com.ar\/principal\/wp-content\/uploads\/2026\/03\/IMG_9232.png","wps_subtitle":"","jetpack_sharing_enabled":true,"_links":{"self":[{"href":"https:\/\/www.hoymercedes.com.ar\/principal\/wp-json\/wp\/v2\/posts\/192781","targetHints":{"allow":["GET"]}}],"collection":[{"href":"https:\/\/www.hoymercedes.com.ar\/principal\/wp-json\/wp\/v2\/posts"}],"about":[{"href":"https:\/\/www.hoymercedes.com.ar\/principal\/wp-json\/wp\/v2\/types\/post"}],"author":[{"embeddable":true,"href":"https:\/\/www.hoymercedes.com.ar\/principal\/wp-json\/wp\/v2\/users\/1"}],"replies":[{"embeddable":true,"href":"https:\/\/www.hoymercedes.com.ar\/principal\/wp-json\/wp\/v2\/comments?post=192781"}],"version-history":[{"count":1,"href":"https:\/\/www.hoymercedes.com.ar\/principal\/wp-json\/wp\/v2\/posts\/192781\/revisions"}],"predecessor-version":[{"id":192783,"href":"https:\/\/www.hoymercedes.com.ar\/principal\/wp-json\/wp\/v2\/posts\/192781\/revisions\/192783"}],"wp:featuredmedia":[{"embeddable":true,"href":"https:\/\/www.hoymercedes.com.ar\/principal\/wp-json\/wp\/v2\/media\/192782"}],"wp:attachment":[{"href":"https:\/\/www.hoymercedes.com.ar\/principal\/wp-json\/wp\/v2\/media?parent=192781"}],"wp:term":[{"taxonomy":"category","embeddable":true,"href":"https:\/\/www.hoymercedes.com.ar\/principal\/wp-json\/wp\/v2\/categories?post=192781"},{"taxonomy":"post_tag","embeddable":true,"href":"https:\/\/www.hoymercedes.com.ar\/principal\/wp-json\/wp\/v2\/tags?post=192781"}],"curies":[{"name":"wp","href":"https:\/\/api.w.org\/{rel}","templated":true}]}}