{"id":192784,"date":"2026-03-04T15:01:00","date_gmt":"2026-03-04T18:01:00","guid":{"rendered":"https:\/\/www.hoymercedes.com.ar\/principal\/?p=192784"},"modified":"2026-03-04T12:08:13","modified_gmt":"2026-03-04T15:08:13","slug":"hoy-comienza-el-senior-40-de-la-liga-mercedina","status":"publish","type":"post","link":"https:\/\/www.hoymercedes.com.ar\/principal\/2026\/03\/04\/hoy-comienza-el-senior-40-de-la-liga-mercedina\/","title":{"rendered":"Hoy comienza el Senior +40 de la Liga Mercedina"},"content":{"rendered":"\n<p>Empieza a rodar la pelota en la temporada 2026 en la Liga Mercedina de F\u00fatbol con el torneo Senior +40, certamen que lleva ya varios a\u00f1os jug\u00e1ndose en forma ininterrumpida.<\/p>\n\n\n\n<figure class=\"wp-block-image size-full\"><img loading=\"lazy\" decoding=\"async\" width=\"640\" height=\"427\" data-attachment-id=\"192785\" data-permalink=\"https:\/\/www.hoymercedes.com.ar\/principal\/2026\/03\/04\/hoy-comienza-el-senior-40-de-la-liga-mercedina\/img_9233\/#main\" data-orig-file=\"https:\/\/www.hoymercedes.com.ar\/principal\/wp-content\/uploads\/2026\/03\/IMG_9233.png\" data-orig-size=\"640,427\" data-comments-opened=\"0\" data-image-meta=\"{&quot;aperture&quot;:&quot;0&quot;,&quot;credit&quot;:&quot;&quot;,&quot;camera&quot;:&quot;&quot;,&quot;caption&quot;:&quot;&quot;,&quot;created_timestamp&quot;:&quot;0&quot;,&quot;copyright&quot;:&quot;&quot;,&quot;focal_length&quot;:&quot;0&quot;,&quot;iso&quot;:&quot;0&quot;,&quot;shutter_speed&quot;:&quot;0&quot;,&quot;title&quot;:&quot;&quot;,&quot;orientation&quot;:&quot;0&quot;}\" data-image-title=\"IMG_9233\" data-image-description=\"\" data-image-caption=\"\" data-large-file=\"https:\/\/www.hoymercedes.com.ar\/principal\/wp-content\/uploads\/2026\/03\/IMG_9233.png\" src=\"https:\/\/www.hoymercedes.com.ar\/principal\/wp-content\/uploads\/2026\/03\/IMG_9233.png\" alt=\"\" class=\"wp-image-192785\" srcset=\"https:\/\/www.hoymercedes.com.ar\/principal\/wp-content\/uploads\/2026\/03\/IMG_9233.png 640w, https:\/\/www.hoymercedes.com.ar\/principal\/wp-content\/uploads\/2026\/03\/IMG_9233-630x420.png 630w, https:\/\/www.hoymercedes.com.ar\/principal\/wp-content\/uploads\/2026\/03\/IMG_9233-150x100.png 150w\" sizes=\"auto, (max-width: 640px) 100vw, 640px\" \/><\/figure>\n\n\n\n<p>El sistema de juego ser\u00e1 en dos zonas, clasific\u00e1ndose los primeros cuatro de cada una, ser\u00e1 tras jugar partidos de ida y vuelta. Luego vendr\u00e1n los cruces.<\/p>\n\n\n\n<p><strong>Zona A:<\/strong>&nbsp;Sportivo Belgrano, Club Estudiantes, El Front\u00f3n (San Andr\u00e9s de Giles), Club Trocha, Club Quilmes, Holanda y Defensores Juniors.<\/p>\n\n\n\n<p><strong>Zona B:<\/strong>&nbsp;Palometas FC, Carteros FC, Club Uni\u00f3n, Costa Brava (Suipacha), Deportivo Gowland, San Bernardo (San Andr\u00e9s de Giles) y Club Mercedes.<\/p>\n\n\n\n<p><strong>Fecha 1<br>Mi\u00e9rcoles 04\/03\/2026<\/strong><\/p>\n\n\n\n<p><strong>Cancha<\/strong>&nbsp;Defensores Jrs.<br>21.30 hs. Sportivo Belgrano \u2013 Estudiantes.<\/p>\n\n\n\n<p><strong>Cancha<\/strong>&nbsp;El Front\u00f3n.<br>21.30 hs. El Front\u00f3n \u2013 Trocha.<\/p>\n\n\n\n<p><strong>Cancha<\/strong>&nbsp;Quilmes.<br>21 hs. Quilmes \u2013 Holanda.<\/p>\n\n\n\n<p><strong>Cancha<\/strong>&nbsp;Palometas.<br>21 hs. Palometas \u2013 Carteros.<\/p>\n\n\n\n<p><strong>Cancha<\/strong>&nbsp;Uni\u00f3n.<br>21 hs.Uni\u00f3n \u2013 Costa Brava.<\/p>\n\n\n\n<p><strong>Cancha<\/strong>&nbsp;Deportivo Gowland.<br>21 hs. Deportivo Gowland \u2013 San Bernardo.<\/p>\n","protected":false},"excerpt":{"rendered":"<p>Empieza a rodar la pelota en la temporada 2026 en la Liga Mercedina de F\u00fatbol con el torneo Senior +40, &#8230; <a title=\"Hoy comienza el Senior +40 de la Liga Mercedina\" class=\"read-more\" href=\"https:\/\/www.hoymercedes.com.ar\/principal\/2026\/03\/04\/hoy-comienza-el-senior-40-de-la-liga-mercedina\/\" aria-label=\"Leer m\u00e1s sobre Hoy comienza el Senior +40 de la Liga Mercedina\">Leer m\u00e1s<\/a><\/p>\n","protected":false},"author":1,"featured_media":192785,"comment_status":"closed","ping_status":"open","sticky":false,"template":"","format":"standard","meta":{"_monsterinsights_skip_tracking":false,"_monsterinsights_sitenote_active":false,"_monsterinsights_sitenote_note":"","_monsterinsights_sitenote_category":0,"jetpack_post_was_ever_published":false,"_jetpack_newsletter_access":"","_jetpack_dont_email_post_to_subs":false,"_jetpack_newsletter_tier_id":0,"_jetpack_memberships_contains_paywalled_content":false,"_jetpack_memberships_contains_paid_content":false,"footnotes":"","jetpack_publicize_message":"","jetpack_publicize_feature_enabled":true,"jetpack_social_post_already_shared":true,"jetpack_social_options":{"image_generator_settings":{"template":"highway","default_image_id":0,"font":"","enabled":false},"version":2},"_wpas_customize_per_network":false},"categories":[21],"tags":[],"class_list":["post-192784","post","type-post","status-publish","format-standard","has-post-thumbnail","hentry","category-deportes","generate-columns","tablet-grid-50","mobile-grid-100","grid-parent","grid-50"],"jetpack_publicize_connections":[],"jetpack_featured_media_url":"https:\/\/www.hoymercedes.com.ar\/principal\/wp-content\/uploads\/2026\/03\/IMG_9233.png","wps_subtitle":"","jetpack_sharing_enabled":true,"_links":{"self":[{"href":"https:\/\/www.hoymercedes.com.ar\/principal\/wp-json\/wp\/v2\/posts\/192784","targetHints":{"allow":["GET"]}}],"collection":[{"href":"https:\/\/www.hoymercedes.com.ar\/principal\/wp-json\/wp\/v2\/posts"}],"about":[{"href":"https:\/\/www.hoymercedes.com.ar\/principal\/wp-json\/wp\/v2\/types\/post"}],"author":[{"embeddable":true,"href":"https:\/\/www.hoymercedes.com.ar\/principal\/wp-json\/wp\/v2\/users\/1"}],"replies":[{"embeddable":true,"href":"https:\/\/www.hoymercedes.com.ar\/principal\/wp-json\/wp\/v2\/comments?post=192784"}],"version-history":[{"count":1,"href":"https:\/\/www.hoymercedes.com.ar\/principal\/wp-json\/wp\/v2\/posts\/192784\/revisions"}],"predecessor-version":[{"id":192786,"href":"https:\/\/www.hoymercedes.com.ar\/principal\/wp-json\/wp\/v2\/posts\/192784\/revisions\/192786"}],"wp:featuredmedia":[{"embeddable":true,"href":"https:\/\/www.hoymercedes.com.ar\/principal\/wp-json\/wp\/v2\/media\/192785"}],"wp:attachment":[{"href":"https:\/\/www.hoymercedes.com.ar\/principal\/wp-json\/wp\/v2\/media?parent=192784"}],"wp:term":[{"taxonomy":"category","embeddable":true,"href":"https:\/\/www.hoymercedes.com.ar\/principal\/wp-json\/wp\/v2\/categories?post=192784"},{"taxonomy":"post_tag","embeddable":true,"href":"https:\/\/www.hoymercedes.com.ar\/principal\/wp-json\/wp\/v2\/tags?post=192784"}],"curies":[{"name":"wp","href":"https:\/\/api.w.org\/{rel}","templated":true}]}}