{"id":192791,"date":"2026-03-05T15:23:00","date_gmt":"2026-03-05T18:23:00","guid":{"rendered":"https:\/\/www.hoymercedes.com.ar\/principal\/?p=192791"},"modified":"2026-03-04T12:25:28","modified_gmt":"2026-03-04T15:25:28","slug":"tomas-pomi-pescio-se-corona-campeon-del-abierto-de-chivilcoy-en-una-final-epica","status":"publish","type":"post","link":"https:\/\/www.hoymercedes.com.ar\/principal\/2026\/03\/05\/tomas-pomi-pescio-se-corona-campeon-del-abierto-de-chivilcoy-en-una-final-epica\/","title":{"rendered":"Tom\u00e1s \u00abPomi\u00bb Pescio se corona campe\u00f3n del Abierto de Chivilcoy en una final \u00e9pica"},"content":{"rendered":"\n<p>El esfuerzo y la disciplina dieron sus frutos en el arranque del calendario ten\u00edstico. Tom\u00e1s \u00abPomi\u00bb Pescio se consagr\u00f3 campe\u00f3n del Abierto de Chivilcoy, organizado por la Asociaci\u00f3n de Tenis del Oeste de la Provincia de Buenos Aires (ATOBA), en la categor\u00eda Sub-16.<\/p>\n\n\n\n<figure class=\"wp-block-image size-full\"><img loading=\"lazy\" decoding=\"async\" width=\"414\" height=\"306\" data-attachment-id=\"192792\" data-permalink=\"https:\/\/www.hoymercedes.com.ar\/principal\/2026\/03\/05\/tomas-pomi-pescio-se-corona-campeon-del-abierto-de-chivilcoy-en-una-final-epica\/image-281\/#main\" data-orig-file=\"https:\/\/www.hoymercedes.com.ar\/principal\/wp-content\/uploads\/2026\/03\/image-10.png\" data-orig-size=\"414,306\" data-comments-opened=\"0\" data-image-meta=\"{&quot;aperture&quot;:&quot;0&quot;,&quot;credit&quot;:&quot;&quot;,&quot;camera&quot;:&quot;&quot;,&quot;caption&quot;:&quot;&quot;,&quot;created_timestamp&quot;:&quot;0&quot;,&quot;copyright&quot;:&quot;&quot;,&quot;focal_length&quot;:&quot;0&quot;,&quot;iso&quot;:&quot;0&quot;,&quot;shutter_speed&quot;:&quot;0&quot;,&quot;title&quot;:&quot;&quot;,&quot;orientation&quot;:&quot;0&quot;}\" data-image-title=\"image\" data-image-description=\"\" data-image-caption=\"\" data-large-file=\"https:\/\/www.hoymercedes.com.ar\/principal\/wp-content\/uploads\/2026\/03\/image-10.png\" src=\"https:\/\/www.hoymercedes.com.ar\/principal\/wp-content\/uploads\/2026\/03\/image-10.png\" alt=\"\" class=\"wp-image-192792\" srcset=\"https:\/\/www.hoymercedes.com.ar\/principal\/wp-content\/uploads\/2026\/03\/image-10.png 414w, https:\/\/www.hoymercedes.com.ar\/principal\/wp-content\/uploads\/2026\/03\/image-10-150x111.png 150w\" sizes=\"auto, (max-width: 414px) 100vw, 414px\" \/><\/figure>\n\n\n\n<p>El t\u00edtulo llega como una validaci\u00f3n directa a su exigente preparaci\u00f3n de pretemporada, donde el joven atleta mantuvo una rutina de cinco horas diarias de entrenamiento de alto rendimiento.<\/p>\n\n\n\n<p>La definici\u00f3n del torneo quedar\u00e1 en el recuerdo por su dramatismo. Pescio se enfrent\u00f3 a una final de alto voltaje que se extendi\u00f3 hasta las \u00faltimas instancias. Tras ganar el primer set por 6-3 y ceder el segundo por 3-6, el encuentro se defini\u00f3 en un super tie-break para el infarto.<\/p>\n\n\n\n<p>Pescio demostr\u00f3 una notable fortaleza mental al levantar tres match points en contra, terminando por sellar su victoria con un ajustado 14-12. Esta capacidad de resiliencia fue la clave para inclinar la balanza a su favor en un duelo donde la paridad t\u00e9cnica fue la protagonista.<\/p>\n\n\n\n<p><strong>Camino al t\u00edtulo<\/strong><\/p>\n\n\n\n<p>Para llegar a la instancia definitiva, \u00abPomi\u00bb exhibi\u00f3 un tenis s\u00f3lido y vers\u00e1til a lo largo de todo el cuadro:<\/p>\n\n\n\n<p>* Octavos de final: Un debut arrollador con un doble 6-0 frente a Bastian Pastor.<\/p>\n\n\n\n<p>* Cuartos de final: Super\u00f3 una situaci\u00f3n adversa ante Joaqu\u00edn Carew, remontando un 2-6 para terminar ganando 6-1 y 10-2 en el tie-break.<\/p>\n\n\n\n<p>* Semifinales: Domin\u00f3 con autoridad a Armen Maritosyan con un marcador de 6-2 y 6-3.<\/p>\n\n\n\n<p>B<strong>ase del \u00e9xito: Trabajo y disciplina<\/strong><\/p>\n\n\n\n<p>Este triunfo no es casualidad. El entorno del jugador destac\u00f3 que el logro es el resultado de una pretemporada de 5 horas diarias que combin\u00f3 t\u00e9cnica de tenis, trabajos de gimnasio y una rigurosa preparaci\u00f3n f\u00edsica. Este acondicionamiento previo fue fundamental para que el juvenil mantuviera la intensidad en los momentos cr\u00edticos del torneo.<\/p>\n\n\n\n<p>Con este trofeo en sus vitrinas, Pescio inicia el a\u00f1o en lo m\u00e1s alto del podio, proyect\u00e1ndose como uno de los nombres a seguir dentro del circuito de ATOBA durante la presente temporada.<\/p>\n","protected":false},"excerpt":{"rendered":"<p>El esfuerzo y la disciplina dieron sus frutos en el arranque del calendario ten\u00edstico. Tom\u00e1s \u00abPomi\u00bb Pescio se consagr\u00f3 campe\u00f3n &#8230; <a title=\"Tom\u00e1s \u00abPomi\u00bb Pescio se corona campe\u00f3n del Abierto de Chivilcoy en una final \u00e9pica\" class=\"read-more\" href=\"https:\/\/www.hoymercedes.com.ar\/principal\/2026\/03\/05\/tomas-pomi-pescio-se-corona-campeon-del-abierto-de-chivilcoy-en-una-final-epica\/\" aria-label=\"Leer m\u00e1s sobre Tom\u00e1s \u00abPomi\u00bb Pescio se corona campe\u00f3n del Abierto de Chivilcoy en una final \u00e9pica\">Leer m\u00e1s<\/a><\/p>\n","protected":false},"author":1,"featured_media":192792,"comment_status":"closed","ping_status":"open","sticky":false,"template":"","format":"standard","meta":{"_monsterinsights_skip_tracking":false,"_monsterinsights_sitenote_active":false,"_monsterinsights_sitenote_note":"","_monsterinsights_sitenote_category":0,"jetpack_post_was_ever_published":false,"_jetpack_newsletter_access":"","_jetpack_dont_email_post_to_subs":false,"_jetpack_newsletter_tier_id":0,"_jetpack_memberships_contains_paywalled_content":false,"_jetpack_memberships_contains_paid_content":false,"footnotes":"","jetpack_publicize_message":"","jetpack_publicize_feature_enabled":true,"jetpack_social_post_already_shared":true,"jetpack_social_options":{"image_generator_settings":{"template":"highway","default_image_id":0,"font":"","enabled":false},"version":2},"_wpas_customize_per_network":false},"categories":[21],"tags":[],"class_list":["post-192791","post","type-post","status-publish","format-standard","has-post-thumbnail","hentry","category-deportes","generate-columns","tablet-grid-50","mobile-grid-100","grid-parent","grid-50"],"jetpack_publicize_connections":[],"jetpack_featured_media_url":"https:\/\/www.hoymercedes.com.ar\/principal\/wp-content\/uploads\/2026\/03\/image-10.png","wps_subtitle":"","jetpack_sharing_enabled":true,"_links":{"self":[{"href":"https:\/\/www.hoymercedes.com.ar\/principal\/wp-json\/wp\/v2\/posts\/192791","targetHints":{"allow":["GET"]}}],"collection":[{"href":"https:\/\/www.hoymercedes.com.ar\/principal\/wp-json\/wp\/v2\/posts"}],"about":[{"href":"https:\/\/www.hoymercedes.com.ar\/principal\/wp-json\/wp\/v2\/types\/post"}],"author":[{"embeddable":true,"href":"https:\/\/www.hoymercedes.com.ar\/principal\/wp-json\/wp\/v2\/users\/1"}],"replies":[{"embeddable":true,"href":"https:\/\/www.hoymercedes.com.ar\/principal\/wp-json\/wp\/v2\/comments?post=192791"}],"version-history":[{"count":1,"href":"https:\/\/www.hoymercedes.com.ar\/principal\/wp-json\/wp\/v2\/posts\/192791\/revisions"}],"predecessor-version":[{"id":192793,"href":"https:\/\/www.hoymercedes.com.ar\/principal\/wp-json\/wp\/v2\/posts\/192791\/revisions\/192793"}],"wp:featuredmedia":[{"embeddable":true,"href":"https:\/\/www.hoymercedes.com.ar\/principal\/wp-json\/wp\/v2\/media\/192792"}],"wp:attachment":[{"href":"https:\/\/www.hoymercedes.com.ar\/principal\/wp-json\/wp\/v2\/media?parent=192791"}],"wp:term":[{"taxonomy":"category","embeddable":true,"href":"https:\/\/www.hoymercedes.com.ar\/principal\/wp-json\/wp\/v2\/categories?post=192791"},{"taxonomy":"post_tag","embeddable":true,"href":"https:\/\/www.hoymercedes.com.ar\/principal\/wp-json\/wp\/v2\/tags?post=192791"}],"curies":[{"name":"wp","href":"https:\/\/api.w.org\/{rel}","templated":true}]}}