{"id":192794,"date":"2026-03-05T16:26:00","date_gmt":"2026-03-05T19:26:00","guid":{"rendered":"https:\/\/www.hoymercedes.com.ar\/principal\/?p=192794"},"modified":"2026-03-04T12:28:32","modified_gmt":"2026-03-04T15:28:32","slug":"felix-russo-y-federico-laresca-los-mejores-del-tenis-de-mesa","status":"publish","type":"post","link":"https:\/\/www.hoymercedes.com.ar\/principal\/2026\/03\/05\/felix-russo-y-federico-laresca-los-mejores-del-tenis-de-mesa\/","title":{"rendered":"Felix Russo y Federico Laresca los mejores del tenis de mesa"},"content":{"rendered":"\n<p>El pasado viernes 27 de febrero, las instalaciones del predio deportivo&nbsp;<strong>Mart\u00edn Rodr\u00edguez<\/strong>&nbsp;fueron el escenario del primer certamen del a\u00f1o organizado por la&nbsp;<strong>Escuela Municipal de Tenis de Mesa<\/strong>. El evento no solo marc\u00f3 el cierre de la temporada de verano, sino que cumpli\u00f3 un rol solidario clave: todo lo recaudado fue destinado a costear la participaci\u00f3n de los atletas mercedinos en la primera fecha del&nbsp;<strong>Circuito Nacional de Tenis de Mesa Adaptado<\/strong>, que se disputar\u00e1 este domingo en el CEDIMA de San Justo.<\/p>\n\n\n\n<figure class=\"wp-block-image size-full\"><img loading=\"lazy\" decoding=\"async\" width=\"414\" height=\"332\" data-attachment-id=\"192795\" data-permalink=\"https:\/\/www.hoymercedes.com.ar\/principal\/2026\/03\/05\/felix-russo-y-federico-laresca-los-mejores-del-tenis-de-mesa\/image-282\/#main\" data-orig-file=\"https:\/\/www.hoymercedes.com.ar\/principal\/wp-content\/uploads\/2026\/03\/image-11.png\" data-orig-size=\"414,332\" data-comments-opened=\"0\" data-image-meta=\"{&quot;aperture&quot;:&quot;0&quot;,&quot;credit&quot;:&quot;&quot;,&quot;camera&quot;:&quot;&quot;,&quot;caption&quot;:&quot;&quot;,&quot;created_timestamp&quot;:&quot;0&quot;,&quot;copyright&quot;:&quot;&quot;,&quot;focal_length&quot;:&quot;0&quot;,&quot;iso&quot;:&quot;0&quot;,&quot;shutter_speed&quot;:&quot;0&quot;,&quot;title&quot;:&quot;&quot;,&quot;orientation&quot;:&quot;0&quot;}\" data-image-title=\"image\" data-image-description=\"\" data-image-caption=\"\" data-large-file=\"https:\/\/www.hoymercedes.com.ar\/principal\/wp-content\/uploads\/2026\/03\/image-11.png\" src=\"https:\/\/www.hoymercedes.com.ar\/principal\/wp-content\/uploads\/2026\/03\/image-11.png\" alt=\"\" class=\"wp-image-192795\" srcset=\"https:\/\/www.hoymercedes.com.ar\/principal\/wp-content\/uploads\/2026\/03\/image-11.png 414w, https:\/\/www.hoymercedes.com.ar\/principal\/wp-content\/uploads\/2026\/03\/image-11-150x120.png 150w\" sizes=\"auto, (max-width: 414px) 100vw, 414px\" \/><\/figure>\n\n\n\n<p>La competencia cont\u00f3 con una nutrida concurrencia de deportistas locales y representantes de las ciudades de&nbsp;<strong>Luj\u00e1n, Suipacha y Chivilcoy<\/strong>, quienes se midieron en dos categor\u00edas bajo un clima de camarader\u00eda y alto nivel t\u00e9cnico.<\/p>\n\n\n\n<p><strong>Los protagonistas<br><\/strong>En la categor\u00eda&nbsp;<strong>Primera<\/strong>, el mercedino&nbsp;<strong>F\u00e9lix Javier Russo<\/strong>&nbsp;se alz\u00f3 con el trofeo mayor tras una s\u00f3lida actuaci\u00f3n. Por su parte, la&nbsp;<strong>Segunda Divisi\u00f3n<\/strong>&nbsp;qued\u00f3 en manos de&nbsp;<strong>Federico Laresca<\/strong>, consolidando el gran momento que atraviesan los jugadores de la escuela local.<\/p>\n\n\n\n<p>A continuaci\u00f3n, se detallan los podios de ambas categor\u00edas:<\/p>\n\n\n\n<figure class=\"wp-block-table\"><table class=\"has-fixed-layout\"><thead><tr><td><strong>Posici\u00f3n<\/strong><\/td><td><strong>Primera Divisi\u00f3n<\/strong><\/td><td><strong>Segunda Divisi\u00f3n<\/strong><\/td><\/tr><\/thead><tbody><tr><td><strong>1\u00b0 Puesto<\/strong><\/td><td><strong>F\u00e9lix Javier Russo<\/strong>(Mercedes)<\/td><td><strong>Federico Laresca<\/strong><\/td><\/tr><tr><td><strong>2\u00b0 Puesto<\/strong><\/td><td>Dar\u00edo Dellafontana (Suipacha)<\/td><td>Mateo Medrano<\/td><\/tr><tr><td><strong>3\u00b0 Puesto<\/strong><\/td><td>Luciano Bozzuto (Chivilcoy)<\/td><td>Iv\u00e1n Pereyra<\/td><\/tr><tr><td><strong>3\u00b0 Puesto<\/strong><\/td><td>Valent\u00edn Vivas (Mercedes)<\/td><td>Priscila Campuzano<\/td><\/tr><\/tbody><\/table><\/figure>\n\n\n\n<p><strong>Informaci\u00f3n<br><\/strong>La Direcci\u00f3n de Deportes record\u00f3 que la&nbsp;<strong>Escuela Municipal<\/strong>&nbsp;mantiene abierta la convocatoria para nuevos alumnos. Aquellos interesados en sumarse a la pr\u00e1ctica de esta disciplina pueden acercarse a las oficinas ubicadas en la intersecci\u00f3n de&nbsp;<strong>calles 6 y 9<\/strong>, de lunes a viernes en el horario de 15:00 a 19:00, o comunicarse telef\u00f3nicamente al&nbsp;<strong>2324-528432<\/strong>.<\/p>\n","protected":false},"excerpt":{"rendered":"<p>El pasado viernes 27 de febrero, las instalaciones del predio deportivo&nbsp;Mart\u00edn Rodr\u00edguez&nbsp;fueron el escenario del primer certamen del a\u00f1o organizado &#8230; <a title=\"Felix Russo y Federico Laresca los mejores del tenis de mesa\" class=\"read-more\" href=\"https:\/\/www.hoymercedes.com.ar\/principal\/2026\/03\/05\/felix-russo-y-federico-laresca-los-mejores-del-tenis-de-mesa\/\" aria-label=\"Leer m\u00e1s sobre Felix Russo y Federico Laresca los mejores del tenis de mesa\">Leer m\u00e1s<\/a><\/p>\n","protected":false},"author":1,"featured_media":192795,"comment_status":"closed","ping_status":"open","sticky":false,"template":"","format":"standard","meta":{"_monsterinsights_skip_tracking":false,"_monsterinsights_sitenote_active":false,"_monsterinsights_sitenote_note":"","_monsterinsights_sitenote_category":0,"jetpack_post_was_ever_published":false,"_jetpack_newsletter_access":"","_jetpack_dont_email_post_to_subs":false,"_jetpack_newsletter_tier_id":0,"_jetpack_memberships_contains_paywalled_content":false,"_jetpack_memberships_contains_paid_content":false,"footnotes":"","jetpack_publicize_message":"","jetpack_publicize_feature_enabled":true,"jetpack_social_post_already_shared":true,"jetpack_social_options":{"image_generator_settings":{"template":"highway","default_image_id":0,"font":"","enabled":false},"version":2},"_wpas_customize_per_network":false},"categories":[21],"tags":[],"class_list":["post-192794","post","type-post","status-publish","format-standard","has-post-thumbnail","hentry","category-deportes","generate-columns","tablet-grid-50","mobile-grid-100","grid-parent","grid-50"],"jetpack_publicize_connections":[],"jetpack_featured_media_url":"https:\/\/www.hoymercedes.com.ar\/principal\/wp-content\/uploads\/2026\/03\/image-11.png","wps_subtitle":"","jetpack_sharing_enabled":true,"_links":{"self":[{"href":"https:\/\/www.hoymercedes.com.ar\/principal\/wp-json\/wp\/v2\/posts\/192794","targetHints":{"allow":["GET"]}}],"collection":[{"href":"https:\/\/www.hoymercedes.com.ar\/principal\/wp-json\/wp\/v2\/posts"}],"about":[{"href":"https:\/\/www.hoymercedes.com.ar\/principal\/wp-json\/wp\/v2\/types\/post"}],"author":[{"embeddable":true,"href":"https:\/\/www.hoymercedes.com.ar\/principal\/wp-json\/wp\/v2\/users\/1"}],"replies":[{"embeddable":true,"href":"https:\/\/www.hoymercedes.com.ar\/principal\/wp-json\/wp\/v2\/comments?post=192794"}],"version-history":[{"count":1,"href":"https:\/\/www.hoymercedes.com.ar\/principal\/wp-json\/wp\/v2\/posts\/192794\/revisions"}],"predecessor-version":[{"id":192796,"href":"https:\/\/www.hoymercedes.com.ar\/principal\/wp-json\/wp\/v2\/posts\/192794\/revisions\/192796"}],"wp:featuredmedia":[{"embeddable":true,"href":"https:\/\/www.hoymercedes.com.ar\/principal\/wp-json\/wp\/v2\/media\/192795"}],"wp:attachment":[{"href":"https:\/\/www.hoymercedes.com.ar\/principal\/wp-json\/wp\/v2\/media?parent=192794"}],"wp:term":[{"taxonomy":"category","embeddable":true,"href":"https:\/\/www.hoymercedes.com.ar\/principal\/wp-json\/wp\/v2\/categories?post=192794"},{"taxonomy":"post_tag","embeddable":true,"href":"https:\/\/www.hoymercedes.com.ar\/principal\/wp-json\/wp\/v2\/tags?post=192794"}],"curies":[{"name":"wp","href":"https:\/\/api.w.org\/{rel}","templated":true}]}}