{"id":192797,"date":"2026-03-05T12:30:10","date_gmt":"2026-03-05T15:30:10","guid":{"rendered":"https:\/\/www.hoymercedes.com.ar\/principal\/?p=192797"},"modified":"2026-03-05T12:30:13","modified_gmt":"2026-03-05T15:30:13","slug":"somos-la-voz-que-mueve-dia-internacional-de-la-mujer-con-un-festival-artistico-y-colectivo","status":"publish","type":"post","link":"https:\/\/www.hoymercedes.com.ar\/principal\/2026\/03\/05\/somos-la-voz-que-mueve-dia-internacional-de-la-mujer-con-un-festival-artistico-y-colectivo\/","title":{"rendered":"\u00abSomos la Voz que Mueve\u00bb: D\u00eda Internacional de la Mujer con un festival art\u00edstico y colectivo."},"content":{"rendered":"\n<figure class=\"wp-block-image size-large\"><img loading=\"lazy\" decoding=\"async\" width=\"1024\" height=\"680\" data-attachment-id=\"192798\" data-permalink=\"https:\/\/www.hoymercedes.com.ar\/principal\/2026\/03\/05\/somos-la-voz-que-mueve-dia-internacional-de-la-mujer-con-un-festival-artistico-y-colectivo\/8m-invitacion\/#main\" data-orig-file=\"https:\/\/www.hoymercedes.com.ar\/principal\/wp-content\/uploads\/2026\/03\/8M-Invitacion.jpg\" data-orig-size=\"1600,1062\" data-comments-opened=\"0\" data-image-meta=\"{&quot;aperture&quot;:&quot;0&quot;,&quot;credit&quot;:&quot;&quot;,&quot;camera&quot;:&quot;&quot;,&quot;caption&quot;:&quot;&quot;,&quot;created_timestamp&quot;:&quot;0&quot;,&quot;copyright&quot;:&quot;&quot;,&quot;focal_length&quot;:&quot;0&quot;,&quot;iso&quot;:&quot;0&quot;,&quot;shutter_speed&quot;:&quot;0&quot;,&quot;title&quot;:&quot;&quot;,&quot;orientation&quot;:&quot;0&quot;}\" data-image-title=\"8M-Invitacion\" data-image-description=\"&lt;p&gt;\u00abSomos la Voz que Mueve\u00bb: Mercedes conmemora el D\u00eda Internacional de la Mujer con un festival art\u00edstico y colectivo.&lt;\/p&gt;\n\" data-image-caption=\"&lt;p&gt;\u00abSomos la Voz que Mueve\u00bb: Mercedes conmemora el D\u00eda Internacional de la Mujer con un festival art\u00edstico y colectivo.&lt;\/p&gt;\n\" data-large-file=\"https:\/\/www.hoymercedes.com.ar\/principal\/wp-content\/uploads\/2026\/03\/8M-Invitacion-1024x680.jpg\" src=\"https:\/\/www.hoymercedes.com.ar\/principal\/wp-content\/uploads\/2026\/03\/8M-Invitacion-1024x680.jpg\" alt=\"\" class=\"wp-image-192798\" srcset=\"https:\/\/www.hoymercedes.com.ar\/principal\/wp-content\/uploads\/2026\/03\/8M-Invitacion-1024x680.jpg 1024w, https:\/\/www.hoymercedes.com.ar\/principal\/wp-content\/uploads\/2026\/03\/8M-Invitacion-630x418.jpg 630w, https:\/\/www.hoymercedes.com.ar\/principal\/wp-content\/uploads\/2026\/03\/8M-Invitacion-150x100.jpg 150w, https:\/\/www.hoymercedes.com.ar\/principal\/wp-content\/uploads\/2026\/03\/8M-Invitacion-1536x1020.jpg 1536w, https:\/\/www.hoymercedes.com.ar\/principal\/wp-content\/uploads\/2026\/03\/8M-Invitacion.jpg 1600w\" sizes=\"auto, (max-width: 1024px) 100vw, 1024px\" \/><\/figure>\n\n\n\n<p>En el marco del D\u00eda Internacional de la Mujer, la Direcci\u00f3n de G\u00e9nero y Diversidad invita a la comunidad a participar de una nueva edici\u00f3n de \u00abSomos la Voz que Mueve\u00bb. El evento se llevar\u00e1 a cabo el pr\u00f3ximo s\u00e1bado 7 de marzo, a partir de las 19:00 horas, en el Museo de Arte de Mercedes (MAM), ubicado en calle 23 entre 16 y 18.<\/p>\n\n\n\n<p>La jornada, definida como un espacio de \u00abreflexi\u00f3n, visibilizaci\u00f3n y resistencia\u00bb, narr\u00f3 Lorena Mayol, una de las impulsoras. Contar\u00e1 con el corte de calle para dar lugar a una feria de emprendedoras y artesanas, adem\u00e1s de una variada grilla que incluye m\u00fasica en vivo, poes\u00eda, fotograf\u00eda y artes visuales.<\/p>\n\n\n\n<p>Lorena Mayor destac\u00f3 la importancia de este encuentro en un contexto social y econ\u00f3mico complejo. \u00abEs una manera de celebrarnos entre mujeres y diversidades, armando una voz colectiva. Ante un 2026 dif\u00edcil, donde vemos que las desigualdades se acent\u00faan y se pierden derechos, el arte nos permite imaginar mundos posibles que nos alojen a todos y sean m\u00e1s humanos\u00bb, expres\u00f3.<\/p>\n\n\n\n<p>Cronograma de la jornada:<\/p>\n\n\n\n<p>-19:00 hs: Apertura de la Feria de Emprendedoras y Artesanas.<\/p>\n\n\n\n<p>&#8211; 19:30 hs: Inauguraci\u00f3n de muestras colectivas en el Museo de Arte (MAM), destac\u00e1ndose las exposiciones \u00abCiclo de Alfonsina\u00bb, \u00abTodo y Nada\u00bb y \u00abTrenzas que nos unen\u00bb.<\/p>\n\n\n\n<p>&#8211; 20:00 hs: Inicio de presentaciones en el escenario principal, con la participaci\u00f3n de poetas y m\u00fasicas locales.<\/p>\n\n\n\n<p>&#8211; Cierre: Set de DJ para finalizar la jornada de encuentro.<\/p>\n\n\n\n<p>Mayor hizo hincapi\u00e9 en el impacto de las recientes reformas laborales y la crisis en las tareas de cuidado, que afectan mayoritariamente a las mujeres. \u00abLa mujer hoy est\u00e1 m\u00e1s protagonista y mejor plantada, pero batalla contra una brecha salarial que persiste\u201d se\u00f1al\u00f3.<\/p>\n\n\n\n<p>El festival busca romper con la \u00abindividualidad\u00bb para apostar a lo comunitario. \u201cEncontrarse con otras ayuda a entender que no te pasa solo a vos. Juntas tenemos m\u00e1s fuerza para pelear contra la violencia de g\u00e9nero, por el cupo laboral y por salarios dignos\u00bb, concluy\u00f3 la funcionaria.<\/p>\n\n\n\n<p>La invitaci\u00f3n es abierta a toda la comunidad y se presenta como una oportunidad para debatir y construir futuro desde la cultura local.<\/p>\n","protected":false},"excerpt":{"rendered":"<p>En el marco del D\u00eda Internacional de la Mujer, la Direcci\u00f3n de G\u00e9nero y Diversidad invita a la comunidad a &#8230; <a title=\"\u00abSomos la Voz que Mueve\u00bb: D\u00eda Internacional de la Mujer con un festival art\u00edstico y colectivo.\" class=\"read-more\" href=\"https:\/\/www.hoymercedes.com.ar\/principal\/2026\/03\/05\/somos-la-voz-que-mueve-dia-internacional-de-la-mujer-con-un-festival-artistico-y-colectivo\/\" aria-label=\"Leer m\u00e1s sobre \u00abSomos la Voz que Mueve\u00bb: D\u00eda Internacional de la Mujer con un festival art\u00edstico y colectivo.\">Leer m\u00e1s<\/a><\/p>\n","protected":false},"author":1,"featured_media":192798,"comment_status":"closed","ping_status":"open","sticky":false,"template":"","format":"standard","meta":{"_monsterinsights_skip_tracking":false,"_monsterinsights_sitenote_active":false,"_monsterinsights_sitenote_note":"","_monsterinsights_sitenote_category":0,"jetpack_post_was_ever_published":false,"_jetpack_newsletter_access":"","_jetpack_dont_email_post_to_subs":false,"_jetpack_newsletter_tier_id":0,"_jetpack_memberships_contains_paywalled_content":false,"_jetpack_memberships_contains_paid_content":false,"footnotes":"","jetpack_publicize_message":"","jetpack_publicize_feature_enabled":true,"jetpack_social_post_already_shared":true,"jetpack_social_options":{"image_generator_settings":{"template":"highway","default_image_id":0,"font":"","enabled":false},"version":2},"_wpas_customize_per_network":false},"categories":[104],"tags":[21003,21004],"class_list":["post-192797","post","type-post","status-publish","format-standard","has-post-thumbnail","hentry","category-cultura","tag-8m-3","tag-somos-la-voz-que-mueve","generate-columns","tablet-grid-50","mobile-grid-100","grid-parent","grid-50"],"jetpack_publicize_connections":[],"jetpack_featured_media_url":"https:\/\/www.hoymercedes.com.ar\/principal\/wp-content\/uploads\/2026\/03\/8M-Invitacion.jpg","wps_subtitle":"","jetpack_sharing_enabled":true,"_links":{"self":[{"href":"https:\/\/www.hoymercedes.com.ar\/principal\/wp-json\/wp\/v2\/posts\/192797","targetHints":{"allow":["GET"]}}],"collection":[{"href":"https:\/\/www.hoymercedes.com.ar\/principal\/wp-json\/wp\/v2\/posts"}],"about":[{"href":"https:\/\/www.hoymercedes.com.ar\/principal\/wp-json\/wp\/v2\/types\/post"}],"author":[{"embeddable":true,"href":"https:\/\/www.hoymercedes.com.ar\/principal\/wp-json\/wp\/v2\/users\/1"}],"replies":[{"embeddable":true,"href":"https:\/\/www.hoymercedes.com.ar\/principal\/wp-json\/wp\/v2\/comments?post=192797"}],"version-history":[{"count":1,"href":"https:\/\/www.hoymercedes.com.ar\/principal\/wp-json\/wp\/v2\/posts\/192797\/revisions"}],"predecessor-version":[{"id":192799,"href":"https:\/\/www.hoymercedes.com.ar\/principal\/wp-json\/wp\/v2\/posts\/192797\/revisions\/192799"}],"wp:featuredmedia":[{"embeddable":true,"href":"https:\/\/www.hoymercedes.com.ar\/principal\/wp-json\/wp\/v2\/media\/192798"}],"wp:attachment":[{"href":"https:\/\/www.hoymercedes.com.ar\/principal\/wp-json\/wp\/v2\/media?parent=192797"}],"wp:term":[{"taxonomy":"category","embeddable":true,"href":"https:\/\/www.hoymercedes.com.ar\/principal\/wp-json\/wp\/v2\/categories?post=192797"},{"taxonomy":"post_tag","embeddable":true,"href":"https:\/\/www.hoymercedes.com.ar\/principal\/wp-json\/wp\/v2\/tags?post=192797"}],"curies":[{"name":"wp","href":"https:\/\/api.w.org\/{rel}","templated":true}]}}