{"id":192800,"date":"2026-03-05T12:59:00","date_gmt":"2026-03-05T15:59:00","guid":{"rendered":"https:\/\/www.hoymercedes.com.ar\/principal\/?p=192800"},"modified":"2026-03-05T12:59:19","modified_gmt":"2026-03-05T15:59:19","slug":"asumio-el-mercedino-mahiques-como-ministro-de-justicia","status":"publish","type":"post","link":"https:\/\/www.hoymercedes.com.ar\/principal\/2026\/03\/05\/asumio-el-mercedino-mahiques-como-ministro-de-justicia\/","title":{"rendered":"Asumi\u00f3 el mercedino Mahiques como Ministro de Justicia"},"content":{"rendered":"\n<figure class=\"wp-block-embed is-type-video is-provider-youtube wp-block-embed-youtube wp-embed-aspect-16-9 wp-has-aspect-ratio\"><div class=\"wp-block-embed__wrapper\">\n<span class=\"embed-youtube\" style=\"text-align:center; display: block;\"><iframe loading=\"lazy\" class=\"youtube-player\" width=\"1200\" height=\"675\" src=\"https:\/\/www.youtube.com\/embed\/-vzhkSYigHA?version=3&#038;rel=1&#038;showsearch=0&#038;showinfo=1&#038;iv_load_policy=1&#038;fs=1&#038;hl=es-ES&#038;autohide=2&#038;wmode=transparent\" allowfullscreen=\"true\" style=\"border:0;\" sandbox=\"allow-scripts allow-same-origin allow-popups allow-presentation allow-popups-to-escape-sandbox\"><\/iframe><\/span>\n<\/div><\/figure>\n\n\n\n<p> El mercedino asume tras la toma de jura que le hizo el presidente Javier Milei. Entre sus desaf\u00edos inmediatos est\u00e1 cubrir m\u00e1s de 300 vacantes en el Poder Judicial.En un acto realizado en el Sal\u00f3n Blanco de Casa Rosada, el Presidente formaliz\u00f3 el relevo de Mariano C\u00faneo Libarona.<\/p>\n\n\n\n<p>En la antesala de un nuevo viaje a los Estados Unidos, el presidente Javier Milei encabez\u00f3 este mediod\u00eda la ceremonia de juramento de <strong>Juan Bautista Mahiques<\/strong> como nuevo ministro de Justicia de la Naci\u00f3n. El evento, desarrollado en el hist\u00f3rico Sal\u00f3n Blanco, marc\u00f3 la oficializaci\u00f3n de un cambio estrat\u00e9gico en el Gabinete tras la salida de Mariano C\u00faneo Libarona.<\/p>\n\n\n\n<p>La designaci\u00f3n se formaliz\u00f3 a trav\u00e9s del Decreto 133\/2026, publicado en el Bolet\u00edn Oficial en las primeras horas de este jueves. El acto cont\u00f3 con la presencia de figuras clave del entorno presidencial, como la secretaria general de la Presidencia, <strong>Karina Milei<\/strong> \u2014se\u00f1alada como la principal impulsora del nombramiento\u2014, el asesor Santiago Caputo y el vocero Manuel Adorni. Tambi\u00e9n estuvo presente Santiago Viola, apoderado de La Libertad Avanza y recientemente designado viceministro del \u00e1rea.<\/p>\n\n\n\n<h3 class=\"wp-block-heading\">Hist\u00f3rica judicial<\/h3>\n\n\n\n<p>Mahiques, de 45 a\u00f1os y <strong>oriundo de Mercedes<\/strong>, llega al cargo precedido por una extensa trayectoria y un fuerte respaldo familiar en el \u00e1mbito de las leyes. Es hijo de Carlos \u00abCoco\u00bb Mahiques, juez de la C\u00e1mara Federal de Casaci\u00f3n Penal, y hermano de funcionarios y fiscales de renombre. Hasta su asunci\u00f3n, el nuevo ministro no hab\u00eda mantenido reuniones presenciales con Milei, habiendo gestionado su incorporaci\u00f3n principalmente a trav\u00e9s de Karina Milei.<\/p>\n\n\n\n<h3 class=\"wp-block-heading\">Desafios<\/h3>\n\n\n\n<p>La llegada del mercedino no es solo un cambio de nombres, sino un giro en la din\u00e1mica pol\u00edtica de la cartera judicial. Entre sus misiones principales se destaca la urgencia de avanzar en el nombramiento de jueces y fiscales para cubrir las <strong>m\u00e1s de 300 vacantes<\/strong> que hoy afectan a diversos juzgados nacionales y federales.<\/p>\n\n\n\n<p>Adem\u00e1s, este cambio implica una nueva representaci\u00f3n del Poder Ejecutivo en el <strong>Consejo de la Magistratura<\/strong>, donde el Gobierno busca consolidar su influencia para agilizar los procesos de designaci\u00f3n y control del desempe\u00f1o judicial.<\/p>\n\n\n\n<h3 class=\"wp-block-heading\">Presencia del Gabinete<\/h3>\n\n\n\n<p>La ceremonia sirvi\u00f3 tambi\u00e9n como carta de presentaci\u00f3n ante el resto de los ministros. Aunque Mahiques ya hab\u00eda mantenido reuniones t\u00e9cnicas con Adorni y Viola en los d\u00edas previos, el juramento de hoy sell\u00f3 su integraci\u00f3n definitiva al equipo de \u00ablas fuerzas del cielo\u00bb en un \u00e1rea que el Ejecutivo considera vital para su esquema de reformas a largo plazo.<\/p>\n","protected":false},"excerpt":{"rendered":"<p>El mercedino asume tras la toma de jura que le hizo el presidente Javier Milei. Entre sus desaf\u00edos inmediatos est\u00e1 &#8230; <a title=\"Asumi\u00f3 el mercedino Mahiques como Ministro de Justicia\" class=\"read-more\" href=\"https:\/\/www.hoymercedes.com.ar\/principal\/2026\/03\/05\/asumio-el-mercedino-mahiques-como-ministro-de-justicia\/\" aria-label=\"Leer m\u00e1s sobre Asumi\u00f3 el mercedino Mahiques como Ministro de Justicia\">Leer m\u00e1s<\/a><\/p>\n","protected":false},"author":1,"featured_media":192801,"comment_status":"closed","ping_status":"open","sticky":false,"template":"","format":"standard","meta":{"_monsterinsights_skip_tracking":false,"_monsterinsights_sitenote_active":false,"_monsterinsights_sitenote_note":"","_monsterinsights_sitenote_category":0,"jetpack_post_was_ever_published":false,"_jetpack_newsletter_access":"","_jetpack_dont_email_post_to_subs":false,"_jetpack_newsletter_tier_id":0,"_jetpack_memberships_contains_paywalled_content":false,"_jetpack_memberships_contains_paid_content":false,"footnotes":"","jetpack_publicize_message":"Mir\u00e1 el video de la asunci\u00f3n del Mercedino, Juan Bautista Mahiques, de larga historia familia en la justicia, como flamante Ministro de Justicia de la Naci\u00f3n. ","jetpack_publicize_feature_enabled":true,"jetpack_social_post_already_shared":false,"jetpack_social_options":{"image_generator_settings":{"template":"highway","default_image_id":0,"font":"","enabled":false,"token":"eyJpbWciOiJodHRwczpcL1wvd3d3LmhveW1lcmNlZGVzLmNvbS5hclwvcHJpbmNpcGFsXC93cC1jb250ZW50XC91cGxvYWRzXC8yMDI2XC8wM1wvQ2FwdHVyYS1kZS1wYW50YWxsYS0yMDI2LTAzLTA1LTEyNTEyNS0xMDI0eDU4My5wbmciLCJ0eHQiOiJBc3VtaVx1MDBmMyBlbCBtZXJjZWRpbm8gTWFoaXF1ZXMgY29tbyBNaW5pc3RybyBkZSBKdXN0aWNpYSIsInRlbXBsYXRlIjoiaGlnaHdheSIsImZvbnQiOiIiLCJibG9nX2lkIjo1MDYzMTU2MX0.bECX5c4DnlvTN7yMMcUU5H7rx9ixPsRXuDclncEzv7oMQ"},"version":2},"_wpas_customize_per_network":false},"categories":[17182],"tags":[21006,21005],"class_list":["post-192800","post","type-post","status-publish","format-standard","has-post-thumbnail","hentry","category-nacion","tag-asumio-mahiques","tag-mahiques-ministro-de-justicia","generate-columns","tablet-grid-50","mobile-grid-100","grid-parent","grid-50"],"jetpack_publicize_connections":[],"jetpack_featured_media_url":"https:\/\/www.hoymercedes.com.ar\/principal\/wp-content\/uploads\/2026\/03\/Captura-de-pantalla-2026-03-05-125125.png","wps_subtitle":"Mercedino en Justicia","jetpack_sharing_enabled":true,"_links":{"self":[{"href":"https:\/\/www.hoymercedes.com.ar\/principal\/wp-json\/wp\/v2\/posts\/192800","targetHints":{"allow":["GET"]}}],"collection":[{"href":"https:\/\/www.hoymercedes.com.ar\/principal\/wp-json\/wp\/v2\/posts"}],"about":[{"href":"https:\/\/www.hoymercedes.com.ar\/principal\/wp-json\/wp\/v2\/types\/post"}],"author":[{"embeddable":true,"href":"https:\/\/www.hoymercedes.com.ar\/principal\/wp-json\/wp\/v2\/users\/1"}],"replies":[{"embeddable":true,"href":"https:\/\/www.hoymercedes.com.ar\/principal\/wp-json\/wp\/v2\/comments?post=192800"}],"version-history":[{"count":2,"href":"https:\/\/www.hoymercedes.com.ar\/principal\/wp-json\/wp\/v2\/posts\/192800\/revisions"}],"predecessor-version":[{"id":192803,"href":"https:\/\/www.hoymercedes.com.ar\/principal\/wp-json\/wp\/v2\/posts\/192800\/revisions\/192803"}],"wp:featuredmedia":[{"embeddable":true,"href":"https:\/\/www.hoymercedes.com.ar\/principal\/wp-json\/wp\/v2\/media\/192801"}],"wp:attachment":[{"href":"https:\/\/www.hoymercedes.com.ar\/principal\/wp-json\/wp\/v2\/media?parent=192800"}],"wp:term":[{"taxonomy":"category","embeddable":true,"href":"https:\/\/www.hoymercedes.com.ar\/principal\/wp-json\/wp\/v2\/categories?post=192800"},{"taxonomy":"post_tag","embeddable":true,"href":"https:\/\/www.hoymercedes.com.ar\/principal\/wp-json\/wp\/v2\/tags?post=192800"}],"curies":[{"name":"wp","href":"https:\/\/api.w.org\/{rel}","templated":true}]}}