{"id":192812,"date":"2026-03-05T14:51:46","date_gmt":"2026-03-05T17:51:46","guid":{"rendered":"https:\/\/www.hoymercedes.com.ar\/principal\/?p=192812"},"modified":"2026-03-05T14:51:49","modified_gmt":"2026-03-05T17:51:49","slug":"ustarroz-pidio-promover-la-cultura-del-encuentro-y-priorizar-el-interes-de-nuestro-pueblo","status":"publish","type":"post","link":"https:\/\/www.hoymercedes.com.ar\/principal\/2026\/03\/05\/ustarroz-pidio-promover-la-cultura-del-encuentro-y-priorizar-el-interes-de-nuestro-pueblo\/","title":{"rendered":"Ustarroz pidi\u00f3 \u201cpromover la cultura del encuentro\u201d y priorizar \u201cel inter\u00e9s de nuestro pueblo\u201d"},"content":{"rendered":"\n<p>El intendente Juani Ustarroz llam\u00f3 a \u201cpromover la cultura del encuentro, del debate y de la comprensi\u00f3n a pesar de las miradas diferentes\u201d y trabajar \u201csiempre por el inter\u00e9s de nuestro pueblo para construir un futuro m\u00e1s promisorio\u201d, en uno de los pasajes salientes del discurso con el que abri\u00f3 hoy el per\u00edodo de sesiones ordinarias del Honorable Concejo Deliberante.<\/p>\n\n\n\n<figure class=\"wp-block-image size-large\"><img loading=\"lazy\" decoding=\"async\" width=\"1024\" height=\"682\" data-attachment-id=\"192813\" data-permalink=\"https:\/\/www.hoymercedes.com.ar\/principal\/2026\/03\/05\/ustarroz-pidio-promover-la-cultura-del-encuentro-y-priorizar-el-interes-de-nuestro-pueblo\/sja_4070\/#main\" data-orig-file=\"https:\/\/www.hoymercedes.com.ar\/principal\/wp-content\/uploads\/2026\/03\/SJA_4070.jpg\" data-orig-size=\"1319,879\" data-comments-opened=\"0\" data-image-meta=\"{&quot;aperture&quot;:&quot;0&quot;,&quot;credit&quot;:&quot;SEBASTIANAMBROSSIO&quot;,&quot;camera&quot;:&quot;&quot;,&quot;caption&quot;:&quot;&quot;,&quot;created_timestamp&quot;:&quot;0&quot;,&quot;copyright&quot;:&quot;SebastianAmbrossio&quot;,&quot;focal_length&quot;:&quot;0&quot;,&quot;iso&quot;:&quot;0&quot;,&quot;shutter_speed&quot;:&quot;0&quot;,&quot;title&quot;:&quot;&quot;,&quot;orientation&quot;:&quot;0&quot;}\" data-image-title=\"SJA_4070\" data-image-description=\"\" data-image-caption=\"\" data-large-file=\"https:\/\/www.hoymercedes.com.ar\/principal\/wp-content\/uploads\/2026\/03\/SJA_4070-1024x682.jpg\" src=\"https:\/\/www.hoymercedes.com.ar\/principal\/wp-content\/uploads\/2026\/03\/SJA_4070-1024x682.jpg\" alt=\"\" class=\"wp-image-192813\" srcset=\"https:\/\/www.hoymercedes.com.ar\/principal\/wp-content\/uploads\/2026\/03\/SJA_4070-1024x682.jpg 1024w, https:\/\/www.hoymercedes.com.ar\/principal\/wp-content\/uploads\/2026\/03\/SJA_4070-630x420.jpg 630w, https:\/\/www.hoymercedes.com.ar\/principal\/wp-content\/uploads\/2026\/03\/SJA_4070-150x100.jpg 150w, https:\/\/www.hoymercedes.com.ar\/principal\/wp-content\/uploads\/2026\/03\/SJA_4070.jpg 1319w\" sizes=\"auto, (max-width: 1024px) 100vw, 1024px\" \/><\/figure>\n\n\n\n<p>\u201cEs un a\u00f1o muy importante porque no es un a\u00f1o electoral y si vemos un mundo en crisis, y vemos un pa\u00eds en crisis, como ciudad tenemos que ser capaces de promover la cultura del encuentro, del debate y de la comprensi\u00f3n para saber atravesar los conflictos que se generan a partir de miradas diferentes o antag\u00f3nicas. Siempre debe primar el inter\u00e9s de nuestro pueblo. A veces en las democracias locales la cercan\u00eda ayuda a evitar las discusiones rid\u00edculas que por ejemplo se dan en las redes sociales, donde todo es blanco o negro\u201d, dijo.<\/p>\n\n\n\n<p>\u201cPor eso pido siempre la colaboraci\u00f3n de los representantes locales del gobierno nacional, pero sin chicanas, sin \u00e1nimo de hacer una pol\u00e9mica, sino con esta intenci\u00f3n de fortalecer nuestra comunidad y considerando la enorme importancia que tiene el Concejo\u201d, agreg\u00f3.<\/p>\n\n\n\n<figure class=\"wp-block-image size-large\"><img loading=\"lazy\" decoding=\"async\" width=\"1024\" height=\"682\" data-attachment-id=\"192814\" data-permalink=\"https:\/\/www.hoymercedes.com.ar\/principal\/2026\/03\/05\/ustarroz-pidio-promover-la-cultura-del-encuentro-y-priorizar-el-interes-de-nuestro-pueblo\/sja_4155\/#main\" data-orig-file=\"https:\/\/www.hoymercedes.com.ar\/principal\/wp-content\/uploads\/2026\/03\/SJA_4155.jpg\" data-orig-size=\"1319,879\" data-comments-opened=\"0\" data-image-meta=\"{&quot;aperture&quot;:&quot;0&quot;,&quot;credit&quot;:&quot;SEBASTIANAMBROSSIO&quot;,&quot;camera&quot;:&quot;&quot;,&quot;caption&quot;:&quot;&quot;,&quot;created_timestamp&quot;:&quot;0&quot;,&quot;copyright&quot;:&quot;SebastianAmbrossio&quot;,&quot;focal_length&quot;:&quot;0&quot;,&quot;iso&quot;:&quot;0&quot;,&quot;shutter_speed&quot;:&quot;0&quot;,&quot;title&quot;:&quot;&quot;,&quot;orientation&quot;:&quot;0&quot;}\" data-image-title=\"SJA_4155\" data-image-description=\"\" data-image-caption=\"\" data-large-file=\"https:\/\/www.hoymercedes.com.ar\/principal\/wp-content\/uploads\/2026\/03\/SJA_4155-1024x682.jpg\" src=\"https:\/\/www.hoymercedes.com.ar\/principal\/wp-content\/uploads\/2026\/03\/SJA_4155-1024x682.jpg\" alt=\"\" class=\"wp-image-192814\" srcset=\"https:\/\/www.hoymercedes.com.ar\/principal\/wp-content\/uploads\/2026\/03\/SJA_4155-1024x682.jpg 1024w, https:\/\/www.hoymercedes.com.ar\/principal\/wp-content\/uploads\/2026\/03\/SJA_4155-630x420.jpg 630w, https:\/\/www.hoymercedes.com.ar\/principal\/wp-content\/uploads\/2026\/03\/SJA_4155-150x100.jpg 150w, https:\/\/www.hoymercedes.com.ar\/principal\/wp-content\/uploads\/2026\/03\/SJA_4155.jpg 1319w\" sizes=\"auto, (max-width: 1024px) 100vw, 1024px\" \/><\/figure>\n\n\n\n<p>En este mismo sentido a\u00f1adi\u00f3: \u201cTenemos una realidad muy compleja. Uno ve c\u00f3mo viene escalando la problem\u00e1tica de la salud mental, de la violencia, de las adicciones, y no hay nadie que tenga ese saber absoluto para resolverlo: eso se hace en comunidad, con esfuerzo, con honestidad. A m\u00ed me toc\u00f3 gobernar en el peor momento de los tiempos recientes, que fue la pandemia, y encontr\u00e9 respuestas en concejales y en instituciones a pesar de las diferencias. A eso convoco siempre, porque creo que es lo que necesitamos como sociedad y como Estado\u201d.<\/p>\n\n\n\n<p>\u201cTenemos much\u00edsimo para mejorar, pero tambi\u00e9n quiero manifestar mi orgullo por el camino que venimos transitando desde el primer d\u00eda de nuestro gobierno. El camino de escuchar, planificar y hacer. En el hacer nos tenemos que encontrar como sociedad, porque tambi\u00e9n creo que no estamos tan atravesados por esta polarizaci\u00f3n. La diferencia ayuda a crecer y a pensar mejor y como ciudad tenemos con qu\u00e9 enfrentar los desaf\u00edos que vienen\u201d, se\u00f1al\u00f3.<\/p>\n\n\n\n<figure class=\"wp-block-image size-large\"><img loading=\"lazy\" decoding=\"async\" width=\"1024\" height=\"682\" data-attachment-id=\"192815\" data-permalink=\"https:\/\/www.hoymercedes.com.ar\/principal\/2026\/03\/05\/ustarroz-pidio-promover-la-cultura-del-encuentro-y-priorizar-el-interes-de-nuestro-pueblo\/sja_4079\/#main\" data-orig-file=\"https:\/\/www.hoymercedes.com.ar\/principal\/wp-content\/uploads\/2026\/03\/SJA_4079.jpg\" data-orig-size=\"1319,879\" data-comments-opened=\"0\" data-image-meta=\"{&quot;aperture&quot;:&quot;0&quot;,&quot;credit&quot;:&quot;SEBASTIANAMBROSSIO&quot;,&quot;camera&quot;:&quot;&quot;,&quot;caption&quot;:&quot;&quot;,&quot;created_timestamp&quot;:&quot;0&quot;,&quot;copyright&quot;:&quot;SebastianAmbrossio&quot;,&quot;focal_length&quot;:&quot;0&quot;,&quot;iso&quot;:&quot;0&quot;,&quot;shutter_speed&quot;:&quot;0&quot;,&quot;title&quot;:&quot;&quot;,&quot;orientation&quot;:&quot;0&quot;}\" data-image-title=\"SJA_4079\" data-image-description=\"\" data-image-caption=\"\" data-large-file=\"https:\/\/www.hoymercedes.com.ar\/principal\/wp-content\/uploads\/2026\/03\/SJA_4079-1024x682.jpg\" src=\"https:\/\/www.hoymercedes.com.ar\/principal\/wp-content\/uploads\/2026\/03\/SJA_4079-1024x682.jpg\" alt=\"\" class=\"wp-image-192815\" srcset=\"https:\/\/www.hoymercedes.com.ar\/principal\/wp-content\/uploads\/2026\/03\/SJA_4079-1024x682.jpg 1024w, https:\/\/www.hoymercedes.com.ar\/principal\/wp-content\/uploads\/2026\/03\/SJA_4079-630x420.jpg 630w, https:\/\/www.hoymercedes.com.ar\/principal\/wp-content\/uploads\/2026\/03\/SJA_4079-150x100.jpg 150w, https:\/\/www.hoymercedes.com.ar\/principal\/wp-content\/uploads\/2026\/03\/SJA_4079.jpg 1319w\" sizes=\"auto, (max-width: 1024px) 100vw, 1024px\" \/><\/figure>\n\n\n\n<p>El acto se realiz\u00f3 este mi\u00e9rcoles desde las 19 en el Teatro Argentino Julio C\u00e9sar Gioscio. Adem\u00e1s de los concejales y de los funcionarios que forman parte de los equipos de Ustarroz, estuvieron presentes el senador nacional Eduardo Wado de Pedro, autoridades judiciales y de fuerzas de seguridad y representantes de distintas instituciones de la ciudad.<\/p>\n\n\n\n<p>Adem\u00e1s, Ustarroz anunci\u00f3 la apertura de la primera Oficina de Transparencia Municipal y el lanzamiento de un C\u00f3digo de \u00c9tica y Gesti\u00f3n P\u00fablica para funcionarios y trabajadores; y record\u00f3 el acompa\u00f1amiento de su gobierno en distintas acciones judiciales para impedir \u201cinjusticias como la quita de pensiones por discapacidad, o la paralizaci\u00f3n de obras como las del Acceso Sur y el programa de lotes con servicios, o la baja de un fondo de asistencia para materiales did\u00e1cticos orientado a las escuelas de educaci\u00f3n t\u00e9cnica\u201d.<\/p>\n\n\n\n<figure class=\"wp-block-image size-large\"><img loading=\"lazy\" decoding=\"async\" width=\"1024\" height=\"682\" data-attachment-id=\"192816\" data-permalink=\"https:\/\/www.hoymercedes.com.ar\/principal\/2026\/03\/05\/ustarroz-pidio-promover-la-cultura-del-encuentro-y-priorizar-el-interes-de-nuestro-pueblo\/sja_4051\/#main\" data-orig-file=\"https:\/\/www.hoymercedes.com.ar\/principal\/wp-content\/uploads\/2026\/03\/SJA_4051.jpg\" data-orig-size=\"1319,879\" data-comments-opened=\"0\" data-image-meta=\"{&quot;aperture&quot;:&quot;0&quot;,&quot;credit&quot;:&quot;SEBASTIANAMBROSSIO&quot;,&quot;camera&quot;:&quot;&quot;,&quot;caption&quot;:&quot;&quot;,&quot;created_timestamp&quot;:&quot;0&quot;,&quot;copyright&quot;:&quot;SebastianAmbrossio&quot;,&quot;focal_length&quot;:&quot;0&quot;,&quot;iso&quot;:&quot;0&quot;,&quot;shutter_speed&quot;:&quot;0&quot;,&quot;title&quot;:&quot;&quot;,&quot;orientation&quot;:&quot;0&quot;}\" data-image-title=\"SJA_4051\" data-image-description=\"\" data-image-caption=\"\" data-large-file=\"https:\/\/www.hoymercedes.com.ar\/principal\/wp-content\/uploads\/2026\/03\/SJA_4051-1024x682.jpg\" src=\"https:\/\/www.hoymercedes.com.ar\/principal\/wp-content\/uploads\/2026\/03\/SJA_4051-1024x682.jpg\" alt=\"\" class=\"wp-image-192816\" srcset=\"https:\/\/www.hoymercedes.com.ar\/principal\/wp-content\/uploads\/2026\/03\/SJA_4051-1024x682.jpg 1024w, https:\/\/www.hoymercedes.com.ar\/principal\/wp-content\/uploads\/2026\/03\/SJA_4051-630x420.jpg 630w, https:\/\/www.hoymercedes.com.ar\/principal\/wp-content\/uploads\/2026\/03\/SJA_4051-150x100.jpg 150w, https:\/\/www.hoymercedes.com.ar\/principal\/wp-content\/uploads\/2026\/03\/SJA_4051.jpg 1319w\" sizes=\"auto, (max-width: 1024px) 100vw, 1024px\" \/><\/figure>\n\n\n\n<p>En el orden econ\u00f3mico, en tanto, Ustarroz valor\u00f3 los esfuerzos de su gobierno para sostener la gesti\u00f3n en un marco de profunda crisis. \u201cEl a\u00f1o pasado las transferencias enviadas por Naci\u00f3n para fondos afectados (es decir dinero que puede ser usado para fines espec\u00edficos como salud o educaci\u00f3n) fueron 100 veces menos que en 2023\u201d, grafic\u00f3. Tambi\u00e9n record\u00f3 que, a nivel pa\u00eds, hubo una ca\u00edda de 22.5% de empleo registrado y de 11,5% de recaudaci\u00f3n; y que el porcentaje de coparticipaci\u00f3n en el presupuesto municipal se derrumb\u00f3 del 68% al 59%. Dijo: \u201cTodos los intendentes tenemos menos recursos y m\u00e1s demandas de nuestras comunidades\u201d.<\/p>\n\n\n\n<p>Entre las claves para garantizar la eficacia de su administraci\u00f3n, el mandatario marc\u00f3 \u201cla transparencia y la honestidad\u201d. En 2025 la ciudad obtuvo 100\/100 puntos en transparencia en gesti\u00f3n otorgado por la Asociaci\u00f3n Argentina de Presupuesto y Administraci\u00f3n Financiera P\u00fablica; y fue convocada para exponer en la jornada internacional \u201cIntegridad para Todas las Voces: miradas complementarias y el valor en las Estrategias Anticorrupci\u00f3n\u201d en la Bolsa de<\/p>\n\n\n\n<figure class=\"wp-block-image size-large\"><img loading=\"lazy\" decoding=\"async\" width=\"1024\" height=\"682\" data-attachment-id=\"192817\" data-permalink=\"https:\/\/www.hoymercedes.com.ar\/principal\/2026\/03\/05\/ustarroz-pidio-promover-la-cultura-del-encuentro-y-priorizar-el-interes-de-nuestro-pueblo\/0h0a0282\/#main\" data-orig-file=\"https:\/\/www.hoymercedes.com.ar\/principal\/wp-content\/uploads\/2026\/03\/0H0A0282.jpg\" data-orig-size=\"1319,879\" data-comments-opened=\"0\" data-image-meta=\"{&quot;aperture&quot;:&quot;0&quot;,&quot;credit&quot;:&quot;&quot;,&quot;camera&quot;:&quot;&quot;,&quot;caption&quot;:&quot;&quot;,&quot;created_timestamp&quot;:&quot;0&quot;,&quot;copyright&quot;:&quot;&quot;,&quot;focal_length&quot;:&quot;0&quot;,&quot;iso&quot;:&quot;0&quot;,&quot;shutter_speed&quot;:&quot;0&quot;,&quot;title&quot;:&quot;&quot;,&quot;orientation&quot;:&quot;0&quot;}\" data-image-title=\"0H0A0282\" data-image-description=\"\" data-image-caption=\"\" data-large-file=\"https:\/\/www.hoymercedes.com.ar\/principal\/wp-content\/uploads\/2026\/03\/0H0A0282-1024x682.jpg\" src=\"https:\/\/www.hoymercedes.com.ar\/principal\/wp-content\/uploads\/2026\/03\/0H0A0282-1024x682.jpg\" alt=\"\" class=\"wp-image-192817\" srcset=\"https:\/\/www.hoymercedes.com.ar\/principal\/wp-content\/uploads\/2026\/03\/0H0A0282-1024x682.jpg 1024w, https:\/\/www.hoymercedes.com.ar\/principal\/wp-content\/uploads\/2026\/03\/0H0A0282-630x420.jpg 630w, https:\/\/www.hoymercedes.com.ar\/principal\/wp-content\/uploads\/2026\/03\/0H0A0282-150x100.jpg 150w, https:\/\/www.hoymercedes.com.ar\/principal\/wp-content\/uploads\/2026\/03\/0H0A0282.jpg 1319w\" sizes=\"auto, (max-width: 1024px) 100vw, 1024px\" \/><\/figure>\n\n\n\n<p>Cereales de Capital Federal, organizada por la Alliance for Integrity.<\/p>\n\n\n\n<p>En otros pasajes del discurso Ustarroz remarc\u00f3 \u201clas dificultades de proyectar una ciudad cuando vemos que no se cuida el trabajo y se pierde empleo, porque generar trabajo es la mejor pol\u00edtica de inclusi\u00f3n social\u201d; e insisti\u00f3 en la necesidad de que el municipio se involucre cada d\u00eda con mayor compromiso en el sistema de educaci\u00f3n p\u00fablica \u201cpara acompa\u00f1ar el esfuerzo cotidiano que hacen los docentes y toda la comunidad educativa\u201d.<\/p>\n\n\n\n<p>\u201cEstamos trabajando con 17 establecimientos educativos de la ciudad para tener el mejor diagn\u00f3stico posible\u201d, dijo, y defendi\u00f3 a la vez la decisi\u00f3n de trasladar las salas maternales a la \u00f3rbita provincial. \u201cYo me podr\u00eda haber hecho el distra\u00eddo y dejar que el costo pol\u00edtico lo pague otro, el que viene, pero era el momento de tomar la decisi\u00f3n y hoy vemos que fue acertado\u201d.<\/p>\n\n\n\n<p>Juani, finalmente, record\u00f3 la muerte de Braian Cabrera. \u201cLo que pas\u00f3 con Braian en el corso nos afect\u00f3 a todos, nos constern\u00f3 como comunidad. Entre todos, en unidad, debemos hacer un replanteo para organizar el carnaval 2027, pero m\u00e1s all\u00e1 de eso creo que hay momentos que ameritan que aparezca lo mejor de cada quien, no es momento de oportunismo ni de buscar una tajada. Por eso rescato lo que dijo el pap\u00e1 de Braian, porque desde el dolor inmenso de haber perdido un hijo nos marc\u00f3 hacia d\u00f3nde tenemos que ir como sociedad\u201d.<\/p>\n\n\n\n<figure class=\"wp-block-image size-large\"><img loading=\"lazy\" decoding=\"async\" width=\"1024\" height=\"682\" data-attachment-id=\"192818\" data-permalink=\"https:\/\/www.hoymercedes.com.ar\/principal\/2026\/03\/05\/ustarroz-pidio-promover-la-cultura-del-encuentro-y-priorizar-el-interes-de-nuestro-pueblo\/0h0a0252\/#main\" data-orig-file=\"https:\/\/www.hoymercedes.com.ar\/principal\/wp-content\/uploads\/2026\/03\/0H0A0252.jpg\" data-orig-size=\"1319,879\" data-comments-opened=\"0\" data-image-meta=\"{&quot;aperture&quot;:&quot;0&quot;,&quot;credit&quot;:&quot;&quot;,&quot;camera&quot;:&quot;&quot;,&quot;caption&quot;:&quot;&quot;,&quot;created_timestamp&quot;:&quot;0&quot;,&quot;copyright&quot;:&quot;&quot;,&quot;focal_length&quot;:&quot;0&quot;,&quot;iso&quot;:&quot;0&quot;,&quot;shutter_speed&quot;:&quot;0&quot;,&quot;title&quot;:&quot;&quot;,&quot;orientation&quot;:&quot;0&quot;}\" data-image-title=\"0H0A0252\" data-image-description=\"\" data-image-caption=\"\" data-large-file=\"https:\/\/www.hoymercedes.com.ar\/principal\/wp-content\/uploads\/2026\/03\/0H0A0252-1024x682.jpg\" src=\"https:\/\/www.hoymercedes.com.ar\/principal\/wp-content\/uploads\/2026\/03\/0H0A0252-1024x682.jpg\" alt=\"\" class=\"wp-image-192818\" srcset=\"https:\/\/www.hoymercedes.com.ar\/principal\/wp-content\/uploads\/2026\/03\/0H0A0252-1024x682.jpg 1024w, https:\/\/www.hoymercedes.com.ar\/principal\/wp-content\/uploads\/2026\/03\/0H0A0252-630x420.jpg 630w, https:\/\/www.hoymercedes.com.ar\/principal\/wp-content\/uploads\/2026\/03\/0H0A0252-150x100.jpg 150w, https:\/\/www.hoymercedes.com.ar\/principal\/wp-content\/uploads\/2026\/03\/0H0A0252.jpg 1319w\" sizes=\"auto, (max-width: 1024px) 100vw, 1024px\" \/><\/figure>\n\n\n\n<p><strong>Logros de la gesti\u00f3n<\/strong><\/p>\n\n\n\n<p>Durante su discurso, adem\u00e1s, el jefe comunal hizo un repaso de los distintos logros alcanzados por su gesti\u00f3n durante 2025.<\/p>\n\n\n\n<p>Red de agua potable: la ciudad sum\u00f3 dos pozos para completar un total de 34 y bajar notoriamente los reclamos por baja presi\u00f3n en la red de agua. En este punto, el intendente remarc\u00f3 especialmente que \u201cno hay antecedentes de personas que hayan sido atendidas en el hospital por consumo de agua con ars\u00e9nico. Todos los a\u00f1os hacemos estudios sobre el agua. Hay que ser muy responsable a la hora de transmitir una noticia, cuidarse de las fake news\u201d.<\/p>\n\n\n\n<p>Red de cloacas e infraestructura: ampliaci\u00f3n de la planta depuradora, nuevo laboratorio, estaci\u00f3n de bombeo en 15 y 58, nuevas conexiones domiciliarias en diferentes barrios, recambio de colector sobre la 29, expansi\u00f3n de red en Gowland y Agote, pavimento en Villa Asunci\u00f3n, nuevo CAPS en avenida 2 y 5, Centro Comunitario y Deportivo N\u00e9stor Kirchner en el barrio Mutti, nuevo Espacio de Primera Infancia en barrio 12 de Octubre, ampliaci\u00f3n y renovaci\u00f3n del Centro de D\u00eda, Anfiteatro en el predio de La Trocha, Paseo de la Ribera, Plaza El Patio en 12 y 21, reinauguraci\u00f3n del Museo Ameghino, canal Santa Mar\u00eda, desag\u00fces pluviales barrios Santa Teresita, San Antonio y Jos\u00e9 Hern\u00e1ndez, obras sobre canales de calles 16 y 15.<\/p>\n\n\n\n<p>En el \u00e1rea de salud, el jefe comunal subray\u00f3 la enorme importancia de la adquisici\u00f3n de un nuevo mam\u00f3grafo, que funciona en el Centro de Diagn\u00f3stico por Im\u00e1genes del municipio y con el que ya se realizaron m\u00e1s de 1.100 estudios. Las demandas en el sistema primario de salud de la ciudad, cont\u00f3 Ustarroz, aumentaron m\u00e1s del 11% respecto de 2024.<\/p>\n\n\n\n<p>Seguridad: la intervenci\u00f3n permanente de operativos de seguridad permiti\u00f3 la baja de los siniestros viales. Para dar un ejemplo, entre noviembre y diciembre se realizaron 130 controles y baj\u00f3 40% la siniestralidad. Ya hay 700 c\u00e1maras de seguridad en funcionamiento y se prev\u00e9 llegar a las mil en el transcurso de 2026. Tambi\u00e9n son m\u00e1s de tres mil las familias que usan la aplicaci\u00f3n Mercedes Alerta y m\u00e1s de 1.300 en el programa Tranqueras Seguras.<\/p>\n\n\n\n<p>Educaci\u00f3n: m\u00e1s de 200 millones de pesos en obras, m\u00e1s de 150 millones de pesos en 40 intervenciones decididas por el programa de presupuesto participativo educativo, formaci\u00f3n de 15 nuevas cooperadoras escolares, incorporaci\u00f3n de 300 ni\u00f1os y ni\u00f1as al sistema educativo p\u00fablico provincial, casi 500 millones de pesos de inversi\u00f3n en Mercedes Aprende Unida.<\/p>\n\n\n\n<p>Ustarroz, finalmente, enumer\u00f3 distintas acciones en \u00e1reas como Cultura, Deporte y Turismo: los talleres culturales, los dispositivos Recreo, los ciclos musicales, la puesta en valor de los museos, el ciclo de teatro independiente y el apoyo a las expresiones art\u00edsticas locales.<\/p>\n\n\n\n<p>Tambi\u00e9n la jerarquizaci\u00f3n de las fiestas populares (salame quintero, durazno, torta frita, galleta de campo), que adem\u00e1s de afianzar la identidad de la ciudad le dan dinamismo a la econom\u00eda local y generan puestos de trabajo; diferentes iniciativas como el Camino de los Bodegones, el Paseo del Vino, el Encuentro de Cerveceros Artesanales, Destino Gin, Encuentro de Queseros, Mercado del Alfajor o el Festival de San Patricio.<\/p>\n\n\n\n<p>La inversi\u00f3n sostenida en los clubes, un rasgo caracter\u00edstico de toda la gesti\u00f3n de Ustarroz, en 2025 se reflej\u00f3 con la construcci\u00f3n de nuevos vestuarios en los clubes Trocha y Defensores; la cancha de p\u00e1del del Cemuadra; las obras en ejecuci\u00f3n en Palometas, club Gowland y Uni\u00f3n; el desarrollo de las escuelas deportivas municipales; la participaci\u00f3n de mercedinos en los Juegos Bonaerense y la interacci\u00f3n entre clubes e instituciones educativas de la ciudad.<\/p>\n\n\n\n<p>Y en Ambiente el jefe comunal record\u00f3 la importancia del Vivero Biotecnol\u00f3gico, que provee de plantas y \u00e1rboles a la ciudad y por cuyos talleres pasan centenares de vecinos y estudiantes; y tambi\u00e9n la distinci\u00f3n recibida como Ciudad \u00c1rbol del Mundo por la Fundaci\u00f3n Arbor Day de los Estados Unidos por el programa permanente de plantaci\u00f3n en zonas urbanas y suburbanas.<\/p>\n","protected":false},"excerpt":{"rendered":"<p>El intendente Juani Ustarroz llam\u00f3 a \u201cpromover la cultura del encuentro, del debate y de la comprensi\u00f3n a pesar de &#8230; <a title=\"Ustarroz pidi\u00f3 \u201cpromover la cultura del encuentro\u201d y priorizar \u201cel inter\u00e9s de nuestro pueblo\u201d\" class=\"read-more\" href=\"https:\/\/www.hoymercedes.com.ar\/principal\/2026\/03\/05\/ustarroz-pidio-promover-la-cultura-del-encuentro-y-priorizar-el-interes-de-nuestro-pueblo\/\" aria-label=\"Leer m\u00e1s sobre Ustarroz pidi\u00f3 \u201cpromover la cultura del encuentro\u201d y priorizar \u201cel inter\u00e9s de nuestro pueblo\u201d\">Leer m\u00e1s<\/a><\/p>\n","protected":false},"author":1,"featured_media":192813,"comment_status":"closed","ping_status":"open","sticky":false,"template":"","format":"standard","meta":{"_monsterinsights_skip_tracking":false,"_monsterinsights_sitenote_active":false,"_monsterinsights_sitenote_note":"","_monsterinsights_sitenote_category":0,"jetpack_post_was_ever_published":false,"_jetpack_newsletter_access":"","_jetpack_dont_email_post_to_subs":false,"_jetpack_newsletter_tier_id":0,"_jetpack_memberships_contains_paywalled_content":false,"_jetpack_memberships_contains_paid_content":false,"footnotes":"","jetpack_publicize_message":"","jetpack_publicize_feature_enabled":true,"jetpack_social_post_already_shared":true,"jetpack_social_options":{"image_generator_settings":{"template":"highway","default_image_id":0,"font":"","enabled":false},"version":2},"_wpas_customize_per_network":false},"categories":[5],"tags":[],"class_list":["post-192812","post","type-post","status-publish","format-standard","has-post-thumbnail","hentry","category-politica","generate-columns","tablet-grid-50","mobile-grid-100","grid-parent","grid-50"],"jetpack_publicize_connections":[],"jetpack_featured_media_url":"https:\/\/www.hoymercedes.com.ar\/principal\/wp-content\/uploads\/2026\/03\/SJA_4070.jpg","wps_subtitle":"","jetpack_sharing_enabled":true,"_links":{"self":[{"href":"https:\/\/www.hoymercedes.com.ar\/principal\/wp-json\/wp\/v2\/posts\/192812","targetHints":{"allow":["GET"]}}],"collection":[{"href":"https:\/\/www.hoymercedes.com.ar\/principal\/wp-json\/wp\/v2\/posts"}],"about":[{"href":"https:\/\/www.hoymercedes.com.ar\/principal\/wp-json\/wp\/v2\/types\/post"}],"author":[{"embeddable":true,"href":"https:\/\/www.hoymercedes.com.ar\/principal\/wp-json\/wp\/v2\/users\/1"}],"replies":[{"embeddable":true,"href":"https:\/\/www.hoymercedes.com.ar\/principal\/wp-json\/wp\/v2\/comments?post=192812"}],"version-history":[{"count":1,"href":"https:\/\/www.hoymercedes.com.ar\/principal\/wp-json\/wp\/v2\/posts\/192812\/revisions"}],"predecessor-version":[{"id":192819,"href":"https:\/\/www.hoymercedes.com.ar\/principal\/wp-json\/wp\/v2\/posts\/192812\/revisions\/192819"}],"wp:featuredmedia":[{"embeddable":true,"href":"https:\/\/www.hoymercedes.com.ar\/principal\/wp-json\/wp\/v2\/media\/192813"}],"wp:attachment":[{"href":"https:\/\/www.hoymercedes.com.ar\/principal\/wp-json\/wp\/v2\/media?parent=192812"}],"wp:term":[{"taxonomy":"category","embeddable":true,"href":"https:\/\/www.hoymercedes.com.ar\/principal\/wp-json\/wp\/v2\/categories?post=192812"},{"taxonomy":"post_tag","embeddable":true,"href":"https:\/\/www.hoymercedes.com.ar\/principal\/wp-json\/wp\/v2\/tags?post=192812"}],"curies":[{"name":"wp","href":"https:\/\/api.w.org\/{rel}","templated":true}]}}