{"id":192837,"date":"2026-03-06T08:30:00","date_gmt":"2026-03-06T11:30:00","guid":{"rendered":"https:\/\/www.hoymercedes.com.ar\/principal\/?p=192837"},"modified":"2026-03-05T23:04:19","modified_gmt":"2026-03-06T02:04:19","slug":"bernardo-zubeldia-los-vecinos-esperan-soluciones-no-solo-anuncios","status":"publish","type":"post","link":"https:\/\/www.hoymercedes.com.ar\/principal\/2026\/03\/06\/bernardo-zubeldia-los-vecinos-esperan-soluciones-no-solo-anuncios\/","title":{"rendered":"Bernardo Zubeld\u00eda: \u201cLos vecinos esperan soluciones, no solo anuncios\u201d"},"content":{"rendered":"\n<p>Tras la apertura del per\u00edodo ordinario de sesiones del Honorable Concejo Deliberante, el concejal Bernardo Zubeld\u00eda realiz\u00f3 un an\u00e1lisis del mensaje del intendente municipal.<\/p>\n\n\n\n<figure class=\"wp-block-image size-large\"><img loading=\"lazy\" decoding=\"async\" width=\"2560\" height=\"2560\" data-attachment-id=\"192840\" data-permalink=\"https:\/\/www.hoymercedes.com.ar\/principal\/whatsapp-image-2026-03-04-at-21-10-20-1-2\/\" data-orig-file=\"https:\/\/www.hoymercedes.com.ar\/principal\/wp-content\/uploads\/2026\/03\/WhatsApp-Image-2026-03-04-at-21.10.20-1-edited-scaled.jpeg\" data-orig-size=\"2560,2560\" data-comments-opened=\"0\" data-image-meta=\"{&quot;aperture&quot;:&quot;0&quot;,&quot;credit&quot;:&quot;&quot;,&quot;camera&quot;:&quot;&quot;,&quot;caption&quot;:&quot;&quot;,&quot;created_timestamp&quot;:&quot;0&quot;,&quot;copyright&quot;:&quot;&quot;,&quot;focal_length&quot;:&quot;0&quot;,&quot;iso&quot;:&quot;0&quot;,&quot;shutter_speed&quot;:&quot;0&quot;,&quot;title&quot;:&quot;&quot;,&quot;orientation&quot;:&quot;0&quot;}\" data-image-title=\"WhatsApp Image 2026-03-04 at 21.10.20 (1)\" data-image-description=\"\" data-image-caption=\"\" data-large-file=\"https:\/\/www.hoymercedes.com.ar\/principal\/wp-content\/uploads\/2026\/03\/WhatsApp-Image-2026-03-04-at-21.10.20-1-edited-1024x1024.jpeg\" src=\"https:\/\/www.hoymercedes.com.ar\/principal\/wp-content\/uploads\/2026\/03\/WhatsApp-Image-2026-03-04-at-21.10.20-1-edited-scaled.jpeg\" alt=\"\" class=\"wp-image-192840\" srcset=\"https:\/\/www.hoymercedes.com.ar\/principal\/wp-content\/uploads\/2026\/03\/WhatsApp-Image-2026-03-04-at-21.10.20-1-edited-scaled.jpeg 2560w, https:\/\/www.hoymercedes.com.ar\/principal\/wp-content\/uploads\/2026\/03\/WhatsApp-Image-2026-03-04-at-21.10.20-1-edited-620x620.jpeg 620w, https:\/\/www.hoymercedes.com.ar\/principal\/wp-content\/uploads\/2026\/03\/WhatsApp-Image-2026-03-04-at-21.10.20-1-edited-1024x1024.jpeg 1024w, https:\/\/www.hoymercedes.com.ar\/principal\/wp-content\/uploads\/2026\/03\/WhatsApp-Image-2026-03-04-at-21.10.20-1-edited-150x150.jpeg 150w, https:\/\/www.hoymercedes.com.ar\/principal\/wp-content\/uploads\/2026\/03\/WhatsApp-Image-2026-03-04-at-21.10.20-1-edited-1536x1536.jpeg 1536w, https:\/\/www.hoymercedes.com.ar\/principal\/wp-content\/uploads\/2026\/03\/WhatsApp-Image-2026-03-04-at-21.10.20-1-edited-2048x2048.jpeg 2048w\" sizes=\"auto, (max-width: 2560px) 100vw, 2560px\" \/><\/figure>\n\n\n\n<p><br>\u201cValoramos la voluntad de gesti\u00f3n expresada en el discurso. Siempre es positivo que se proyecten obras y se planteen objetivos para la ciudad. Nosotros no venimos a poner palos en la rueda, sino a acompa\u00f1ar todo lo que sea beneficioso para Mercedes\u201d, sostuvo.<\/p>\n\n\n\n<p><br>No obstante, el edil se\u00f1al\u00f3 que varios puntos del mensaje dejan interrogantes en cuanto a su concreci\u00f3n y profundidad.<\/p>\n\n\n\n<p><br>\u201cSe mencion\u00f3 la fuerte ca\u00edda de fondos nacionales entre 2023 y 2025. Eso demuestra que la ciudad necesita fortalecerse en la administraci\u00f3n y planificaci\u00f3n de sus propios recursos, para no depender exclusivamente de transferencias externas. La gesti\u00f3n municipal tiene que tener capacidad de adaptaci\u00f3n y eficiencia m\u00e1s all\u00e1 del contexto.\u201d<\/p>\n\n\n\n<p><br>En materia de seguridad, Zubeld\u00eda fue claro:<\/p>\n\n\n\n<p><br>\u201cEstamos viviendo un incremento de situaciones de violencia que generan preocupaci\u00f3n real en la comunidad. Este tema requiere una estrategia clara, coordinaci\u00f3n institucional y decisiones concretas. La seguridad hoy es una prioridad para los vecinos y necesita un abordaje serio y sostenido en el tiempo.\u201d<\/p>\n\n\n\n<p><br>Respecto a la modernizaci\u00f3n del Estado, agreg\u00f3:<\/p>\n\n\n\n<p><br>\u201cHablar de tecnolog\u00eda y modernizaci\u00f3n es un buen objetivo, pero todav\u00eda tenemos expedientes en papel y reclamos sin resolver. La modernizaci\u00f3n debe sentirse en la vida cotidiana del vecino, simplificando tr\u00e1mites y mejorando la respuesta del Municipio.\u201d<\/p>\n\n\n\n<p><br>Sobre infraestructura, indic\u00f3:<\/p>\n\n\n\n<p><br>\u201cLa rotonda en el acceso Manuel San Mart\u00edn es una obra necesaria, al igual que el avance en la licitaci\u00f3n del Puente Garc\u00eda, que esperamos que esta vez se concrete definitivamente. Pero tambi\u00e9n existen reclamos b\u00e1sicos, como la presi\u00f3n de agua en distintos barrios, que siguen sin resolverse como los vecinos esperaban.\u201d<\/p>\n\n\n\n<p><br>En cuanto al eje productivo y ambiental, expres\u00f3:<\/p>\n\n\n\n<p><br>\u201cEs positivo que se reconozca a la producci\u00f3n como un valor estrat\u00e9gico para la ciudad, aunque creemos que esa mirada debi\u00f3 consolidarse mucho antes. Y en materia ambiental, dos jornadas de limpieza del r\u00edo son un comienzo, pero la pol\u00edtica ambiental requiere continuidad y planificaci\u00f3n.\u201d<br>Finalmente, Zubeld\u00eda concluy\u00f3:<\/p>\n\n\n\n<p><br>\u201cMercedes necesita voluntad, s\u00ed, pero sobre todo eficiencia, planificaci\u00f3n y resultados concretos. Los vecinos esperan soluciones reales a los problemas cotidianos, y ese va a ser nuestro compromiso este a\u00f1o legislativo.\u201d<\/p>\n","protected":false},"excerpt":{"rendered":"<p>Tras la apertura del per\u00edodo ordinario de sesiones del Honorable Concejo Deliberante, el concejal Bernardo Zubeld\u00eda realiz\u00f3 un an\u00e1lisis del &#8230; <a title=\"Bernardo Zubeld\u00eda: \u201cLos vecinos esperan soluciones, no solo anuncios\u201d\" class=\"read-more\" href=\"https:\/\/www.hoymercedes.com.ar\/principal\/2026\/03\/06\/bernardo-zubeldia-los-vecinos-esperan-soluciones-no-solo-anuncios\/\" aria-label=\"Leer m\u00e1s sobre Bernardo Zubeld\u00eda: \u201cLos vecinos esperan soluciones, no solo anuncios\u201d\">Leer m\u00e1s<\/a><\/p>\n","protected":false},"author":1,"featured_media":192840,"comment_status":"closed","ping_status":"open","sticky":false,"template":"","format":"standard","meta":{"_monsterinsights_skip_tracking":false,"_monsterinsights_sitenote_active":false,"_monsterinsights_sitenote_note":"","_monsterinsights_sitenote_category":0,"jetpack_post_was_ever_published":false,"_jetpack_newsletter_access":"","_jetpack_dont_email_post_to_subs":false,"_jetpack_newsletter_tier_id":0,"_jetpack_memberships_contains_paywalled_content":false,"_jetpack_memberships_contains_paid_content":false,"footnotes":"","jetpack_publicize_message":"","jetpack_publicize_feature_enabled":true,"jetpack_social_post_already_shared":true,"jetpack_social_options":{"image_generator_settings":{"template":"highway","default_image_id":0,"font":"","enabled":false,"token":"eyJpbWciOiJodHRwczpcL1wvd3d3LmhveW1lcmNlZGVzLmNvbS5hclwvcHJpbmNpcGFsXC93cC1jb250ZW50XC91cGxvYWRzXC8yMDI2XC8wM1wvV2hhdHNBcHAtSW1hZ2UtMjAyNi0wMy0wNC1hdC0yMS4xMC4yMC0xLWVkaXRlZC0xMDI0eDEwMjQuanBlZyIsInR4dCI6IkJlcm5hcmRvIFp1YmVsZFx1MDBlZGE6IFx1MjAxY0xvcyB2ZWNpbm9zIGVzcGVyYW4gc29sdWNpb25lcywgbm8gc29sbyBhbnVuY2lvc1x1MjAxZCIsInRlbXBsYXRlIjoiaGlnaHdheSIsImZvbnQiOiIiLCJibG9nX2lkIjo1MDYzMTU2MX0.m10dOrkiOoLUWt-mKVOKojTzQ8ctnsflc6T_pBBj0xkMQ"},"version":2},"_wpas_customize_per_network":false},"categories":[5],"tags":[],"class_list":["post-192837","post","type-post","status-publish","format-standard","has-post-thumbnail","hentry","category-politica","generate-columns","tablet-grid-50","mobile-grid-100","grid-parent","grid-50"],"jetpack_publicize_connections":[],"jetpack_featured_media_url":"https:\/\/www.hoymercedes.com.ar\/principal\/wp-content\/uploads\/2026\/03\/WhatsApp-Image-2026-03-04-at-21.10.20-1-edited-scaled.jpeg","wps_subtitle":"","jetpack_sharing_enabled":true,"_links":{"self":[{"href":"https:\/\/www.hoymercedes.com.ar\/principal\/wp-json\/wp\/v2\/posts\/192837","targetHints":{"allow":["GET"]}}],"collection":[{"href":"https:\/\/www.hoymercedes.com.ar\/principal\/wp-json\/wp\/v2\/posts"}],"about":[{"href":"https:\/\/www.hoymercedes.com.ar\/principal\/wp-json\/wp\/v2\/types\/post"}],"author":[{"embeddable":true,"href":"https:\/\/www.hoymercedes.com.ar\/principal\/wp-json\/wp\/v2\/users\/1"}],"replies":[{"embeddable":true,"href":"https:\/\/www.hoymercedes.com.ar\/principal\/wp-json\/wp\/v2\/comments?post=192837"}],"version-history":[{"count":1,"href":"https:\/\/www.hoymercedes.com.ar\/principal\/wp-json\/wp\/v2\/posts\/192837\/revisions"}],"predecessor-version":[{"id":192841,"href":"https:\/\/www.hoymercedes.com.ar\/principal\/wp-json\/wp\/v2\/posts\/192837\/revisions\/192841"}],"wp:featuredmedia":[{"embeddable":true,"href":"https:\/\/www.hoymercedes.com.ar\/principal\/wp-json\/wp\/v2\/media\/192840"}],"wp:attachment":[{"href":"https:\/\/www.hoymercedes.com.ar\/principal\/wp-json\/wp\/v2\/media?parent=192837"}],"wp:term":[{"taxonomy":"category","embeddable":true,"href":"https:\/\/www.hoymercedes.com.ar\/principal\/wp-json\/wp\/v2\/categories?post=192837"},{"taxonomy":"post_tag","embeddable":true,"href":"https:\/\/www.hoymercedes.com.ar\/principal\/wp-json\/wp\/v2\/tags?post=192837"}],"curies":[{"name":"wp","href":"https:\/\/api.w.org\/{rel}","templated":true}]}}