{"id":192838,"date":"2026-03-06T10:10:00","date_gmt":"2026-03-06T13:10:00","guid":{"rendered":"https:\/\/www.hoymercedes.com.ar\/principal\/?p=192838"},"modified":"2026-03-06T10:10:50","modified_gmt":"2026-03-06T13:10:50","slug":"con-14-anos-al-volante-provoco-un-choque-fatal-que-conmociona-a-la-region","status":"publish","type":"post","link":"https:\/\/www.hoymercedes.com.ar\/principal\/2026\/03\/06\/con-14-anos-al-volante-provoco-un-choque-fatal-que-conmociona-a-la-region\/","title":{"rendered":"Con 14 a\u00f1os, al volante, provoc\u00f3 un choque fatal que conmociona a la regi\u00f3n"},"content":{"rendered":"\n<figure class=\"wp-block-image size-large is-resized\"><img loading=\"lazy\" decoding=\"async\" width=\"1024\" height=\"576\" data-attachment-id=\"192844\" data-permalink=\"https:\/\/www.hoymercedes.com.ar\/principal\/2026\/03\/06\/con-14-anos-al-volante-provoco-un-choque-fatal-que-conmociona-a-la-region\/siniestrovial-chivilcoy\/#main\" data-orig-file=\"https:\/\/www.hoymercedes.com.ar\/principal\/wp-content\/uploads\/2026\/03\/SiniestroVial-Chivilcoy.webp\" data-orig-size=\"1280,720\" data-comments-opened=\"0\" data-image-meta=\"{&quot;aperture&quot;:&quot;0&quot;,&quot;credit&quot;:&quot;&quot;,&quot;camera&quot;:&quot;&quot;,&quot;caption&quot;:&quot;&quot;,&quot;created_timestamp&quot;:&quot;0&quot;,&quot;copyright&quot;:&quot;&quot;,&quot;focal_length&quot;:&quot;0&quot;,&quot;iso&quot;:&quot;0&quot;,&quot;shutter_speed&quot;:&quot;0&quot;,&quot;title&quot;:&quot;&quot;,&quot;orientation&quot;:&quot;0&quot;}\" data-image-title=\"SiniestroVial-Chivilcoy\" data-image-description=\"&lt;p&gt;Siniestro vial, chivilcoy&lt;\/p&gt;\n\" data-image-caption=\"\" data-large-file=\"https:\/\/www.hoymercedes.com.ar\/principal\/wp-content\/uploads\/2026\/03\/SiniestroVial-Chivilcoy-1024x576.webp\" src=\"https:\/\/www.hoymercedes.com.ar\/principal\/wp-content\/uploads\/2026\/03\/SiniestroVial-Chivilcoy-1024x576.webp\" alt=\"Siniestro vial, chivilcoy\" class=\"wp-image-192844\" style=\"width:1065px;height:auto\" srcset=\"https:\/\/www.hoymercedes.com.ar\/principal\/wp-content\/uploads\/2026\/03\/SiniestroVial-Chivilcoy-1024x576.webp 1024w, https:\/\/www.hoymercedes.com.ar\/principal\/wp-content\/uploads\/2026\/03\/SiniestroVial-Chivilcoy-630x354.webp 630w, https:\/\/www.hoymercedes.com.ar\/principal\/wp-content\/uploads\/2026\/03\/SiniestroVial-Chivilcoy-150x84.webp 150w, https:\/\/www.hoymercedes.com.ar\/principal\/wp-content\/uploads\/2026\/03\/SiniestroVial-Chivilcoy.webp 1280w\" sizes=\"auto, (max-width: 1024px) 100vw, 1024px\" \/><\/figure>\n\n\n\n<p>Ser\u00eda un menor de 14 a\u00f1os quien estaba al volante. Fue en jurisdicci\u00f3n de Chivilcoy. Un tr\u00e1gico siniestro vial tuvo lugar el pasado martes a la altura del kil\u00f3metro 476 de la Ruta Provincial 30. El incidente, que involucr\u00f3 a tres veh\u00edculos, dej\u00f3 como saldo una v\u00edctima fatal y varios heridos, reabriendo el debate sobre la responsabilidad y el control de menores de edad frente al volante.<\/p>\n\n\n\n<p><strong>El hecho<\/strong> <\/p>\n\n\n\n<p>El siniestro se desencaden\u00f3 minutos despu\u00e9s de las 11:00 horas, cuando un Volkswagen Gol Trend perdi\u00f3 el control, mordi\u00f3 la banquina e invadi\u00f3 el carril contrario. Esta maniobra provoc\u00f3 un violento choque frontal contra otro autom\u00f3vil y la posterior colisi\u00f3n de una camioneta, resultando en un triple choque de gran magnitud.<\/p>\n\n\n\n<p><strong>Qui\u00e9nes manejaban<\/strong> <\/p>\n\n\n\n<p>La investigaci\u00f3n confirm\u00f3 que el auto que origin\u00f3 el accidente, el Volkswagen Gol, era conducido por un <strong>menor de apenas 14 a\u00f1os<\/strong>. Seg\u00fan las primeras informaciones, el adolescente habr\u00eda tomado el veh\u00edculo perteneciente a su familia sin el consentimiento de adultos responsables. Al momento del choque, el joven no estaba solo: viajaba acompa\u00f1ado por otros dos menores, de 14 y 16 a\u00f1os respectivamente.<\/p>\n\n\n\n<figure class=\"wp-block-image size-large is-resized\"><img loading=\"lazy\" decoding=\"async\" width=\"1024\" height=\"576\" data-attachment-id=\"192845\" data-permalink=\"https:\/\/www.hoymercedes.com.ar\/principal\/2026\/03\/06\/con-14-anos-al-volante-provoco-un-choque-fatal-que-conmociona-a-la-region\/siniestrovial-chivilcoy-2026\/#main\" data-orig-file=\"https:\/\/www.hoymercedes.com.ar\/principal\/wp-content\/uploads\/2026\/03\/SiniestroVial-Chivilcoy-2026.jpeg\" data-orig-size=\"1280,720\" data-comments-opened=\"0\" data-image-meta=\"{&quot;aperture&quot;:&quot;0&quot;,&quot;credit&quot;:&quot;&quot;,&quot;camera&quot;:&quot;&quot;,&quot;caption&quot;:&quot;&quot;,&quot;created_timestamp&quot;:&quot;0&quot;,&quot;copyright&quot;:&quot;&quot;,&quot;focal_length&quot;:&quot;0&quot;,&quot;iso&quot;:&quot;0&quot;,&quot;shutter_speed&quot;:&quot;0&quot;,&quot;title&quot;:&quot;&quot;,&quot;orientation&quot;:&quot;0&quot;}\" data-image-title=\"SiniestroVial-Chivilcoy &amp;#8211; 2026\" data-image-description=\"\" data-image-caption=\"\" data-large-file=\"https:\/\/www.hoymercedes.com.ar\/principal\/wp-content\/uploads\/2026\/03\/SiniestroVial-Chivilcoy-2026-1024x576.jpeg\" src=\"https:\/\/www.hoymercedes.com.ar\/principal\/wp-content\/uploads\/2026\/03\/SiniestroVial-Chivilcoy-2026-1024x576.jpeg\" alt=\"\" class=\"wp-image-192845\" style=\"width:1073px;height:auto\" srcset=\"https:\/\/www.hoymercedes.com.ar\/principal\/wp-content\/uploads\/2026\/03\/SiniestroVial-Chivilcoy-2026-1024x576.jpeg 1024w, https:\/\/www.hoymercedes.com.ar\/principal\/wp-content\/uploads\/2026\/03\/SiniestroVial-Chivilcoy-2026-630x354.jpeg 630w, https:\/\/www.hoymercedes.com.ar\/principal\/wp-content\/uploads\/2026\/03\/SiniestroVial-Chivilcoy-2026-150x84.jpeg 150w, https:\/\/www.hoymercedes.com.ar\/principal\/wp-content\/uploads\/2026\/03\/SiniestroVial-Chivilcoy-2026.jpeg 1280w\" sizes=\"auto, (max-width: 1024px) 100vw, 1024px\" \/><\/figure>\n\n\n\n<p><strong>Desenlace y v\u00edctimas<\/strong> La peor parte del siniestro la llev\u00f3 <strong>Rodolfo Marcelo L\u00f3pez<\/strong>, un vecino de 52 a\u00f1os oriundo de Rawson, quien falleci\u00f3 a causa de las graves heridas recibidas. L\u00f3pez viajaba acompa\u00f1ado por Eliana Orellanos, quien sobrevivi\u00f3 al impacto pero debi\u00f3 ser trasladada de urgencia al Hospital Municipal de Chivilcoy, donde permanece bajo observaci\u00f3n.<\/p>\n\n\n\n<p>En cuanto a los ocupantes del veh\u00edculo conducido por el menor, los tres j\u00f3venes sufrieron heridas de diversa consideraci\u00f3n. Mientras que uno de los acompa\u00f1antes ya recibi\u00f3 el alta, el conductor de 14 a\u00f1os y el otro adolescente de 16 contin\u00faan internados.<\/p>\n\n\n\n<p>La causa se encuentra en manos de la Fiscal\u00eda de Menores, aunque el proceso judicial avanza lentamente debido al estado de salud del principal involucrado, a quien a\u00fan no se le ha podido tomar declaraci\u00f3n. Mientras tanto, la comunidad de Rawson despidi\u00f3 con profundo dolor los restos de L\u00f3pez en una ceremonia realizada este mi\u00e9rcoles.<\/p>\n\n\n\n<p>Foto: La Razon <\/p>\n","protected":false},"excerpt":{"rendered":"<p>Ser\u00eda un menor de 14 a\u00f1os quien estaba al volante. Fue en jurisdicci\u00f3n de Chivilcoy. Un tr\u00e1gico siniestro vial tuvo &#8230; <a title=\"Con 14 a\u00f1os, al volante, provoc\u00f3 un choque fatal que conmociona a la regi\u00f3n\" class=\"read-more\" href=\"https:\/\/www.hoymercedes.com.ar\/principal\/2026\/03\/06\/con-14-anos-al-volante-provoco-un-choque-fatal-que-conmociona-a-la-region\/\" aria-label=\"Leer m\u00e1s sobre Con 14 a\u00f1os, al volante, provoc\u00f3 un choque fatal que conmociona a la regi\u00f3n\">Leer m\u00e1s<\/a><\/p>\n","protected":false},"author":1,"featured_media":192844,"comment_status":"closed","ping_status":"open","sticky":false,"template":"","format":"standard","meta":{"_monsterinsights_skip_tracking":false,"_monsterinsights_sitenote_active":false,"_monsterinsights_sitenote_note":"","_monsterinsights_sitenote_category":0,"jetpack_post_was_ever_published":false,"_jetpack_newsletter_access":"","_jetpack_dont_email_post_to_subs":false,"_jetpack_newsletter_tier_id":0,"_jetpack_memberships_contains_paywalled_content":false,"_jetpack_memberships_contains_paid_content":false,"footnotes":"","jetpack_publicize_message":"","jetpack_publicize_feature_enabled":true,"jetpack_social_post_already_shared":false,"jetpack_social_options":{"image_generator_settings":{"template":"highway","default_image_id":0,"font":"","enabled":false},"version":2},"_wpas_customize_per_network":false},"categories":[8,5501],"tags":[62,21008,21009,10395],"class_list":["post-192838","post","type-post","status-publish","format-standard","has-post-thumbnail","hentry","category-sociedad","category-region","tag-chivilcoy","tag-menor-al-volante","tag-rawason","tag-siniestro-vial","generate-columns","tablet-grid-50","mobile-grid-100","grid-parent","grid-50"],"jetpack_publicize_connections":[],"jetpack_featured_media_url":"https:\/\/www.hoymercedes.com.ar\/principal\/wp-content\/uploads\/2026\/03\/SiniestroVial-Chivilcoy.webp","wps_subtitle":"","jetpack_sharing_enabled":true,"_links":{"self":[{"href":"https:\/\/www.hoymercedes.com.ar\/principal\/wp-json\/wp\/v2\/posts\/192838","targetHints":{"allow":["GET"]}}],"collection":[{"href":"https:\/\/www.hoymercedes.com.ar\/principal\/wp-json\/wp\/v2\/posts"}],"about":[{"href":"https:\/\/www.hoymercedes.com.ar\/principal\/wp-json\/wp\/v2\/types\/post"}],"author":[{"embeddable":true,"href":"https:\/\/www.hoymercedes.com.ar\/principal\/wp-json\/wp\/v2\/users\/1"}],"replies":[{"embeddable":true,"href":"https:\/\/www.hoymercedes.com.ar\/principal\/wp-json\/wp\/v2\/comments?post=192838"}],"version-history":[{"count":1,"href":"https:\/\/www.hoymercedes.com.ar\/principal\/wp-json\/wp\/v2\/posts\/192838\/revisions"}],"predecessor-version":[{"id":192848,"href":"https:\/\/www.hoymercedes.com.ar\/principal\/wp-json\/wp\/v2\/posts\/192838\/revisions\/192848"}],"wp:featuredmedia":[{"embeddable":true,"href":"https:\/\/www.hoymercedes.com.ar\/principal\/wp-json\/wp\/v2\/media\/192844"}],"wp:attachment":[{"href":"https:\/\/www.hoymercedes.com.ar\/principal\/wp-json\/wp\/v2\/media?parent=192838"}],"wp:term":[{"taxonomy":"category","embeddable":true,"href":"https:\/\/www.hoymercedes.com.ar\/principal\/wp-json\/wp\/v2\/categories?post=192838"},{"taxonomy":"post_tag","embeddable":true,"href":"https:\/\/www.hoymercedes.com.ar\/principal\/wp-json\/wp\/v2\/tags?post=192838"}],"curies":[{"name":"wp","href":"https:\/\/api.w.org\/{rel}","templated":true}]}}