{"id":192842,"date":"2026-03-06T09:05:00","date_gmt":"2026-03-06T12:05:00","guid":{"rendered":"https:\/\/www.hoymercedes.com.ar\/principal\/?p=192842"},"modified":"2026-03-05T23:12:17","modified_gmt":"2026-03-06T02:12:17","slug":"la-ucr-de-mercedes-pidio-avanzar-en-seguridad-y-educacion-tras-el-discurso-de-ustarroz","status":"publish","type":"post","link":"https:\/\/www.hoymercedes.com.ar\/principal\/2026\/03\/06\/la-ucr-de-mercedes-pidio-avanzar-en-seguridad-y-educacion-tras-el-discurso-de-ustarroz\/","title":{"rendered":"La UCR de Mercedes pidi\u00f3 avanzar en seguridad y educaci\u00f3n tras el discurso de Ustarroz"},"content":{"rendered":"\n<p>Luego de la inauguraci\u00f3n de las <strong>Sesiones Ordinarias del Concejo Deliberante 2026<\/strong>, realizada en el <strong>Teatro Argentino<\/strong>, el presidente del bloque de concejales de la <strong>Uni\u00f3n C\u00edvica Radical (UCR)<\/strong>, <strong>Daniel Ivaldis<\/strong>, se refiri\u00f3 a los anuncios del intendente <strong>Juan Ignacio Ustarroz<\/strong> y plante\u00f3 los principales temas que, seg\u00fan su espacio, deber\u00e1n ser prioridad durante el a\u00f1o legislativo.<\/p>\n\n\n\n<figure class=\"wp-block-image size-full\"><img loading=\"lazy\" decoding=\"async\" width=\"640\" height=\"427\" data-attachment-id=\"192843\" data-permalink=\"https:\/\/www.hoymercedes.com.ar\/principal\/2026\/03\/06\/la-ucr-de-mercedes-pidio-avanzar-en-seguridad-y-educacion-tras-el-discurso-de-ustarroz\/image-283\/#main\" data-orig-file=\"https:\/\/www.hoymercedes.com.ar\/principal\/wp-content\/uploads\/2026\/03\/image-12.png\" data-orig-size=\"640,427\" data-comments-opened=\"0\" data-image-meta=\"{&quot;aperture&quot;:&quot;0&quot;,&quot;credit&quot;:&quot;&quot;,&quot;camera&quot;:&quot;&quot;,&quot;caption&quot;:&quot;&quot;,&quot;created_timestamp&quot;:&quot;0&quot;,&quot;copyright&quot;:&quot;&quot;,&quot;focal_length&quot;:&quot;0&quot;,&quot;iso&quot;:&quot;0&quot;,&quot;shutter_speed&quot;:&quot;0&quot;,&quot;title&quot;:&quot;&quot;,&quot;orientation&quot;:&quot;0&quot;}\" data-image-title=\"image\" data-image-description=\"\" data-image-caption=\"\" data-large-file=\"https:\/\/www.hoymercedes.com.ar\/principal\/wp-content\/uploads\/2026\/03\/image-12.png\" src=\"https:\/\/www.hoymercedes.com.ar\/principal\/wp-content\/uploads\/2026\/03\/image-12.png\" alt=\"\" class=\"wp-image-192843\" srcset=\"https:\/\/www.hoymercedes.com.ar\/principal\/wp-content\/uploads\/2026\/03\/image-12.png 640w, https:\/\/www.hoymercedes.com.ar\/principal\/wp-content\/uploads\/2026\/03\/image-12-630x420.png 630w, https:\/\/www.hoymercedes.com.ar\/principal\/wp-content\/uploads\/2026\/03\/image-12-150x100.png 150w\" sizes=\"auto, (max-width: 640px) 100vw, 640px\" \/><\/figure>\n\n\n\n<p>El edil radical sostuvo que <strong>\u201chay mucho para trabajar en cuestiones de seguridad y educaci\u00f3n\u201d<\/strong>, y remarc\u00f3 que gran parte de la comunidad reclama <strong>una mayor presencia y compromiso del Departamento Ejecutivo en estas \u00e1reas sensibles<\/strong>.<\/p>\n\n\n\n<p>Ivaldis tambi\u00e9n hizo referencia a la situaci\u00f3n del tr\u00e1nsito en la ciudad y se\u00f1al\u00f3 que <strong>\u201cMercedes parece estar un poquito desordenada en t\u00e9rminos viales y de tr\u00e1nsito\u201d<\/strong>, al tiempo que mencion\u00f3 las obras de infraestructura anunciadas para este a\u00f1o.<\/p>\n\n\n\n<p>En ese sentido, indic\u00f3 que desde el bloque estar\u00e1n atentos al avance de los trabajos previstos. <strong>\u201cAlgunas obras que estaban proyectadas para 2025 no se han hecho o no se han terminado\u201d,<\/strong> advirti\u00f3.<\/p>\n\n\n\n<p>Por \u00faltimo, desde la UCR manifestaron expectativas de cara a <strong>la primera sesi\u00f3n ordinaria del Concejo Deliberante, prevista para el lunes 9<\/strong>, donde se tratar\u00e1n diversos proyectos vinculados a <strong>los intereses de los vecinos de la ciudad<\/strong>.<\/p>\n","protected":false},"excerpt":{"rendered":"<p>Luego de la inauguraci\u00f3n de las Sesiones Ordinarias del Concejo Deliberante 2026, realizada en el Teatro Argentino, el presidente del &#8230; <a title=\"La UCR de Mercedes pidi\u00f3 avanzar en seguridad y educaci\u00f3n tras el discurso de Ustarroz\" class=\"read-more\" href=\"https:\/\/www.hoymercedes.com.ar\/principal\/2026\/03\/06\/la-ucr-de-mercedes-pidio-avanzar-en-seguridad-y-educacion-tras-el-discurso-de-ustarroz\/\" aria-label=\"Leer m\u00e1s sobre La UCR de Mercedes pidi\u00f3 avanzar en seguridad y educaci\u00f3n tras el discurso de Ustarroz\">Leer m\u00e1s<\/a><\/p>\n","protected":false},"author":1,"featured_media":192843,"comment_status":"closed","ping_status":"open","sticky":false,"template":"","format":"standard","meta":{"_monsterinsights_skip_tracking":false,"_monsterinsights_sitenote_active":false,"_monsterinsights_sitenote_note":"","_monsterinsights_sitenote_category":0,"jetpack_post_was_ever_published":false,"_jetpack_newsletter_access":"","_jetpack_dont_email_post_to_subs":false,"_jetpack_newsletter_tier_id":0,"_jetpack_memberships_contains_paywalled_content":false,"_jetpack_memberships_contains_paid_content":false,"footnotes":"","jetpack_publicize_message":"","jetpack_publicize_feature_enabled":true,"jetpack_social_post_already_shared":true,"jetpack_social_options":{"image_generator_settings":{"template":"highway","default_image_id":0,"font":"","enabled":false,"token":"eyJpbWciOiJodHRwczpcL1wvd3d3LmhveW1lcmNlZGVzLmNvbS5hclwvcHJpbmNpcGFsXC93cC1jb250ZW50XC91cGxvYWRzXC8yMDI2XC8wM1wvaW1hZ2UtMTIucG5nIiwidHh0IjoiTGEgVUNSIGRlIE1lcmNlZGVzIHBpZGlcdTAwZjMgYXZhbnphciBlbiBzZWd1cmlkYWQgeSBlZHVjYWNpXHUwMGYzbiB0cmFzIGVsIGRpc2N1cnNvIGRlIFVzdGFycm96IiwidGVtcGxhdGUiOiJoaWdod2F5IiwiZm9udCI6IiIsImJsb2dfaWQiOjUwNjMxNTYxfQ.V7n9YuupPaEzm_uN1pMe2Woh150DUFsqfJ7N_b6usSwMQ"},"version":2},"_wpas_customize_per_network":false},"categories":[5],"tags":[],"class_list":["post-192842","post","type-post","status-publish","format-standard","has-post-thumbnail","hentry","category-politica","generate-columns","tablet-grid-50","mobile-grid-100","grid-parent","grid-50"],"jetpack_publicize_connections":[],"jetpack_featured_media_url":"https:\/\/www.hoymercedes.com.ar\/principal\/wp-content\/uploads\/2026\/03\/image-12.png","wps_subtitle":"","jetpack_sharing_enabled":true,"_links":{"self":[{"href":"https:\/\/www.hoymercedes.com.ar\/principal\/wp-json\/wp\/v2\/posts\/192842","targetHints":{"allow":["GET"]}}],"collection":[{"href":"https:\/\/www.hoymercedes.com.ar\/principal\/wp-json\/wp\/v2\/posts"}],"about":[{"href":"https:\/\/www.hoymercedes.com.ar\/principal\/wp-json\/wp\/v2\/types\/post"}],"author":[{"embeddable":true,"href":"https:\/\/www.hoymercedes.com.ar\/principal\/wp-json\/wp\/v2\/users\/1"}],"replies":[{"embeddable":true,"href":"https:\/\/www.hoymercedes.com.ar\/principal\/wp-json\/wp\/v2\/comments?post=192842"}],"version-history":[{"count":1,"href":"https:\/\/www.hoymercedes.com.ar\/principal\/wp-json\/wp\/v2\/posts\/192842\/revisions"}],"predecessor-version":[{"id":192846,"href":"https:\/\/www.hoymercedes.com.ar\/principal\/wp-json\/wp\/v2\/posts\/192842\/revisions\/192846"}],"wp:featuredmedia":[{"embeddable":true,"href":"https:\/\/www.hoymercedes.com.ar\/principal\/wp-json\/wp\/v2\/media\/192843"}],"wp:attachment":[{"href":"https:\/\/www.hoymercedes.com.ar\/principal\/wp-json\/wp\/v2\/media?parent=192842"}],"wp:term":[{"taxonomy":"category","embeddable":true,"href":"https:\/\/www.hoymercedes.com.ar\/principal\/wp-json\/wp\/v2\/categories?post=192842"},{"taxonomy":"post_tag","embeddable":true,"href":"https:\/\/www.hoymercedes.com.ar\/principal\/wp-json\/wp\/v2\/tags?post=192842"}],"curies":[{"name":"wp","href":"https:\/\/api.w.org\/{rel}","templated":true}]}}