{"id":192847,"date":"2026-03-06T12:45:00","date_gmt":"2026-03-06T15:45:00","guid":{"rendered":"https:\/\/www.hoymercedes.com.ar\/principal\/?p=192847"},"modified":"2026-03-06T10:17:06","modified_gmt":"2026-03-06T13:17:06","slug":"la-defensoria-del-pueblo-participo-de-una-jornada-institucional-por-el-dia-internacional-de-las-mujeres-trabajadoras-8m","status":"publish","type":"post","link":"https:\/\/www.hoymercedes.com.ar\/principal\/2026\/03\/06\/la-defensoria-del-pueblo-participo-de-una-jornada-institucional-por-el-dia-internacional-de-las-mujeres-trabajadoras-8m\/","title":{"rendered":"La Defensor\u00eda del Pueblo particip\u00f3 de una jornada institucional por el D\u00eda Internacional de las Mujeres Trabajadoras &#8211; 8M"},"content":{"rendered":"\n<p>La Defensor\u00eda del Pueblo de la provincia de Buenos Aires particip\u00f3 hoy de una jornada organizada en el marco del D\u00eda Internacional de las Mujeres Trabajadoras (8M), convocada conjuntamente por el Ministerio de Mujeres y Diversidad de la Provincia de Buenos Aires y la Suprema Corte de Justicia de la Provincia de Buenos Aires. La actividad se llev\u00f3 a cabo en el Teatro Argentino de La Plata.<\/p>\n\n\n\n<figure class=\"wp-block-image size-large\"><img loading=\"lazy\" decoding=\"async\" width=\"1024\" height=\"644\" data-attachment-id=\"192849\" data-permalink=\"https:\/\/www.hoymercedes.com.ar\/principal\/2026\/03\/06\/la-defensoria-del-pueblo-participo-de-una-jornada-institucional-por-el-dia-internacional-de-las-mujeres-trabajadoras-8m\/whatsapp-image-2026-03-05-at-18-55-42\/#main\" data-orig-file=\"https:\/\/www.hoymercedes.com.ar\/principal\/wp-content\/uploads\/2026\/03\/WhatsApp-Image-2026-03-05-at-18.55.42.jpeg\" data-orig-size=\"1079,679\" data-comments-opened=\"0\" data-image-meta=\"{&quot;aperture&quot;:&quot;0&quot;,&quot;credit&quot;:&quot;&quot;,&quot;camera&quot;:&quot;&quot;,&quot;caption&quot;:&quot;&quot;,&quot;created_timestamp&quot;:&quot;0&quot;,&quot;copyright&quot;:&quot;&quot;,&quot;focal_length&quot;:&quot;0&quot;,&quot;iso&quot;:&quot;0&quot;,&quot;shutter_speed&quot;:&quot;0&quot;,&quot;title&quot;:&quot;&quot;,&quot;orientation&quot;:&quot;0&quot;}\" data-image-title=\"WhatsApp Image 2026-03-05 at 18.55.42\" data-image-description=\"\" data-image-caption=\"\" data-large-file=\"https:\/\/www.hoymercedes.com.ar\/principal\/wp-content\/uploads\/2026\/03\/WhatsApp-Image-2026-03-05-at-18.55.42-1024x644.jpeg\" src=\"https:\/\/www.hoymercedes.com.ar\/principal\/wp-content\/uploads\/2026\/03\/WhatsApp-Image-2026-03-05-at-18.55.42-1024x644.jpeg\" alt=\"\" class=\"wp-image-192849\" srcset=\"https:\/\/www.hoymercedes.com.ar\/principal\/wp-content\/uploads\/2026\/03\/WhatsApp-Image-2026-03-05-at-18.55.42-1024x644.jpeg 1024w, https:\/\/www.hoymercedes.com.ar\/principal\/wp-content\/uploads\/2026\/03\/WhatsApp-Image-2026-03-05-at-18.55.42-630x396.jpeg 630w, https:\/\/www.hoymercedes.com.ar\/principal\/wp-content\/uploads\/2026\/03\/WhatsApp-Image-2026-03-05-at-18.55.42-150x94.jpeg 150w, https:\/\/www.hoymercedes.com.ar\/principal\/wp-content\/uploads\/2026\/03\/WhatsApp-Image-2026-03-05-at-18.55.42.jpeg 1079w\" sizes=\"auto, (max-width: 1024px) 100vw, 1024px\" \/><\/figure>\n\n\n\n<p>La participaci\u00f3n de la Defensor\u00eda se enmarc\u00f3 en su car\u00e1cter de integrante del Consejo de la Administraci\u00f3n P\u00fablica Provincial, en tanto espacio de trabajo interagencial orientado a fortalecer las pol\u00edticas p\u00fablicas destinadas a la prevenci\u00f3n y abordaje de las violencias por razones de g\u00e9nero.<\/p>\n\n\n\n<p>La jornada incluy\u00f3 el desarrollo de mesas tem\u00e1ticas con exposiciones de autoridades y representantes de distintos organismos del Estado provincial, con el objetivo de afianzar la integralidad en el abordaje de las violencias por razones de g\u00e9nero y promover una mirada interseccional en las pol\u00edticas p\u00fablicas.<\/p>\n\n\n\n<p>Como parte de la actividad, tambi\u00e9n se present\u00f3 la obra teatral Prima Facie, protagonizada por Julieta Zylberberg, que propone una reflexi\u00f3n sobre el acceso a la justicia y las violencias que atraviesan a las mujeres.<\/p>\n\n\n\n<p>El acto de cierre estuvo encabezado por el gobernador de la provincia de Buenos Aires, Axel Kicillof; la vicegobernadora Ver\u00f3nica Magario; la presidenta de la Suprema Corte bonaerense, Hilda Kogan; la ministra de Mujeres y Diversidad, Estela D\u00edaz; y el presidente del Colegio de Magistrados y Funcionarios de la provincia de Buenos Aires, Mat\u00edas Rappazzo.<\/p>\n","protected":false},"excerpt":{"rendered":"<p>La Defensor\u00eda del Pueblo de la provincia de Buenos Aires particip\u00f3 hoy de una jornada organizada en el marco del &#8230; <a title=\"La Defensor\u00eda del Pueblo particip\u00f3 de una jornada institucional por el D\u00eda Internacional de las Mujeres Trabajadoras &#8211; 8M\" class=\"read-more\" href=\"https:\/\/www.hoymercedes.com.ar\/principal\/2026\/03\/06\/la-defensoria-del-pueblo-participo-de-una-jornada-institucional-por-el-dia-internacional-de-las-mujeres-trabajadoras-8m\/\" aria-label=\"Leer m\u00e1s sobre La Defensor\u00eda del Pueblo particip\u00f3 de una jornada institucional por el D\u00eda Internacional de las Mujeres Trabajadoras &#8211; 8M\">Leer m\u00e1s<\/a><\/p>\n","protected":false},"author":1,"featured_media":192849,"comment_status":"closed","ping_status":"open","sticky":false,"template":"","format":"standard","meta":{"_monsterinsights_skip_tracking":false,"_monsterinsights_sitenote_active":false,"_monsterinsights_sitenote_note":"","_monsterinsights_sitenote_category":0,"jetpack_post_was_ever_published":false,"_jetpack_newsletter_access":"","_jetpack_dont_email_post_to_subs":false,"_jetpack_newsletter_tier_id":0,"_jetpack_memberships_contains_paywalled_content":false,"_jetpack_memberships_contains_paid_content":false,"footnotes":"","jetpack_publicize_message":"","jetpack_publicize_feature_enabled":true,"jetpack_social_post_already_shared":true,"jetpack_social_options":{"image_generator_settings":{"template":"highway","default_image_id":0,"font":"","enabled":false},"version":2},"_wpas_customize_per_network":false},"categories":[8],"tags":[],"class_list":["post-192847","post","type-post","status-publish","format-standard","has-post-thumbnail","hentry","category-sociedad","generate-columns","tablet-grid-50","mobile-grid-100","grid-parent","grid-50"],"jetpack_publicize_connections":[],"jetpack_featured_media_url":"https:\/\/www.hoymercedes.com.ar\/principal\/wp-content\/uploads\/2026\/03\/WhatsApp-Image-2026-03-05-at-18.55.42.jpeg","wps_subtitle":"","jetpack_sharing_enabled":true,"_links":{"self":[{"href":"https:\/\/www.hoymercedes.com.ar\/principal\/wp-json\/wp\/v2\/posts\/192847","targetHints":{"allow":["GET"]}}],"collection":[{"href":"https:\/\/www.hoymercedes.com.ar\/principal\/wp-json\/wp\/v2\/posts"}],"about":[{"href":"https:\/\/www.hoymercedes.com.ar\/principal\/wp-json\/wp\/v2\/types\/post"}],"author":[{"embeddable":true,"href":"https:\/\/www.hoymercedes.com.ar\/principal\/wp-json\/wp\/v2\/users\/1"}],"replies":[{"embeddable":true,"href":"https:\/\/www.hoymercedes.com.ar\/principal\/wp-json\/wp\/v2\/comments?post=192847"}],"version-history":[{"count":1,"href":"https:\/\/www.hoymercedes.com.ar\/principal\/wp-json\/wp\/v2\/posts\/192847\/revisions"}],"predecessor-version":[{"id":192851,"href":"https:\/\/www.hoymercedes.com.ar\/principal\/wp-json\/wp\/v2\/posts\/192847\/revisions\/192851"}],"wp:featuredmedia":[{"embeddable":true,"href":"https:\/\/www.hoymercedes.com.ar\/principal\/wp-json\/wp\/v2\/media\/192849"}],"wp:attachment":[{"href":"https:\/\/www.hoymercedes.com.ar\/principal\/wp-json\/wp\/v2\/media?parent=192847"}],"wp:term":[{"taxonomy":"category","embeddable":true,"href":"https:\/\/www.hoymercedes.com.ar\/principal\/wp-json\/wp\/v2\/categories?post=192847"},{"taxonomy":"post_tag","embeddable":true,"href":"https:\/\/www.hoymercedes.com.ar\/principal\/wp-json\/wp\/v2\/tags?post=192847"}],"curies":[{"name":"wp","href":"https:\/\/api.w.org\/{rel}","templated":true}]}}