{"id":192852,"date":"2026-03-06T18:17:00","date_gmt":"2026-03-06T21:17:00","guid":{"rendered":"https:\/\/www.hoymercedes.com.ar\/principal\/?p=192852"},"modified":"2026-03-05T23:19:37","modified_gmt":"2026-03-06T02:19:37","slug":"seguridad-vial-vecinos-por-mercedes-exige-mejoras-urgentes-en-el-acceso-san-martin","status":"publish","type":"post","link":"https:\/\/www.hoymercedes.com.ar\/principal\/2026\/03\/06\/seguridad-vial-vecinos-por-mercedes-exige-mejoras-urgentes-en-el-acceso-san-martin\/","title":{"rendered":"Seguridad vial: Vecinos por Mercedes exige mejoras urgentes en el Acceso San Mart\u00edn"},"content":{"rendered":"\n<p>El bloque legislativo present\u00f3 un proyecto de resoluci\u00f3n para se\u00f1alizar bulevares y colocar reductores de velocidad entre las calles 110 y 132. La iniciativa surge ante la preocupaci\u00f3n vecinal por la falta de visibilidad y el exceso de velocidad en la zona<\/p>\n\n\n\n<figure class=\"wp-block-image size-large\"><img loading=\"lazy\" decoding=\"async\" width=\"768\" height=\"1024\" data-attachment-id=\"192853\" data-permalink=\"https:\/\/www.hoymercedes.com.ar\/principal\/2026\/03\/06\/seguridad-vial-vecinos-por-mercedes-exige-mejoras-urgentes-en-el-acceso-san-martin\/whatsapp-image-2026-03-05-at-14-32-37\/#main\" data-orig-file=\"https:\/\/www.hoymercedes.com.ar\/principal\/wp-content\/uploads\/2026\/03\/WhatsApp-Image-2026-03-05-at-14.32.37-scaled.jpeg\" data-orig-size=\"1920,2560\" data-comments-opened=\"0\" data-image-meta=\"{&quot;aperture&quot;:&quot;0&quot;,&quot;credit&quot;:&quot;&quot;,&quot;camera&quot;:&quot;&quot;,&quot;caption&quot;:&quot;&quot;,&quot;created_timestamp&quot;:&quot;0&quot;,&quot;copyright&quot;:&quot;&quot;,&quot;focal_length&quot;:&quot;0&quot;,&quot;iso&quot;:&quot;0&quot;,&quot;shutter_speed&quot;:&quot;0&quot;,&quot;title&quot;:&quot;&quot;,&quot;orientation&quot;:&quot;0&quot;}\" data-image-title=\"WhatsApp Image 2026-03-05 at 14.32.37\" data-image-description=\"\" data-image-caption=\"\" data-large-file=\"https:\/\/www.hoymercedes.com.ar\/principal\/wp-content\/uploads\/2026\/03\/WhatsApp-Image-2026-03-05-at-14.32.37-768x1024.jpeg\" src=\"https:\/\/www.hoymercedes.com.ar\/principal\/wp-content\/uploads\/2026\/03\/WhatsApp-Image-2026-03-05-at-14.32.37-768x1024.jpeg\" alt=\"\" class=\"wp-image-192853\" srcset=\"https:\/\/www.hoymercedes.com.ar\/principal\/wp-content\/uploads\/2026\/03\/WhatsApp-Image-2026-03-05-at-14.32.37-768x1024.jpeg 768w, https:\/\/www.hoymercedes.com.ar\/principal\/wp-content\/uploads\/2026\/03\/WhatsApp-Image-2026-03-05-at-14.32.37-465x620.jpeg 465w, https:\/\/www.hoymercedes.com.ar\/principal\/wp-content\/uploads\/2026\/03\/WhatsApp-Image-2026-03-05-at-14.32.37-113x150.jpeg 113w, https:\/\/www.hoymercedes.com.ar\/principal\/wp-content\/uploads\/2026\/03\/WhatsApp-Image-2026-03-05-at-14.32.37-1152x1536.jpeg 1152w, https:\/\/www.hoymercedes.com.ar\/principal\/wp-content\/uploads\/2026\/03\/WhatsApp-Image-2026-03-05-at-14.32.37-1536x2048.jpeg 1536w, https:\/\/www.hoymercedes.com.ar\/principal\/wp-content\/uploads\/2026\/03\/WhatsApp-Image-2026-03-05-at-14.32.37-scaled.jpeg 1920w\" sizes=\"auto, (max-width: 768px) 100vw, 768px\" \/><\/figure>\n\n\n\n<p>En el marco de una intensa agenda legislativa, el bloque Vecinos por Mercedes ingres\u00f3 formalmente un proyecto de resoluci\u00f3n en el Honorable Concejo Deliberante (HCD) con el objetivo de intervenir de manera urgente sobre el Acceso San Mart\u00edn.<\/p>\n\n\n\n<p>La iniciativa, que lleva las firmas de los concejales Bernardo Zubeld\u00eda y Romanela Vautretto, busca mitigar los riesgos de siniestros viales en uno de los principales puntos de ingreso y egreso a la ciudad.<\/p>\n\n\n\n<p>El proyecto (Expediente 35\/26) pone el foco en el tramo comprendido entre las calles 110 y 132. Seg\u00fan los fundamentos presentados por los ediles, la zona presenta un estado cr\u00edtico de desatenci\u00f3n en materia de infraestructura vial, destac\u00e1ndose la falta de pintura reflectiva en los separadores centrales (bulevares) y la ausencia de se\u00f1alizaci\u00f3n vertical y horizontal.<\/p>\n\n\n\n<p>El articulado del proyecto solicita al Departamento Ejecutivo Municipal, a trav\u00e9s de las \u00e1reas t\u00e9cnicas correspondientes, el cumplimiento de las siguientes medidas:<\/p>\n\n\n\n<ul class=\"wp-block-list\">\n<li>Se\u00f1alizaci\u00f3n y demarcaci\u00f3n: Correcta identificaci\u00f3n de los separadores centrales para evitar colisiones.<\/li>\n\n\n\n<li>Pintura preventiva: Uso de materiales de alta visibilidad para mejorar la advertencia a conductores en horarios nocturnos o de baja visibilidad.<\/li>\n\n\n\n<li>Reductores de velocidad: Implementaci\u00f3n de elementos f\u00edsicos y se\u00f1al\u00e9tica espec\u00edfica para obligar a disminuir la velocidad de circulaci\u00f3n.<\/li>\n<\/ul>\n\n\n\n<p>Una respuesta a la demanda vecinal<\/p>\n\n\n\n<p>\u00abEl acceso es utilizado diariamente por una gran cantidad de veh\u00edculos particulares, transporte y motocicletas. La falta de mantenimiento actual genera situaciones de peligro constante\u00bb, se\u00f1alaron desde el bloque.<\/p>\n\n\n\n<p>La fundamentaci\u00f3n subraya que es deber del Estado municipal garantizar condiciones seguras de circulaci\u00f3n, especialmente ante las reiteradas denuncias de los vecinos de la zona sobre la alta velocidad de los veh\u00edculos.<\/p>\n\n\n\n<p>Este nuevo movimiento legislativo confirma la prol\u00edfica actividad de Vecinos por Mercedes en el recinto, manteniendo una agenda orientada a la seguridad p\u00fablica y la mejora del entorno urbano. El proyecto ahora aguarda su tratamiento en comisi\u00f3n para luego ser elevado a votaci\u00f3n en el pleno del cuerpo deliberativo.<\/p>\n\n\n\n<p>El documento ingres\u00f3 formalmente por Secretar\u00eda del HCD este 5 de marzo, quedando registrado bajo el n\u00famero de orden 35\/26.<\/p>\n","protected":false},"excerpt":{"rendered":"<p>El bloque legislativo present\u00f3 un proyecto de resoluci\u00f3n para se\u00f1alizar bulevares y colocar reductores de velocidad entre las calles 110 &#8230; <a title=\"Seguridad vial: Vecinos por Mercedes exige mejoras urgentes en el Acceso San Mart\u00edn\" class=\"read-more\" href=\"https:\/\/www.hoymercedes.com.ar\/principal\/2026\/03\/06\/seguridad-vial-vecinos-por-mercedes-exige-mejoras-urgentes-en-el-acceso-san-martin\/\" aria-label=\"Leer m\u00e1s sobre Seguridad vial: Vecinos por Mercedes exige mejoras urgentes en el Acceso San Mart\u00edn\">Leer m\u00e1s<\/a><\/p>\n","protected":false},"author":1,"featured_media":192853,"comment_status":"closed","ping_status":"open","sticky":false,"template":"","format":"standard","meta":{"_monsterinsights_skip_tracking":false,"_monsterinsights_sitenote_active":false,"_monsterinsights_sitenote_note":"","_monsterinsights_sitenote_category":0,"jetpack_post_was_ever_published":false,"_jetpack_newsletter_access":"","_jetpack_dont_email_post_to_subs":false,"_jetpack_newsletter_tier_id":0,"_jetpack_memberships_contains_paywalled_content":false,"_jetpack_memberships_contains_paid_content":false,"footnotes":"","jetpack_publicize_message":"","jetpack_publicize_feature_enabled":true,"jetpack_social_post_already_shared":true,"jetpack_social_options":{"image_generator_settings":{"template":"highway","default_image_id":0,"font":"","enabled":false},"version":2},"_wpas_customize_per_network":false},"categories":[5],"tags":[],"class_list":["post-192852","post","type-post","status-publish","format-standard","has-post-thumbnail","hentry","category-politica","generate-columns","tablet-grid-50","mobile-grid-100","grid-parent","grid-50"],"jetpack_publicize_connections":[],"jetpack_featured_media_url":"https:\/\/www.hoymercedes.com.ar\/principal\/wp-content\/uploads\/2026\/03\/WhatsApp-Image-2026-03-05-at-14.32.37-scaled.jpeg","wps_subtitle":"","jetpack_sharing_enabled":true,"_links":{"self":[{"href":"https:\/\/www.hoymercedes.com.ar\/principal\/wp-json\/wp\/v2\/posts\/192852","targetHints":{"allow":["GET"]}}],"collection":[{"href":"https:\/\/www.hoymercedes.com.ar\/principal\/wp-json\/wp\/v2\/posts"}],"about":[{"href":"https:\/\/www.hoymercedes.com.ar\/principal\/wp-json\/wp\/v2\/types\/post"}],"author":[{"embeddable":true,"href":"https:\/\/www.hoymercedes.com.ar\/principal\/wp-json\/wp\/v2\/users\/1"}],"replies":[{"embeddable":true,"href":"https:\/\/www.hoymercedes.com.ar\/principal\/wp-json\/wp\/v2\/comments?post=192852"}],"version-history":[{"count":1,"href":"https:\/\/www.hoymercedes.com.ar\/principal\/wp-json\/wp\/v2\/posts\/192852\/revisions"}],"predecessor-version":[{"id":192854,"href":"https:\/\/www.hoymercedes.com.ar\/principal\/wp-json\/wp\/v2\/posts\/192852\/revisions\/192854"}],"wp:featuredmedia":[{"embeddable":true,"href":"https:\/\/www.hoymercedes.com.ar\/principal\/wp-json\/wp\/v2\/media\/192853"}],"wp:attachment":[{"href":"https:\/\/www.hoymercedes.com.ar\/principal\/wp-json\/wp\/v2\/media?parent=192852"}],"wp:term":[{"taxonomy":"category","embeddable":true,"href":"https:\/\/www.hoymercedes.com.ar\/principal\/wp-json\/wp\/v2\/categories?post=192852"},{"taxonomy":"post_tag","embeddable":true,"href":"https:\/\/www.hoymercedes.com.ar\/principal\/wp-json\/wp\/v2\/tags?post=192852"}],"curies":[{"name":"wp","href":"https:\/\/api.w.org\/{rel}","templated":true}]}}