{"id":192856,"date":"2026-03-06T11:14:00","date_gmt":"2026-03-06T14:14:00","guid":{"rendered":"https:\/\/www.hoymercedes.com.ar\/principal\/?p=192856"},"modified":"2026-03-06T10:15:56","modified_gmt":"2026-03-06T13:15:56","slug":"mercedes-fue-sede-del-pre-congreso-regional-con-la-presencia-de-nicolas-kreplak","status":"publish","type":"post","link":"https:\/\/www.hoymercedes.com.ar\/principal\/2026\/03\/06\/mercedes-fue-sede-del-pre-congreso-regional-con-la-presencia-de-nicolas-kreplak\/","title":{"rendered":"Mercedes fue sede del Pre-Congreso Regional con la presencia de Nicol\u00e1s Kreplak"},"content":{"rendered":"\n<p>El intendente&nbsp;<strong>Juan Ignacio Ustarroz&nbsp;<\/strong>recibi\u00f3 al ministro&nbsp;<strong>Dr. Nicol\u00e1s Kreplak<\/strong>, para llevar adelante un nuevo precongreso de salud. El encuentro cont\u00f3 con la presencia de 6 intendentes de la regi\u00f3n y m\u00e1s de 200 asistentes.&nbsp;<strong>El Dr, N\u00e9stor Pisapia<\/strong>&nbsp;expres\u00f3 la satisfacci\u00f3n por la valiosa jornada vivida. Fue con participantes de toda la Regi\u00f3n Sanitaria X, a cargo de la&nbsp;<strong>Dr. Carolina Di Napoli<\/strong>, en La Trocha.<\/p>\n\n\n\n<figure class=\"wp-block-image size-large\"><img loading=\"lazy\" decoding=\"async\" width=\"1024\" height=\"683\" data-attachment-id=\"192857\" data-permalink=\"https:\/\/www.hoymercedes.com.ar\/principal\/2026\/03\/06\/mercedes-fue-sede-del-pre-congreso-regional-con-la-presencia-de-nicolas-kreplak\/congreso-salud\/#main\" data-orig-file=\"https:\/\/www.hoymercedes.com.ar\/principal\/wp-content\/uploads\/2026\/03\/Congreso-Salud-scaled.jpg\" data-orig-size=\"2560,1707\" data-comments-opened=\"0\" data-image-meta=\"{&quot;aperture&quot;:&quot;0&quot;,&quot;credit&quot;:&quot;&quot;,&quot;camera&quot;:&quot;&quot;,&quot;caption&quot;:&quot;&quot;,&quot;created_timestamp&quot;:&quot;0&quot;,&quot;copyright&quot;:&quot;&quot;,&quot;focal_length&quot;:&quot;0&quot;,&quot;iso&quot;:&quot;0&quot;,&quot;shutter_speed&quot;:&quot;0&quot;,&quot;title&quot;:&quot;&quot;,&quot;orientation&quot;:&quot;0&quot;}\" data-image-title=\"Congreso-Salud\" data-image-description=\"\" data-image-caption=\"\" data-large-file=\"https:\/\/www.hoymercedes.com.ar\/principal\/wp-content\/uploads\/2026\/03\/Congreso-Salud-1024x683.jpg\" src=\"https:\/\/www.hoymercedes.com.ar\/principal\/wp-content\/uploads\/2026\/03\/Congreso-Salud-1024x683.jpg\" alt=\"\" class=\"wp-image-192857\" srcset=\"https:\/\/www.hoymercedes.com.ar\/principal\/wp-content\/uploads\/2026\/03\/Congreso-Salud-1024x683.jpg 1024w, https:\/\/www.hoymercedes.com.ar\/principal\/wp-content\/uploads\/2026\/03\/Congreso-Salud-630x420.jpg 630w, https:\/\/www.hoymercedes.com.ar\/principal\/wp-content\/uploads\/2026\/03\/Congreso-Salud-150x100.jpg 150w, https:\/\/www.hoymercedes.com.ar\/principal\/wp-content\/uploads\/2026\/03\/Congreso-Salud-1536x1024.jpg 1536w, https:\/\/www.hoymercedes.com.ar\/principal\/wp-content\/uploads\/2026\/03\/Congreso-Salud-2048x1366.jpg 2048w\" sizes=\"auto, (max-width: 1024px) 100vw, 1024px\" \/><\/figure>\n\n\n\n<p><strong>Encuentro<\/strong><\/p>\n\n\n\n<p>El ministro de Salud de la provincia de Buenos Aires, Nicol\u00e1s Kreplak, encabez\u00f3 el precongreso de salud de la Regi\u00f3n Sanitaria X en Mercedes, donde present\u00f3 un diagn\u00f3stico y los principales avances en materia sanitaria de la regi\u00f3n, en un escenario nacional marcado por una fuerte retracci\u00f3n del financiamiento en salud. Cont\u00f3 con la presencia de los intendentes Jorge Gaute de Alberti, Sergio Barengui de Bragado, Jorge Britos de Chivilcoy, Juan Jos\u00e9 Salom\u00f3n de Saladillo, Juan Mancini de Suipacha, Maximiliano Sciaini de Roque P\u00e9rez, Germ\u00e1n Lago, senador provincial, el ex ministro Dr. Daniel Gollan y secretarios y subsecretarios de todas las localidades de la Regi\u00f3n X:<\/p>\n\n\n\n<p><strong>Contexto<\/strong><\/p>\n\n\n\n<p>En un contexto marcado por la incertidumbre econ\u00f3mica y el aumento de la demanda en el sector p\u00fablico, la ciudad de Mercedes fue escenario del 2\u00b0 Pre-Congreso de Salud de la Regi\u00f3n Sanitaria X (PrecoSapro). El evento funcion\u00f3 como un espacio de \u00abrendici\u00f3n de cuentas\u00bb y planificaci\u00f3n estrat\u00e9gica para los municipios de la zona.<\/p>\n\n\n\n<p>Durante su intervenci\u00f3n, el ministro Kreplak fue enf\u00e1tico al exponer que \u00abla salud no es solamente un m\u00e9dico que te atiende, es un sistema que planifica y est\u00e1 preparado preventivamente\u00bb, se\u00f1al\u00f3.<\/p>\n\n\n\n<figure class=\"wp-block-image size-large\"><img loading=\"lazy\" decoding=\"async\" width=\"1024\" height=\"683\" data-attachment-id=\"192858\" data-permalink=\"https:\/\/www.hoymercedes.com.ar\/principal\/2026\/03\/06\/mercedes-fue-sede-del-pre-congreso-regional-con-la-presencia-de-nicolas-kreplak\/congreso-salud2\/#main\" data-orig-file=\"https:\/\/www.hoymercedes.com.ar\/principal\/wp-content\/uploads\/2026\/03\/Congreso-Salud2-scaled.jpg\" data-orig-size=\"2560,1707\" data-comments-opened=\"0\" data-image-meta=\"{&quot;aperture&quot;:&quot;0&quot;,&quot;credit&quot;:&quot;&quot;,&quot;camera&quot;:&quot;&quot;,&quot;caption&quot;:&quot;&quot;,&quot;created_timestamp&quot;:&quot;0&quot;,&quot;copyright&quot;:&quot;&quot;,&quot;focal_length&quot;:&quot;0&quot;,&quot;iso&quot;:&quot;0&quot;,&quot;shutter_speed&quot;:&quot;0&quot;,&quot;title&quot;:&quot;&quot;,&quot;orientation&quot;:&quot;0&quot;}\" data-image-title=\"Congreso-Salud2\" data-image-description=\"\" data-image-caption=\"\" data-large-file=\"https:\/\/www.hoymercedes.com.ar\/principal\/wp-content\/uploads\/2026\/03\/Congreso-Salud2-1024x683.jpg\" src=\"https:\/\/www.hoymercedes.com.ar\/principal\/wp-content\/uploads\/2026\/03\/Congreso-Salud2-1024x683.jpg\" alt=\"\" class=\"wp-image-192858\" srcset=\"https:\/\/www.hoymercedes.com.ar\/principal\/wp-content\/uploads\/2026\/03\/Congreso-Salud2-1024x683.jpg 1024w, https:\/\/www.hoymercedes.com.ar\/principal\/wp-content\/uploads\/2026\/03\/Congreso-Salud2-630x420.jpg 630w, https:\/\/www.hoymercedes.com.ar\/principal\/wp-content\/uploads\/2026\/03\/Congreso-Salud2-150x100.jpg 150w, https:\/\/www.hoymercedes.com.ar\/principal\/wp-content\/uploads\/2026\/03\/Congreso-Salud2-1536x1024.jpg 1536w, https:\/\/www.hoymercedes.com.ar\/principal\/wp-content\/uploads\/2026\/03\/Congreso-Salud2-2048x1366.jpg 2048w\" sizes=\"auto, (max-width: 1024px) 100vw, 1024px\" \/><\/figure>\n\n\n\n<p><strong>Dubarry<\/strong><\/p>\n\n\n\n<p><strong>Kreplak<\/strong>&nbsp;tambi\u00e9n destac\u00f3 el rol del Hospital Blas de Dubarry en Mercedes, calific\u00e1ndolo como un \u00aborgullo regional\u00bb por su creciente complejidad en \u00e1reas como la neurocirug\u00eda, funcionando como una cabecera clave en la red sanitaria provincial.<\/p>\n\n\n\n<p><strong>Complejo<\/strong><\/p>\n\n\n\n<p>Por su parte, el intendente&nbsp;<strong>Juan Ignacio Ustarroz<\/strong>&nbsp;alert\u00f3 sobre la cr\u00edtica situaci\u00f3n financiera que atraviesan los municipios debido a la fuerte ca\u00edda de la coparticipaci\u00f3n. \u00abHist\u00f3ricamente, los municipios del interior pagaban salarios con la coparticipaci\u00f3n; hoy esa realidad ya no existe\u00bb, explic\u00f3.<\/p>\n\n\n\n<p>Ustarroz detall\u00f3 que esta crisis impacta doblemente en el sistema local. \u00abVemos un aumento de la demanda del 40% en el sistema p\u00fablico de salud. Eso implica administrar mucha m\u00e1s demanda con menos recursos\u00bb.<\/p>\n\n\n\n<p>El jefe comunal tambi\u00e9n denunci\u00f3 una \u00abl\u00f3gica de mercado\u00bb que intenta imponerse. \u00abSi la salud es una mercanc\u00eda, el que tiene plata se atiende y el que no, no. Frente a eso, reivindicamos un sistema provincial donde no hay intermediaci\u00f3n de dinero y se atiende a todo paciente por igual\u00bb, sentenci\u00f3.<\/p>\n\n\n\n<p><strong>Asistencia<\/strong><\/p>\n\n\n\n<p>La reuni\u00f3n tuvo una amplia exposici\u00f3n del ministro ante m\u00e1s de 200 asistentes en el galp\u00f3n de La Trocha, para luego dividirse en grupos tem\u00e1ticos y trabajar en talleres. Finalmente se hizo una puesta en com\u00fan con intervenci\u00f3n de representantes de todas las localidades de la Regi\u00f3n Sanitaria.<\/p>\n\n\n\n<p><strong>Datos<\/strong><\/p>\n\n\n\n<p>En esta oportunidad, algunos de los datos que se presentaron durante la jornada, tienen que ver con el impacto de las pol\u00edticas de ajuste y desregulaci\u00f3n por parte del Gobierno nacional con recortes del 34% en hospitales nacionales, 44% en programas sanitarios, acompa\u00f1ado de un incremento del 283% en medicamentos y del 398% en cuotas de medicina prepaga.<\/p>\n\n\n\n<p>En el caso de la PBA, el sistema p\u00fablico absorbi\u00f3 una mayor demanda: actualmente el 48% de las internaciones provinciales corresponden a personas con cobertura, y en espec\u00edfico, en la Regi\u00f3n Sanitaria X pas\u00f3 del 57% en 2023 al 60% en 2025.<\/p>\n\n\n\n<p>En este contexto, la Provincia contin\u00faa profundizando el Plan Quinquenal de Salud con eje en la Red Bonaerense de Atenci\u00f3n y Cuidados, y el modelo de Cuidados Progresivos. \u00abHay que organizarse, planificar y gestionar los recursos. La salud no es solamente un m\u00e9dico que te atiende, es un sistema que planifica, que est\u00e1 preventivamente preparado para que cuando llegue ese momento o del accidente o de la enfermedad o del problema, estemos a la altura\u00bb, remarc\u00f3 el ministro bonaerense.<\/p>\n","protected":false},"excerpt":{"rendered":"<p>El intendente&nbsp;Juan Ignacio Ustarroz&nbsp;recibi\u00f3 al ministro&nbsp;Dr. Nicol\u00e1s Kreplak, para llevar adelante un nuevo precongreso de salud. El encuentro cont\u00f3 con &#8230; <a title=\"Mercedes fue sede del Pre-Congreso Regional con la presencia de Nicol\u00e1s Kreplak\" class=\"read-more\" href=\"https:\/\/www.hoymercedes.com.ar\/principal\/2026\/03\/06\/mercedes-fue-sede-del-pre-congreso-regional-con-la-presencia-de-nicolas-kreplak\/\" aria-label=\"Leer m\u00e1s sobre Mercedes fue sede del Pre-Congreso Regional con la presencia de Nicol\u00e1s Kreplak\">Leer m\u00e1s<\/a><\/p>\n","protected":false},"author":1,"featured_media":192857,"comment_status":"closed","ping_status":"open","sticky":false,"template":"","format":"standard","meta":{"_monsterinsights_skip_tracking":false,"_monsterinsights_sitenote_active":false,"_monsterinsights_sitenote_note":"","_monsterinsights_sitenote_category":0,"jetpack_post_was_ever_published":false,"_jetpack_newsletter_access":"","_jetpack_dont_email_post_to_subs":false,"_jetpack_newsletter_tier_id":0,"_jetpack_memberships_contains_paywalled_content":false,"_jetpack_memberships_contains_paid_content":false,"footnotes":"","jetpack_publicize_message":"","jetpack_publicize_feature_enabled":true,"jetpack_social_post_already_shared":true,"jetpack_social_options":{"image_generator_settings":{"template":"highway","default_image_id":0,"font":"","enabled":false},"version":2},"_wpas_customize_per_network":false},"categories":[9791],"tags":[],"class_list":["post-192856","post","type-post","status-publish","format-standard","has-post-thumbnail","hentry","category-salud","generate-columns","tablet-grid-50","mobile-grid-100","grid-parent","grid-50"],"jetpack_publicize_connections":[],"jetpack_featured_media_url":"https:\/\/www.hoymercedes.com.ar\/principal\/wp-content\/uploads\/2026\/03\/Congreso-Salud-scaled.jpg","wps_subtitle":"","jetpack_sharing_enabled":true,"_links":{"self":[{"href":"https:\/\/www.hoymercedes.com.ar\/principal\/wp-json\/wp\/v2\/posts\/192856","targetHints":{"allow":["GET"]}}],"collection":[{"href":"https:\/\/www.hoymercedes.com.ar\/principal\/wp-json\/wp\/v2\/posts"}],"about":[{"href":"https:\/\/www.hoymercedes.com.ar\/principal\/wp-json\/wp\/v2\/types\/post"}],"author":[{"embeddable":true,"href":"https:\/\/www.hoymercedes.com.ar\/principal\/wp-json\/wp\/v2\/users\/1"}],"replies":[{"embeddable":true,"href":"https:\/\/www.hoymercedes.com.ar\/principal\/wp-json\/wp\/v2\/comments?post=192856"}],"version-history":[{"count":1,"href":"https:\/\/www.hoymercedes.com.ar\/principal\/wp-json\/wp\/v2\/posts\/192856\/revisions"}],"predecessor-version":[{"id":192859,"href":"https:\/\/www.hoymercedes.com.ar\/principal\/wp-json\/wp\/v2\/posts\/192856\/revisions\/192859"}],"wp:featuredmedia":[{"embeddable":true,"href":"https:\/\/www.hoymercedes.com.ar\/principal\/wp-json\/wp\/v2\/media\/192857"}],"wp:attachment":[{"href":"https:\/\/www.hoymercedes.com.ar\/principal\/wp-json\/wp\/v2\/media?parent=192856"}],"wp:term":[{"taxonomy":"category","embeddable":true,"href":"https:\/\/www.hoymercedes.com.ar\/principal\/wp-json\/wp\/v2\/categories?post=192856"},{"taxonomy":"post_tag","embeddable":true,"href":"https:\/\/www.hoymercedes.com.ar\/principal\/wp-json\/wp\/v2\/tags?post=192856"}],"curies":[{"name":"wp","href":"https:\/\/api.w.org\/{rel}","templated":true}]}}