{"id":192860,"date":"2026-03-06T13:27:00","date_gmt":"2026-03-06T16:27:00","guid":{"rendered":"https:\/\/www.hoymercedes.com.ar\/principal\/?p=192860"},"modified":"2026-03-05T23:28:46","modified_gmt":"2026-03-06T02:28:46","slug":"nueva-campana-de-recoleccion-de-residuos-electronicos-para-promover-el-cuidado-ambiental","status":"publish","type":"post","link":"https:\/\/www.hoymercedes.com.ar\/principal\/2026\/03\/06\/nueva-campana-de-recoleccion-de-residuos-electronicos-para-promover-el-cuidado-ambiental\/","title":{"rendered":"Nueva campa\u00f1a de recolecci\u00f3n de residuos electr\u00f3nicos para promover el cuidado ambiental"},"content":{"rendered":"\n<p>El municipio de la ciudad ha puesto en marcha una nueva jornada de retiro de Residuos de Aparatos El\u00e9ctricos y Electr\u00f3nicos (RAEE), una iniciativa que busca dar respuesta a la creciente acumulaci\u00f3n de dispositivos en desuso en los hogares. El programa tiene como objetivo principal garantizar que estos elementos reciban una gesti\u00f3n adecuada, evitando que terminen en basurales a cielo abierto y promoviendo la recuperaci\u00f3n de materiales mediante el reciclaje, destacaron desde el \u00e1rea dependiente de la secretar\u00eda de salud, a cargo de&nbsp;<strong>Marcelo Bello.&nbsp;<\/strong><\/p>\n\n\n\n<figure class=\"wp-block-image size-large\"><img loading=\"lazy\" decoding=\"async\" width=\"1024\" height=\"682\" data-attachment-id=\"192861\" data-permalink=\"https:\/\/www.hoymercedes.com.ar\/principal\/2026\/03\/06\/nueva-campana-de-recoleccion-de-residuos-electronicos-para-promover-el-cuidado-ambiental\/reciclaje-electricos\/#main\" data-orig-file=\"https:\/\/www.hoymercedes.com.ar\/principal\/wp-content\/uploads\/2026\/03\/Reciclaje-Electricos.jpg\" data-orig-size=\"1319,879\" data-comments-opened=\"0\" data-image-meta=\"{&quot;aperture&quot;:&quot;0&quot;,&quot;credit&quot;:&quot;seba_avila_1&quot;,&quot;camera&quot;:&quot;&quot;,&quot;caption&quot;:&quot;&quot;,&quot;created_timestamp&quot;:&quot;0&quot;,&quot;copyright&quot;:&quot;&quot;,&quot;focal_length&quot;:&quot;0&quot;,&quot;iso&quot;:&quot;0&quot;,&quot;shutter_speed&quot;:&quot;0&quot;,&quot;title&quot;:&quot;&quot;,&quot;orientation&quot;:&quot;0&quot;}\" data-image-title=\"Reciclaje-Electricos\" data-image-description=\"\" data-image-caption=\"\" data-large-file=\"https:\/\/www.hoymercedes.com.ar\/principal\/wp-content\/uploads\/2026\/03\/Reciclaje-Electricos-1024x682.jpg\" src=\"https:\/\/www.hoymercedes.com.ar\/principal\/wp-content\/uploads\/2026\/03\/Reciclaje-Electricos-1024x682.jpg\" alt=\"\" class=\"wp-image-192861\" srcset=\"https:\/\/www.hoymercedes.com.ar\/principal\/wp-content\/uploads\/2026\/03\/Reciclaje-Electricos-1024x682.jpg 1024w, https:\/\/www.hoymercedes.com.ar\/principal\/wp-content\/uploads\/2026\/03\/Reciclaje-Electricos-630x420.jpg 630w, https:\/\/www.hoymercedes.com.ar\/principal\/wp-content\/uploads\/2026\/03\/Reciclaje-Electricos-150x100.jpg 150w, https:\/\/www.hoymercedes.com.ar\/principal\/wp-content\/uploads\/2026\/03\/Reciclaje-Electricos.jpg 1319w\" sizes=\"auto, (max-width: 1024px) 100vw, 1024px\" \/><\/figure>\n\n\n\n<p>Desde la organizaci\u00f3n explicaron que los RAEE representan un desaf\u00edo ambiental significativo, ya que contienen componentes que pueden resultar altamente contaminantes si no se manipulan de forma correcta. Al separarlos de la basura com\u00fan, se previene la filtraci\u00f3n de sustancias nocivas en el suelo y el agua, protegiendo as\u00ed la salud de toda la comunidad. En este sentido, se invita a los vecinos a acercar computadoras, notebooks, impresoras, celulares, cargadores, televisores, monitores y diversos perif\u00e9ricos como cables o teclados.<\/p>\n\n\n\n<p>La campa\u00f1a tambi\u00e9n incluye la recepci\u00f3n de peque\u00f1os electrodom\u00e9sticos que ya no funcionan.<\/p>\n\n\n\n<p>\u00abSe recuerda a los ciudadanos que la gesti\u00f3n responsable de estos desechos es una acci\u00f3n concreta de compromiso con el entorno, permitiendo que metales y pl\u00e1sticos se reinserten en el ciclo productivo bajo los principios de la econom\u00eda circular\u00bb mencionaron desde Ambiente.&nbsp;<\/p>\n\n\n\n<p>Aquellos interesados en participar de esta jornada pueden acercar sus dispositivos al Punto Verde ubicado en la intersecci\u00f3n de las&nbsp;<strong>calles 29 y 6<\/strong>.<\/p>\n\n\n\n<p>El centro de recepci\u00f3n funciona de&nbsp;<strong>lunes a viernes en el horario de 8 a 14 hs<\/strong>.&nbsp;<\/p>\n","protected":false},"excerpt":{"rendered":"<p>El municipio de la ciudad ha puesto en marcha una nueva jornada de retiro de Residuos de Aparatos El\u00e9ctricos y &#8230; <a title=\"Nueva campa\u00f1a de recolecci\u00f3n de residuos electr\u00f3nicos para promover el cuidado ambiental\" class=\"read-more\" href=\"https:\/\/www.hoymercedes.com.ar\/principal\/2026\/03\/06\/nueva-campana-de-recoleccion-de-residuos-electronicos-para-promover-el-cuidado-ambiental\/\" aria-label=\"Leer m\u00e1s sobre Nueva campa\u00f1a de recolecci\u00f3n de residuos electr\u00f3nicos para promover el cuidado ambiental\">Leer m\u00e1s<\/a><\/p>\n","protected":false},"author":1,"featured_media":192861,"comment_status":"closed","ping_status":"open","sticky":false,"template":"","format":"standard","meta":{"_monsterinsights_skip_tracking":false,"_monsterinsights_sitenote_active":false,"_monsterinsights_sitenote_note":"","_monsterinsights_sitenote_category":0,"jetpack_post_was_ever_published":false,"_jetpack_newsletter_access":"","_jetpack_dont_email_post_to_subs":false,"_jetpack_newsletter_tier_id":0,"_jetpack_memberships_contains_paywalled_content":false,"_jetpack_memberships_contains_paid_content":false,"footnotes":"","jetpack_publicize_message":"","jetpack_publicize_feature_enabled":true,"jetpack_social_post_already_shared":true,"jetpack_social_options":{"image_generator_settings":{"template":"highway","default_image_id":0,"font":"","enabled":false},"version":2},"_wpas_customize_per_network":false},"categories":[8],"tags":[],"class_list":["post-192860","post","type-post","status-publish","format-standard","has-post-thumbnail","hentry","category-sociedad","generate-columns","tablet-grid-50","mobile-grid-100","grid-parent","grid-50"],"jetpack_publicize_connections":[],"jetpack_featured_media_url":"https:\/\/www.hoymercedes.com.ar\/principal\/wp-content\/uploads\/2026\/03\/Reciclaje-Electricos.jpg","wps_subtitle":"","jetpack_sharing_enabled":true,"_links":{"self":[{"href":"https:\/\/www.hoymercedes.com.ar\/principal\/wp-json\/wp\/v2\/posts\/192860","targetHints":{"allow":["GET"]}}],"collection":[{"href":"https:\/\/www.hoymercedes.com.ar\/principal\/wp-json\/wp\/v2\/posts"}],"about":[{"href":"https:\/\/www.hoymercedes.com.ar\/principal\/wp-json\/wp\/v2\/types\/post"}],"author":[{"embeddable":true,"href":"https:\/\/www.hoymercedes.com.ar\/principal\/wp-json\/wp\/v2\/users\/1"}],"replies":[{"embeddable":true,"href":"https:\/\/www.hoymercedes.com.ar\/principal\/wp-json\/wp\/v2\/comments?post=192860"}],"version-history":[{"count":1,"href":"https:\/\/www.hoymercedes.com.ar\/principal\/wp-json\/wp\/v2\/posts\/192860\/revisions"}],"predecessor-version":[{"id":192862,"href":"https:\/\/www.hoymercedes.com.ar\/principal\/wp-json\/wp\/v2\/posts\/192860\/revisions\/192862"}],"wp:featuredmedia":[{"embeddable":true,"href":"https:\/\/www.hoymercedes.com.ar\/principal\/wp-json\/wp\/v2\/media\/192861"}],"wp:attachment":[{"href":"https:\/\/www.hoymercedes.com.ar\/principal\/wp-json\/wp\/v2\/media?parent=192860"}],"wp:term":[{"taxonomy":"category","embeddable":true,"href":"https:\/\/www.hoymercedes.com.ar\/principal\/wp-json\/wp\/v2\/categories?post=192860"},{"taxonomy":"post_tag","embeddable":true,"href":"https:\/\/www.hoymercedes.com.ar\/principal\/wp-json\/wp\/v2\/tags?post=192860"}],"curies":[{"name":"wp","href":"https:\/\/api.w.org\/{rel}","templated":true}]}}