{"id":192863,"date":"2026-03-06T10:28:00","date_gmt":"2026-03-06T13:28:00","guid":{"rendered":"https:\/\/www.hoymercedes.com.ar\/principal\/?p=192863"},"modified":"2026-03-06T10:15:40","modified_gmt":"2026-03-06T13:15:40","slug":"pollacchi-afirma-que-se-necesita-un-municipio-mas-moderno-agil-y-mas-abierto-a-la-inversion","status":"publish","type":"post","link":"https:\/\/www.hoymercedes.com.ar\/principal\/2026\/03\/06\/pollacchi-afirma-que-se-necesita-un-municipio-mas-moderno-agil-y-mas-abierto-a-la-inversion\/","title":{"rendered":"Pollacchi afirma que se necesita \u00abun municipio m\u00e1s moderno, \u00e1gil y m\u00e1s abierto a la inversi\u00f3n\u00bb"},"content":{"rendered":"\n<p>Pasado el acto protocolar del inicio de sesiones ordinarias y el mensaje anual del Intendente ante la comunidad y los  asamblea legislativa, el <strong>Concejal Mauricio Pollacchi<\/strong> del bloque La Libertad Avanza analiz\u00f3 las palabras del Jefe Comunal y responde a algunas cuestiones planteadas por Juan Ignacio Ustarroz. <\/p>\n\n\n<div class=\"wp-block-image\">\n<figure class=\"aligncenter size-full\"><img loading=\"lazy\" decoding=\"async\" width=\"794\" height=\"596\" data-attachment-id=\"192864\" data-permalink=\"https:\/\/www.hoymercedes.com.ar\/principal\/2026\/03\/06\/pollacchi-afirma-que-se-necesita-un-municipio-mas-moderno-agil-y-mas-abierto-a-la-inversion\/mauricio-5\/#main\" data-orig-file=\"https:\/\/www.hoymercedes.com.ar\/principal\/wp-content\/uploads\/2026\/03\/Mauricio-5.jpg\" data-orig-size=\"794,596\" data-comments-opened=\"0\" data-image-meta=\"{&quot;aperture&quot;:&quot;0&quot;,&quot;credit&quot;:&quot;&quot;,&quot;camera&quot;:&quot;&quot;,&quot;caption&quot;:&quot;&quot;,&quot;created_timestamp&quot;:&quot;0&quot;,&quot;copyright&quot;:&quot;&quot;,&quot;focal_length&quot;:&quot;0&quot;,&quot;iso&quot;:&quot;0&quot;,&quot;shutter_speed&quot;:&quot;0&quot;,&quot;title&quot;:&quot;&quot;,&quot;orientation&quot;:&quot;0&quot;}\" data-image-title=\"Mauricio 5\" data-image-description=\"\" data-image-caption=\"\" data-large-file=\"https:\/\/www.hoymercedes.com.ar\/principal\/wp-content\/uploads\/2026\/03\/Mauricio-5.jpg\" src=\"https:\/\/www.hoymercedes.com.ar\/principal\/wp-content\/uploads\/2026\/03\/Mauricio-5.jpg\" alt=\"\" class=\"wp-image-192864\" srcset=\"https:\/\/www.hoymercedes.com.ar\/principal\/wp-content\/uploads\/2026\/03\/Mauricio-5.jpg 794w, https:\/\/www.hoymercedes.com.ar\/principal\/wp-content\/uploads\/2026\/03\/Mauricio-5-630x473.jpg 630w, https:\/\/www.hoymercedes.com.ar\/principal\/wp-content\/uploads\/2026\/03\/Mauricio-5-150x113.jpg 150w\" sizes=\"auto, (max-width: 794px) 100vw, 794px\" \/><\/figure>\n<\/div>\n\n\n<p>Pollacchi comenz\u00f3 su an\u00e1lisis respondiendo a la alusi\u00f3n a los fondos nacionales. \u00ab<strong>Cuando se menciona la baja de fondos provenientes de la Naci\u00f3n, es importante recordar un principio b\u00e1sico de nuestra organizaci\u00f3n institucional: la Argentina es un pa\u00eds Federal. Las ciudades no pueden depender de transferencias discrecionales del gobierno nacional para realizar obras b\u00e1sicas, como asfaltar algunas calles de un barrio. Ese esquema respondi\u00f3 durante a\u00f1os a una l\u00f3gica profundamente unitaria que se aparta del esp\u00edritu de nuestra Constituci\u00f3n. Los municipios deben fortalecer su autonom\u00eda administrativa y financiera y planificar su desarrollo con reglas claras, sin quedar sujetos permanentemente a la asistencia del poder central<\/strong>\u00ab, destac\u00f3 el Concejal opositor a la gesti\u00f3n local.<\/p>\n\n\n\n<p>Asimismo, como uno de los referentes de La Libertad Avanza, Mauricio Pollacchi agreg\u00f3: \u00ab<strong>Tambi\u00e9n es importante comprender el nuevo contexto econ\u00f3mico del pa\u00eds. Incluso gobernadores de origen kirchnerista han comenzado a reconocer el error que signific\u00f3 no adherir al R\u00e9gimen de Incentivo para Grandes Inversiones impulsado a nivel nacional. Nunca es tarde para revisar decisiones y avanzar en el sentido correcto cuando se trata de promover inversiones, crecimiento y desarrollo<\/strong>\u00ab.<\/p>\n\n\n\n<p><strong>Sin objetivos nuevos <\/strong><\/p>\n\n\n\n<p>Sobre el \u00e1mbito municipal y local, el Concejal Pollacchi resalt\u00f3 que el Jefe Comunal no plante\u00f3 nuevas propuestas ni proyecto para que el legislativo trabaje para nuevas ordenanzas, propuestas que puedan a ser a la cotidianeidad del vecino. \u00ab<strong>En la apertura de sesiones tampoco se observaron planteos ni objetivos nuevos que marquen un rumbo legislativo orientado a impulsar cambios concretos en \u00e1reas sensibles de la vida cotidiana de los vecinos. No se expusieron iniciativas que apunten, por ejemplo, a mejorar la seguridad, a simplificar y facilitar los tr\u00e1mites municipales o a avanzar en una l\u00f3gica moderna de poner verdaderamente al municipio al servicio del ciudadano. Hay muchas transformaciones posibles que podr\u00edan encararse desde el \u00e1mbito local y lo peor que puede hacerse en un momento de cambios profundos, como el que vive la Argentina, es quedarse quieto\u00bb.<\/strong><\/p>\n\n\n\n<p>\u00ab<strong>Muchas de estas ideas han sido presentadas reiteradamente por nuestro espacio en el Concejo Deliberante y han sido rechazadas por el oficialismo local, pese a que hoy podr\u00edan ser de gran utilidad para facilitarle la vida a quienes trabajan, producen, emprenden y viven en nuestra ciudad.\u00bb, <\/strong>marc\u00f3 el Concejal de La Libertad Avanza. <\/p>\n\n\n\n<p>\u00ab<strong>Mercedes necesita avanzar hacia un municipio m\u00e1s moderno, \u00e1gil y m\u00e1s abierto a la inversi\u00f3n. El desarrollo no llega por inercia: se construye con decisiones pol\u00edticas concretas y con la valent\u00eda de impulsar las reformas que la realidad exige<\/strong>\u00ab, resalta Mauricio Pollacchi, el legislador local. <\/p>\n","protected":false},"excerpt":{"rendered":"<p>Pasado el acto protocolar del inicio de sesiones ordinarias y el mensaje anual del Intendente ante la comunidad y los &#8230; <a title=\"Pollacchi afirma que se necesita \u00abun municipio m\u00e1s moderno, \u00e1gil y m\u00e1s abierto a la inversi\u00f3n\u00bb\" class=\"read-more\" href=\"https:\/\/www.hoymercedes.com.ar\/principal\/2026\/03\/06\/pollacchi-afirma-que-se-necesita-un-municipio-mas-moderno-agil-y-mas-abierto-a-la-inversion\/\" aria-label=\"Leer m\u00e1s sobre Pollacchi afirma que se necesita \u00abun municipio m\u00e1s moderno, \u00e1gil y m\u00e1s abierto a la inversi\u00f3n\u00bb\">Leer m\u00e1s<\/a><\/p>\n","protected":false},"author":1,"featured_media":192865,"comment_status":"closed","ping_status":"open","sticky":false,"template":"","format":"standard","meta":{"_monsterinsights_skip_tracking":false,"_monsterinsights_sitenote_active":false,"_monsterinsights_sitenote_note":"","_monsterinsights_sitenote_category":0,"jetpack_post_was_ever_published":false,"_jetpack_newsletter_access":"","_jetpack_dont_email_post_to_subs":false,"_jetpack_newsletter_tier_id":0,"_jetpack_memberships_contains_paywalled_content":false,"_jetpack_memberships_contains_paid_content":false,"footnotes":"","jetpack_publicize_message":"","jetpack_publicize_feature_enabled":true,"jetpack_social_post_already_shared":true,"jetpack_social_options":{"image_generator_settings":{"template":"highway","default_image_id":0,"font":"","enabled":false},"version":2},"_wpas_customize_per_network":false},"categories":[5],"tags":[16250,831,20013,20477,14199],"class_list":["post-192863","post","type-post","status-publish","format-standard","has-post-thumbnail","hentry","category-politica","tag-apertura-sesiones","tag-hcd-mercedes","tag-la-libertad-avanza","tag-mauricio-pollacchi","tag-politica","generate-columns","tablet-grid-50","mobile-grid-100","grid-parent","grid-50"],"jetpack_publicize_connections":[],"jetpack_featured_media_url":"https:\/\/www.hoymercedes.com.ar\/principal\/wp-content\/uploads\/2026\/03\/Mauricio-4.jpg","wps_subtitle":"","jetpack_sharing_enabled":true,"_links":{"self":[{"href":"https:\/\/www.hoymercedes.com.ar\/principal\/wp-json\/wp\/v2\/posts\/192863","targetHints":{"allow":["GET"]}}],"collection":[{"href":"https:\/\/www.hoymercedes.com.ar\/principal\/wp-json\/wp\/v2\/posts"}],"about":[{"href":"https:\/\/www.hoymercedes.com.ar\/principal\/wp-json\/wp\/v2\/types\/post"}],"author":[{"embeddable":true,"href":"https:\/\/www.hoymercedes.com.ar\/principal\/wp-json\/wp\/v2\/users\/1"}],"replies":[{"embeddable":true,"href":"https:\/\/www.hoymercedes.com.ar\/principal\/wp-json\/wp\/v2\/comments?post=192863"}],"version-history":[{"count":1,"href":"https:\/\/www.hoymercedes.com.ar\/principal\/wp-json\/wp\/v2\/posts\/192863\/revisions"}],"predecessor-version":[{"id":192868,"href":"https:\/\/www.hoymercedes.com.ar\/principal\/wp-json\/wp\/v2\/posts\/192863\/revisions\/192868"}],"wp:featuredmedia":[{"embeddable":true,"href":"https:\/\/www.hoymercedes.com.ar\/principal\/wp-json\/wp\/v2\/media\/192865"}],"wp:attachment":[{"href":"https:\/\/www.hoymercedes.com.ar\/principal\/wp-json\/wp\/v2\/media?parent=192863"}],"wp:term":[{"taxonomy":"category","embeddable":true,"href":"https:\/\/www.hoymercedes.com.ar\/principal\/wp-json\/wp\/v2\/categories?post=192863"},{"taxonomy":"post_tag","embeddable":true,"href":"https:\/\/www.hoymercedes.com.ar\/principal\/wp-json\/wp\/v2\/tags?post=192863"}],"curies":[{"name":"wp","href":"https:\/\/api.w.org\/{rel}","templated":true}]}}