{"id":192869,"date":"2026-03-06T12:00:00","date_gmt":"2026-03-06T15:00:00","guid":{"rendered":"https:\/\/www.hoymercedes.com.ar\/principal\/?p=192869"},"modified":"2026-03-06T10:39:14","modified_gmt":"2026-03-06T13:39:14","slug":"hoppers-y-scream-siguen-en-el-cine-mercedes","status":"publish","type":"post","link":"https:\/\/www.hoymercedes.com.ar\/principal\/2026\/03\/06\/hoppers-y-scream-siguen-en-el-cine-mercedes\/","title":{"rendered":"Hoppers y Scream siguen en el Cine Mercedes"},"content":{"rendered":"\n<p>Desde el viernes 6 hasta el martes 10 de marzo, el Cine Mercedes mantiene en su pantalla dos pel\u00edculas destinadas a distintos p\u00fablicos. Para la familia y los m\u00e1s peque\u00f1os, sigue el estreno de la semana Hoppers y para los fan\u00e1ticos del terror, la s\u00e9ptima parte de Scream . <\/p>\n\n\n<div class=\"wp-block-image\">\n<figure class=\"aligncenter size-large\"><img loading=\"lazy\" decoding=\"async\" width=\"717\" height=\"1024\" data-attachment-id=\"192867\" data-permalink=\"https:\/\/www.hoymercedes.com.ar\/principal\/2026\/03\/06\/pollacchi-afirma-que-se-necesita-un-municipio-mas-moderno-agil-y-mas-abierto-a-la-inversion\/gacetilla-cine-mercedes-48-3\/#main\" data-orig-file=\"https:\/\/www.hoymercedes.com.ar\/principal\/wp-content\/uploads\/2026\/03\/Gacetilla-Cine-Mercedes-48.png\" data-orig-size=\"827,1181\" data-comments-opened=\"0\" data-image-meta=\"{&quot;aperture&quot;:&quot;0&quot;,&quot;credit&quot;:&quot;&quot;,&quot;camera&quot;:&quot;&quot;,&quot;caption&quot;:&quot;&quot;,&quot;created_timestamp&quot;:&quot;0&quot;,&quot;copyright&quot;:&quot;&quot;,&quot;focal_length&quot;:&quot;0&quot;,&quot;iso&quot;:&quot;0&quot;,&quot;shutter_speed&quot;:&quot;0&quot;,&quot;title&quot;:&quot;&quot;,&quot;orientation&quot;:&quot;0&quot;}\" data-image-title=\"Gacetilla Cine Mercedes (48)\" data-image-description=\"\" data-image-caption=\"\" data-large-file=\"https:\/\/www.hoymercedes.com.ar\/principal\/wp-content\/uploads\/2026\/03\/Gacetilla-Cine-Mercedes-48-717x1024.png\" src=\"https:\/\/www.hoymercedes.com.ar\/principal\/wp-content\/uploads\/2026\/03\/Gacetilla-Cine-Mercedes-48-717x1024.png\" alt=\"\" class=\"wp-image-192867\" srcset=\"https:\/\/www.hoymercedes.com.ar\/principal\/wp-content\/uploads\/2026\/03\/Gacetilla-Cine-Mercedes-48-717x1024.png 717w, https:\/\/www.hoymercedes.com.ar\/principal\/wp-content\/uploads\/2026\/03\/Gacetilla-Cine-Mercedes-48-434x620.png 434w, https:\/\/www.hoymercedes.com.ar\/principal\/wp-content\/uploads\/2026\/03\/Gacetilla-Cine-Mercedes-48-105x150.png 105w, https:\/\/www.hoymercedes.com.ar\/principal\/wp-content\/uploads\/2026\/03\/Gacetilla-Cine-Mercedes-48.png 827w\" sizes=\"auto, (max-width: 717px) 100vw, 717px\" \/><\/figure>\n<\/div>\n\n\n<p>Sinopsis \u00abHoppers\u00bb: Mabel es una joven que puede transferir su mente a un castor robot con el objetivo de infiltrarse en el reino animal. Acaba haci\u00e9ndose amiga de un castor regio, el Rey Jorge, y uniendo a los animales para luchar contra los planes de un promotor inmobiliario.<\/p>\n\n\n\n<p>Sinopsis \u00abScream 7\u00bb: Cuando un nuevo asesino Ghostface aparece en el tranquilo pueblo donde Sidney Prescott (Neve Campbell) ha construido una nueva vida, sus peores miedos se hacen realidad cuando su hija (Isabel May) se convierte en el siguiente objetivo. Decidida a proteger a su familia, Sidney debe enfrentarse a los horrores de su pasado para poner fin a la masacre de una vez por todas.<\/p>\n","protected":false},"excerpt":{"rendered":"<p>Desde el viernes 6 hasta el martes 10 de marzo, el Cine Mercedes mantiene en su pantalla dos pel\u00edculas destinadas &#8230; <a title=\"Hoppers y Scream siguen en el Cine Mercedes\" class=\"read-more\" href=\"https:\/\/www.hoymercedes.com.ar\/principal\/2026\/03\/06\/hoppers-y-scream-siguen-en-el-cine-mercedes\/\" aria-label=\"Leer m\u00e1s sobre Hoppers y Scream siguen en el Cine Mercedes\">Leer m\u00e1s<\/a><\/p>\n","protected":false},"author":1,"featured_media":192866,"comment_status":"closed","ping_status":"open","sticky":false,"template":"","format":"standard","meta":{"_monsterinsights_skip_tracking":false,"_monsterinsights_sitenote_active":false,"_monsterinsights_sitenote_note":"","_monsterinsights_sitenote_category":0,"jetpack_post_was_ever_published":false,"_jetpack_newsletter_access":"","_jetpack_dont_email_post_to_subs":false,"_jetpack_newsletter_tier_id":0,"_jetpack_memberships_contains_paywalled_content":false,"_jetpack_memberships_contains_paid_content":false,"footnotes":"","jetpack_publicize_message":"","jetpack_publicize_feature_enabled":true,"jetpack_social_post_already_shared":true,"jetpack_social_options":{"image_generator_settings":{"template":"highway","default_image_id":0,"font":"","enabled":false},"version":2},"_wpas_customize_per_network":false},"categories":[8],"tags":[],"class_list":["post-192869","post","type-post","status-publish","format-standard","has-post-thumbnail","hentry","category-sociedad","generate-columns","tablet-grid-50","mobile-grid-100","grid-parent","grid-50"],"jetpack_publicize_connections":[],"jetpack_featured_media_url":"https:\/\/www.hoymercedes.com.ar\/principal\/wp-content\/uploads\/2026\/03\/d0c9aef8-4d56-4840-8e94-85d609fb5ad9.png","wps_subtitle":"","jetpack_sharing_enabled":true,"_links":{"self":[{"href":"https:\/\/www.hoymercedes.com.ar\/principal\/wp-json\/wp\/v2\/posts\/192869","targetHints":{"allow":["GET"]}}],"collection":[{"href":"https:\/\/www.hoymercedes.com.ar\/principal\/wp-json\/wp\/v2\/posts"}],"about":[{"href":"https:\/\/www.hoymercedes.com.ar\/principal\/wp-json\/wp\/v2\/types\/post"}],"author":[{"embeddable":true,"href":"https:\/\/www.hoymercedes.com.ar\/principal\/wp-json\/wp\/v2\/users\/1"}],"replies":[{"embeddable":true,"href":"https:\/\/www.hoymercedes.com.ar\/principal\/wp-json\/wp\/v2\/comments?post=192869"}],"version-history":[{"count":1,"href":"https:\/\/www.hoymercedes.com.ar\/principal\/wp-json\/wp\/v2\/posts\/192869\/revisions"}],"predecessor-version":[{"id":192870,"href":"https:\/\/www.hoymercedes.com.ar\/principal\/wp-json\/wp\/v2\/posts\/192869\/revisions\/192870"}],"wp:featuredmedia":[{"embeddable":true,"href":"https:\/\/www.hoymercedes.com.ar\/principal\/wp-json\/wp\/v2\/media\/192866"}],"wp:attachment":[{"href":"https:\/\/www.hoymercedes.com.ar\/principal\/wp-json\/wp\/v2\/media?parent=192869"}],"wp:term":[{"taxonomy":"category","embeddable":true,"href":"https:\/\/www.hoymercedes.com.ar\/principal\/wp-json\/wp\/v2\/categories?post=192869"},{"taxonomy":"post_tag","embeddable":true,"href":"https:\/\/www.hoymercedes.com.ar\/principal\/wp-json\/wp\/v2\/tags?post=192869"}],"curies":[{"name":"wp","href":"https:\/\/api.w.org\/{rel}","templated":true}]}}