{"id":192885,"date":"2026-03-08T10:22:00","date_gmt":"2026-03-08T13:22:00","guid":{"rendered":"https:\/\/www.hoymercedes.com.ar\/principal\/?p=192885"},"modified":"2026-03-07T22:25:32","modified_gmt":"2026-03-08T01:25:32","slug":"wado-de-pedro-respaldo-la-gestion-de-ustarroz-en-la-apertura-de-sesiones","status":"publish","type":"post","link":"https:\/\/www.hoymercedes.com.ar\/principal\/2026\/03\/08\/wado-de-pedro-respaldo-la-gestion-de-ustarroz-en-la-apertura-de-sesiones\/","title":{"rendered":"Wado de Pedro respald\u00f3 la gesti\u00f3n de Ustarroz en la apertura de sesiones"},"content":{"rendered":"\n<p>Durante la apertura de las sesiones ordinarias del Concejo Deliberante realizada en el Teatro Argentino de Mercedes, el senador nacional <strong>Eduardo \u201cWado\u201d de Pedro<\/strong> expres\u00f3 un <strong>fuerte respaldo a la gesti\u00f3n del intendente Juan Ignacio Ustarroz<\/strong>, en un contexto pol\u00edtico marcado por cr\u00edticas al Gobierno nacional.<\/p>\n\n\n\n<figure class=\"wp-block-image size-full\"><img loading=\"lazy\" decoding=\"async\" width=\"649\" height=\"460\" data-attachment-id=\"192886\" data-permalink=\"https:\/\/www.hoymercedes.com.ar\/principal\/2026\/03\/08\/wado-de-pedro-respaldo-la-gestion-de-ustarroz-en-la-apertura-de-sesiones\/wado-de-pedro-2\/#main\" data-orig-file=\"https:\/\/www.hoymercedes.com.ar\/principal\/wp-content\/uploads\/2026\/03\/WADO-DE-PEDRO.jpg\" data-orig-size=\"649,460\" data-comments-opened=\"0\" data-image-meta=\"{&quot;aperture&quot;:&quot;0&quot;,&quot;credit&quot;:&quot;&quot;,&quot;camera&quot;:&quot;&quot;,&quot;caption&quot;:&quot;&quot;,&quot;created_timestamp&quot;:&quot;0&quot;,&quot;copyright&quot;:&quot;&quot;,&quot;focal_length&quot;:&quot;0&quot;,&quot;iso&quot;:&quot;0&quot;,&quot;shutter_speed&quot;:&quot;0&quot;,&quot;title&quot;:&quot;&quot;,&quot;orientation&quot;:&quot;0&quot;}\" data-image-title=\"WADO DE PEDRO\" data-image-description=\"\" data-image-caption=\"\" data-large-file=\"https:\/\/www.hoymercedes.com.ar\/principal\/wp-content\/uploads\/2026\/03\/WADO-DE-PEDRO.jpg\" src=\"https:\/\/www.hoymercedes.com.ar\/principal\/wp-content\/uploads\/2026\/03\/WADO-DE-PEDRO.jpg\" alt=\"\" class=\"wp-image-192886\" srcset=\"https:\/\/www.hoymercedes.com.ar\/principal\/wp-content\/uploads\/2026\/03\/WADO-DE-PEDRO.jpg 649w, https:\/\/www.hoymercedes.com.ar\/principal\/wp-content\/uploads\/2026\/03\/WADO-DE-PEDRO-630x447.jpg 630w, https:\/\/www.hoymercedes.com.ar\/principal\/wp-content\/uploads\/2026\/03\/WADO-DE-PEDRO-150x106.jpg 150w\" sizes=\"auto, (max-width: 649px) 100vw, 649px\" \/><\/figure>\n\n\n\n<p>El legislador, particip\u00f3 del acto y escuch\u00f3 el balance de gesti\u00f3n presentado por el jefe comunal. Tras el discurso, destac\u00f3 el trabajo del intendente y lo defini\u00f3 como <strong>\u201cun militante que escucha, planifica y hace\u201d<\/strong>, valorando su capacidad de conducci\u00f3n en un escenario econ\u00f3mico complejo.<\/p>\n\n\n\n<p>En ese marco, De Pedro sostuvo que <strong>los recursos provenientes del Gobierno nacional para obras, educaci\u00f3n y salud en Mercedes \u201cse redujeron cien veces\u201d<\/strong>, lo que \u2014seg\u00fan se\u00f1al\u00f3\u2014 oblig\u00f3 al municipio a <strong>buscar nuevas ideas y estrategias para sostener las pol\u00edticas p\u00fablicas locales<\/strong>.<\/p>\n\n\n\n<p>El senador remarc\u00f3 que, pese a ese contexto, la gesti\u00f3n local contin\u00faa trabajando para fortalecer una comunidad unida y solidaria, y subray\u00f3 que la administraci\u00f3n municipal apuesta a <strong>priorizar el bienestar de los vecinos frente a las pol\u00edticas de ajuste impulsadas desde la Naci\u00f3n<\/strong>.<\/p>\n\n\n\n<p>La presencia de De Pedro en el acto es <strong>un gesto pol\u00edtico de apoyo a la gesti\u00f3n municipal<\/strong>, en un escenario donde el oficialismo local busca sostener su agenda de pol\u00edticas p\u00fablicas frente a la reducci\u00f3n de fondos nacionales.<\/p>\n","protected":false},"excerpt":{"rendered":"<p>Durante la apertura de las sesiones ordinarias del Concejo Deliberante realizada en el Teatro Argentino de Mercedes, el senador nacional &#8230; <a title=\"Wado de Pedro respald\u00f3 la gesti\u00f3n de Ustarroz en la apertura de sesiones\" class=\"read-more\" href=\"https:\/\/www.hoymercedes.com.ar\/principal\/2026\/03\/08\/wado-de-pedro-respaldo-la-gestion-de-ustarroz-en-la-apertura-de-sesiones\/\" aria-label=\"Leer m\u00e1s sobre Wado de Pedro respald\u00f3 la gesti\u00f3n de Ustarroz en la apertura de sesiones\">Leer m\u00e1s<\/a><\/p>\n","protected":false},"author":1,"featured_media":192886,"comment_status":"closed","ping_status":"open","sticky":false,"template":"","format":"standard","meta":{"_monsterinsights_skip_tracking":false,"_monsterinsights_sitenote_active":false,"_monsterinsights_sitenote_note":"","_monsterinsights_sitenote_category":0,"jetpack_post_was_ever_published":false,"_jetpack_newsletter_access":"","_jetpack_dont_email_post_to_subs":false,"_jetpack_newsletter_tier_id":0,"_jetpack_memberships_contains_paywalled_content":false,"_jetpack_memberships_contains_paid_content":false,"footnotes":"","jetpack_publicize_message":"","jetpack_publicize_feature_enabled":true,"jetpack_social_post_already_shared":true,"jetpack_social_options":{"image_generator_settings":{"template":"highway","default_image_id":0,"font":"","enabled":false},"version":2},"_wpas_customize_per_network":false},"categories":[5],"tags":[],"class_list":["post-192885","post","type-post","status-publish","format-standard","has-post-thumbnail","hentry","category-politica","generate-columns","tablet-grid-50","mobile-grid-100","grid-parent","grid-50"],"jetpack_publicize_connections":[],"jetpack_featured_media_url":"https:\/\/www.hoymercedes.com.ar\/principal\/wp-content\/uploads\/2026\/03\/WADO-DE-PEDRO.jpg","wps_subtitle":"","jetpack_sharing_enabled":true,"_links":{"self":[{"href":"https:\/\/www.hoymercedes.com.ar\/principal\/wp-json\/wp\/v2\/posts\/192885","targetHints":{"allow":["GET"]}}],"collection":[{"href":"https:\/\/www.hoymercedes.com.ar\/principal\/wp-json\/wp\/v2\/posts"}],"about":[{"href":"https:\/\/www.hoymercedes.com.ar\/principal\/wp-json\/wp\/v2\/types\/post"}],"author":[{"embeddable":true,"href":"https:\/\/www.hoymercedes.com.ar\/principal\/wp-json\/wp\/v2\/users\/1"}],"replies":[{"embeddable":true,"href":"https:\/\/www.hoymercedes.com.ar\/principal\/wp-json\/wp\/v2\/comments?post=192885"}],"version-history":[{"count":1,"href":"https:\/\/www.hoymercedes.com.ar\/principal\/wp-json\/wp\/v2\/posts\/192885\/revisions"}],"predecessor-version":[{"id":192887,"href":"https:\/\/www.hoymercedes.com.ar\/principal\/wp-json\/wp\/v2\/posts\/192885\/revisions\/192887"}],"wp:featuredmedia":[{"embeddable":true,"href":"https:\/\/www.hoymercedes.com.ar\/principal\/wp-json\/wp\/v2\/media\/192886"}],"wp:attachment":[{"href":"https:\/\/www.hoymercedes.com.ar\/principal\/wp-json\/wp\/v2\/media?parent=192885"}],"wp:term":[{"taxonomy":"category","embeddable":true,"href":"https:\/\/www.hoymercedes.com.ar\/principal\/wp-json\/wp\/v2\/categories?post=192885"},{"taxonomy":"post_tag","embeddable":true,"href":"https:\/\/www.hoymercedes.com.ar\/principal\/wp-json\/wp\/v2\/tags?post=192885"}],"curies":[{"name":"wp","href":"https:\/\/api.w.org\/{rel}","templated":true}]}}