{"id":192888,"date":"2026-03-08T11:26:00","date_gmt":"2026-03-08T14:26:00","guid":{"rendered":"https:\/\/www.hoymercedes.com.ar\/principal\/?p=192888"},"modified":"2026-03-07T22:27:54","modified_gmt":"2026-03-08T01:27:54","slug":"nazarena-viola-se-suma-a-el-fronton-para-buscar-el-ascenso","status":"publish","type":"post","link":"https:\/\/www.hoymercedes.com.ar\/principal\/2026\/03\/08\/nazarena-viola-se-suma-a-el-fronton-para-buscar-el-ascenso\/","title":{"rendered":"Nazarena Viola se suma a El Front\u00f3n para buscar el ascenso"},"content":{"rendered":"\n<p>El club <strong>El Front\u00f3n de San Andr\u00e9s de Giles<\/strong> anunci\u00f3 la incorporaci\u00f3n de la delantera mercedina <strong>Nazarena Viola, de 21 a\u00f1os<\/strong>, como una de las principales apuestas del equipo para disputar el torneo de <strong>Primera C del f\u00fatbol femenino de AFA<\/strong> con el objetivo de pelear por el ascenso.<\/p>\n\n\n\n<figure class=\"wp-block-image size-full\"><img loading=\"lazy\" decoding=\"async\" width=\"640\" height=\"800\" data-attachment-id=\"192889\" data-permalink=\"https:\/\/www.hoymercedes.com.ar\/principal\/2026\/03\/08\/nazarena-viola-se-suma-a-el-fronton-para-buscar-el-ascenso\/whatsapp-image-2026-03-07-at-22-25-56\/#main\" data-orig-file=\"https:\/\/www.hoymercedes.com.ar\/principal\/wp-content\/uploads\/2026\/03\/WhatsApp-Image-2026-03-07-at-22.25.56.jpeg\" data-orig-size=\"640,800\" data-comments-opened=\"0\" data-image-meta=\"{&quot;aperture&quot;:&quot;0&quot;,&quot;credit&quot;:&quot;&quot;,&quot;camera&quot;:&quot;&quot;,&quot;caption&quot;:&quot;&quot;,&quot;created_timestamp&quot;:&quot;0&quot;,&quot;copyright&quot;:&quot;&quot;,&quot;focal_length&quot;:&quot;0&quot;,&quot;iso&quot;:&quot;0&quot;,&quot;shutter_speed&quot;:&quot;0&quot;,&quot;title&quot;:&quot;&quot;,&quot;orientation&quot;:&quot;0&quot;}\" data-image-title=\"WhatsApp Image 2026-03-07 at 22.25.56\" data-image-description=\"\" data-image-caption=\"\" data-large-file=\"https:\/\/www.hoymercedes.com.ar\/principal\/wp-content\/uploads\/2026\/03\/WhatsApp-Image-2026-03-07-at-22.25.56.jpeg\" src=\"https:\/\/www.hoymercedes.com.ar\/principal\/wp-content\/uploads\/2026\/03\/WhatsApp-Image-2026-03-07-at-22.25.56.jpeg\" alt=\"\" class=\"wp-image-192889\" srcset=\"https:\/\/www.hoymercedes.com.ar\/principal\/wp-content\/uploads\/2026\/03\/WhatsApp-Image-2026-03-07-at-22.25.56.jpeg 640w, https:\/\/www.hoymercedes.com.ar\/principal\/wp-content\/uploads\/2026\/03\/WhatsApp-Image-2026-03-07-at-22.25.56-496x620.jpeg 496w, https:\/\/www.hoymercedes.com.ar\/principal\/wp-content\/uploads\/2026\/03\/WhatsApp-Image-2026-03-07-at-22.25.56-120x150.jpeg 120w\" sizes=\"auto, (max-width: 640px) 100vw, 640px\" \/><\/figure>\n\n\n\n<p>La futbolista llega tras <strong>superar una grave lesi\u00f3n de rodilla sufrida en 2023 mientras jugaba en Racing Club<\/strong>, lo que la mantuvo un largo tiempo fuera de las canchas. Con pasado en la m\u00e1xima categor\u00eda y experiencia en la <strong>Selecci\u00f3n Argentina<\/strong>, la atacante eligi\u00f3 sumarse al proyecto del club gilesino para recuperar ritmo competitivo y relanzar su carrera.<\/p>\n\n\n\n<p>Durante su presentaci\u00f3n, Viola expres\u00f3 que afronta esta etapa <strong>\u201ccon la ilusi\u00f3n intacta y el compromiso de ir por todo\u201d<\/strong>, destacando adem\u00e1s que su decisi\u00f3n tambi\u00e9n estuvo motivada por la posibilidad de <strong>jugar cerca de su familia<\/strong>.<\/p>\n\n\n\n<p>El Front\u00f3n, que busca ser protagonista en la categor\u00eda, <strong>reforz\u00f3 todas sus l\u00edneas con nuevas incorporaciones<\/strong>, entre ellas Barby Tesuri y Agustina Almir\u00f3n (ex Tigre), adem\u00e1s de Camila Molfese y Milagros Guerra provenientes de Somra, con la intenci\u00f3n de conformar un plantel competitivo desde el inicio del campeonato.<\/p>\n","protected":false},"excerpt":{"rendered":"<p>El club El Front\u00f3n de San Andr\u00e9s de Giles anunci\u00f3 la incorporaci\u00f3n de la delantera mercedina Nazarena Viola, de 21 &#8230; <a title=\"Nazarena Viola se suma a El Front\u00f3n para buscar el ascenso\" class=\"read-more\" href=\"https:\/\/www.hoymercedes.com.ar\/principal\/2026\/03\/08\/nazarena-viola-se-suma-a-el-fronton-para-buscar-el-ascenso\/\" aria-label=\"Leer m\u00e1s sobre Nazarena Viola se suma a El Front\u00f3n para buscar el ascenso\">Leer m\u00e1s<\/a><\/p>\n","protected":false},"author":1,"featured_media":192889,"comment_status":"closed","ping_status":"open","sticky":false,"template":"","format":"standard","meta":{"_monsterinsights_skip_tracking":false,"_monsterinsights_sitenote_active":false,"_monsterinsights_sitenote_note":"","_monsterinsights_sitenote_category":0,"jetpack_post_was_ever_published":false,"_jetpack_newsletter_access":"","_jetpack_dont_email_post_to_subs":false,"_jetpack_newsletter_tier_id":0,"_jetpack_memberships_contains_paywalled_content":false,"_jetpack_memberships_contains_paid_content":false,"footnotes":"","jetpack_publicize_message":"","jetpack_publicize_feature_enabled":true,"jetpack_social_post_already_shared":true,"jetpack_social_options":{"image_generator_settings":{"template":"highway","default_image_id":0,"font":"","enabled":false},"version":2},"_wpas_customize_per_network":false},"categories":[21],"tags":[],"class_list":["post-192888","post","type-post","status-publish","format-standard","has-post-thumbnail","hentry","category-deportes","generate-columns","tablet-grid-50","mobile-grid-100","grid-parent","grid-50"],"jetpack_publicize_connections":[],"jetpack_featured_media_url":"https:\/\/www.hoymercedes.com.ar\/principal\/wp-content\/uploads\/2026\/03\/WhatsApp-Image-2026-03-07-at-22.25.56.jpeg","wps_subtitle":"","jetpack_sharing_enabled":true,"_links":{"self":[{"href":"https:\/\/www.hoymercedes.com.ar\/principal\/wp-json\/wp\/v2\/posts\/192888","targetHints":{"allow":["GET"]}}],"collection":[{"href":"https:\/\/www.hoymercedes.com.ar\/principal\/wp-json\/wp\/v2\/posts"}],"about":[{"href":"https:\/\/www.hoymercedes.com.ar\/principal\/wp-json\/wp\/v2\/types\/post"}],"author":[{"embeddable":true,"href":"https:\/\/www.hoymercedes.com.ar\/principal\/wp-json\/wp\/v2\/users\/1"}],"replies":[{"embeddable":true,"href":"https:\/\/www.hoymercedes.com.ar\/principal\/wp-json\/wp\/v2\/comments?post=192888"}],"version-history":[{"count":1,"href":"https:\/\/www.hoymercedes.com.ar\/principal\/wp-json\/wp\/v2\/posts\/192888\/revisions"}],"predecessor-version":[{"id":192890,"href":"https:\/\/www.hoymercedes.com.ar\/principal\/wp-json\/wp\/v2\/posts\/192888\/revisions\/192890"}],"wp:featuredmedia":[{"embeddable":true,"href":"https:\/\/www.hoymercedes.com.ar\/principal\/wp-json\/wp\/v2\/media\/192889"}],"wp:attachment":[{"href":"https:\/\/www.hoymercedes.com.ar\/principal\/wp-json\/wp\/v2\/media?parent=192888"}],"wp:term":[{"taxonomy":"category","embeddable":true,"href":"https:\/\/www.hoymercedes.com.ar\/principal\/wp-json\/wp\/v2\/categories?post=192888"},{"taxonomy":"post_tag","embeddable":true,"href":"https:\/\/www.hoymercedes.com.ar\/principal\/wp-json\/wp\/v2\/tags?post=192888"}],"curies":[{"name":"wp","href":"https:\/\/api.w.org\/{rel}","templated":true}]}}