{"id":192891,"date":"2026-03-08T12:28:00","date_gmt":"2026-03-08T15:28:00","guid":{"rendered":"https:\/\/www.hoymercedes.com.ar\/principal\/?p=192891"},"modified":"2026-03-07T22:38:25","modified_gmt":"2026-03-08T01:38:25","slug":"comenzo-el-torneo-senior-40-de-la-liga-mercedina","status":"publish","type":"post","link":"https:\/\/www.hoymercedes.com.ar\/principal\/2026\/03\/08\/comenzo-el-torneo-senior-40-de-la-liga-mercedina\/","title":{"rendered":"Comenz\u00f3 el torneo Senior +40 de la Liga Mercedina"},"content":{"rendered":"\n<p>El <strong>torneo Senior +40 de la Liga Mercedina de F\u00fatbol<\/strong> puso en marcha su <strong>temporada 2026 el pasado 4 de marzo<\/strong>, marcando el regreso de la competencia para los futbolistas veteranos de la ciudad y la regi\u00f3n.<\/p>\n\n\n\n<figure class=\"wp-block-image size-large\"><img loading=\"lazy\" decoding=\"async\" width=\"1024\" height=\"681\" data-attachment-id=\"192892\" data-permalink=\"https:\/\/www.hoymercedes.com.ar\/principal\/2026\/03\/08\/comenzo-el-torneo-senior-40-de-la-liga-mercedina\/dsc_3002\/#main\" data-orig-file=\"https:\/\/www.hoymercedes.com.ar\/principal\/wp-content\/uploads\/2026\/03\/DSC_3002-scaled.jpg\" data-orig-size=\"2560,1703\" data-comments-opened=\"0\" data-image-meta=\"{&quot;aperture&quot;:&quot;2.2&quot;,&quot;credit&quot;:&quot;&quot;,&quot;camera&quot;:&quot;NIKON Z 6_2&quot;,&quot;caption&quot;:&quot;&quot;,&quot;created_timestamp&quot;:&quot;1772670359&quot;,&quot;copyright&quot;:&quot;&quot;,&quot;focal_length&quot;:&quot;85&quot;,&quot;iso&quot;:&quot;12800&quot;,&quot;shutter_speed&quot;:&quot;0.0015625&quot;,&quot;title&quot;:&quot;&quot;,&quot;orientation&quot;:&quot;0&quot;}\" data-image-title=\"DSC_3002\" data-image-description=\"\" data-image-caption=\"\" data-large-file=\"https:\/\/www.hoymercedes.com.ar\/principal\/wp-content\/uploads\/2026\/03\/DSC_3002-1024x681.jpg\" src=\"https:\/\/www.hoymercedes.com.ar\/principal\/wp-content\/uploads\/2026\/03\/DSC_3002-1024x681.jpg\" alt=\"\" class=\"wp-image-192892\" srcset=\"https:\/\/www.hoymercedes.com.ar\/principal\/wp-content\/uploads\/2026\/03\/DSC_3002-1024x681.jpg 1024w, https:\/\/www.hoymercedes.com.ar\/principal\/wp-content\/uploads\/2026\/03\/DSC_3002-630x419.jpg 630w, https:\/\/www.hoymercedes.com.ar\/principal\/wp-content\/uploads\/2026\/03\/DSC_3002-150x100.jpg 150w, https:\/\/www.hoymercedes.com.ar\/principal\/wp-content\/uploads\/2026\/03\/DSC_3002-1536x1022.jpg 1536w, https:\/\/www.hoymercedes.com.ar\/principal\/wp-content\/uploads\/2026\/03\/DSC_3002-2048x1363.jpg 2048w\" sizes=\"auto, (max-width: 1024px) 100vw, 1024px\" \/><\/figure>\n\n\n\n<p>El certamen cuenta con <strong>14 equipos divididos en dos zonas de siete<\/strong>, que disputar\u00e1n partidos <strong>de ida y vuelta<\/strong> durante la fase inicial. Los <strong>cuatro mejores de cada grupo avanzar\u00e1n a la segunda ronda<\/strong>, instancia en la que se definir\u00e1 al campe\u00f3n del torneo.<\/p>\n\n\n\n<p>La organizaci\u00f3n del campeonato fue definida en una <strong>reuni\u00f3n de delegados realizada en el campo de deportes del Club Estudiantes<\/strong>, donde se estableci\u00f3 el formato de la competencia, que sigue consolid\u00e1ndose dentro del calendario deportivo local.<\/p>\n\n\n\n<p>Entre los antecedentes recientes aparecen <strong>El Front\u00f3n, campe\u00f3n del Clausura 2025, y Trocha, ganador del Apertura del mismo a\u00f1o<\/strong>, equipos que intentar\u00e1n repetir protagonismo en esta nueva edici\u00f3n del f\u00fatbol senior mercedino.<\/p>\n\n\n\n<h3 class=\"wp-block-heading\"><strong>Resultados de la primera jornada<\/strong><\/h3>\n\n\n\n<p><strong>Recreativo Uni\u00f3n 1<\/strong>\u00a0(Leonardo Maidana) \u2013\u00a0<strong>Costa Brava 4<\/strong>\u00a0(Sebasti\u00e1n Coronel, Juan Mesa, Walter Rosetti, Gustavo Serio).<\/p>\n\n\n\n<p><strong>Sportivo Belgrano 0<\/strong>\u00a0\u2013\u00a0<strong>Estudiantes 1<\/strong>\u00a0(Ezequiel Van\u00edn).<\/p>\n\n\n\n<p><strong>Palometas 1<\/strong>\u00a0(Nicol\u00e1s Serebrinsky) \u2013\u00a0<strong>Carteros 0<\/strong>.<\/p>\n\n\n\n<p><strong>Quilmes 1<\/strong>\u00a0(Juan Capurro) \u2013\u00a0<strong>Holanda 0<\/strong>.<\/p>\n\n\n\n<p><strong>Deportivo Gowland 2<\/strong>\u00a0(Juan Ruiz D\u00edaz, N\u00e9stor Novelli) \u2013\u00a0<strong>San Bernardo 2<\/strong>\u00a0(Leandro Pascuali, Claudio Corgniati).<\/p>\n\n\n\n<p><strong>El Front\u00f3n 1<\/strong>\u00a0(Alejandro Morada) \u2013\u00a0<strong>Trocha 1<\/strong>\u00a0(Lucas Rossi).<\/p>\n\n\n\n<h3 class=\"wp-block-heading\"><strong>Pr\u00f3xima fecha<\/strong><\/h3>\n\n\n\n<p><strong>Zona A<\/strong><\/p>\n\n\n\n<p>Holanda vs. El Front\u00f3n<\/p>\n\n\n\n<p>Trocha vs. Blegrano<\/p>\n\n\n\n<p>Estudiantes vs. Defensores<\/p>\n\n\n\n<p>Libre. Quilmes<\/p>\n\n\n\n<p><strong>Zona B<\/strong><\/p>\n\n\n\n<p>San Bernardo vs. Uni\u00f3n<\/p>\n\n\n\n<p>Costa Brava vs. Palometas<\/p>\n\n\n\n<p>Carteros vs. Mercedes<\/p>\n\n\n\n<p>Libre: Dep. Gowland<\/p>\n\n\n\n<p>Foto: fotodeporte<\/p>\n","protected":false},"excerpt":{"rendered":"<p>El torneo Senior +40 de la Liga Mercedina de F\u00fatbol puso en marcha su temporada 2026 el pasado 4 de &#8230; <a title=\"Comenz\u00f3 el torneo Senior +40 de la Liga Mercedina\" class=\"read-more\" href=\"https:\/\/www.hoymercedes.com.ar\/principal\/2026\/03\/08\/comenzo-el-torneo-senior-40-de-la-liga-mercedina\/\" aria-label=\"Leer m\u00e1s sobre Comenz\u00f3 el torneo Senior +40 de la Liga Mercedina\">Leer m\u00e1s<\/a><\/p>\n","protected":false},"author":1,"featured_media":192892,"comment_status":"closed","ping_status":"open","sticky":false,"template":"","format":"standard","meta":{"_monsterinsights_skip_tracking":false,"_monsterinsights_sitenote_active":false,"_monsterinsights_sitenote_note":"","_monsterinsights_sitenote_category":0,"jetpack_post_was_ever_published":false,"_jetpack_newsletter_access":"","_jetpack_dont_email_post_to_subs":false,"_jetpack_newsletter_tier_id":0,"_jetpack_memberships_contains_paywalled_content":false,"_jetpack_memberships_contains_paid_content":false,"footnotes":"","jetpack_publicize_message":"","jetpack_publicize_feature_enabled":true,"jetpack_social_post_already_shared":true,"jetpack_social_options":{"image_generator_settings":{"template":"highway","default_image_id":0,"font":"","enabled":false},"version":2},"_wpas_customize_per_network":false},"categories":[21],"tags":[],"class_list":["post-192891","post","type-post","status-publish","format-standard","has-post-thumbnail","hentry","category-deportes","generate-columns","tablet-grid-50","mobile-grid-100","grid-parent","grid-50"],"jetpack_publicize_connections":[],"jetpack_featured_media_url":"https:\/\/www.hoymercedes.com.ar\/principal\/wp-content\/uploads\/2026\/03\/DSC_3002-scaled.jpg","wps_subtitle":"","jetpack_sharing_enabled":true,"_links":{"self":[{"href":"https:\/\/www.hoymercedes.com.ar\/principal\/wp-json\/wp\/v2\/posts\/192891","targetHints":{"allow":["GET"]}}],"collection":[{"href":"https:\/\/www.hoymercedes.com.ar\/principal\/wp-json\/wp\/v2\/posts"}],"about":[{"href":"https:\/\/www.hoymercedes.com.ar\/principal\/wp-json\/wp\/v2\/types\/post"}],"author":[{"embeddable":true,"href":"https:\/\/www.hoymercedes.com.ar\/principal\/wp-json\/wp\/v2\/users\/1"}],"replies":[{"embeddable":true,"href":"https:\/\/www.hoymercedes.com.ar\/principal\/wp-json\/wp\/v2\/comments?post=192891"}],"version-history":[{"count":1,"href":"https:\/\/www.hoymercedes.com.ar\/principal\/wp-json\/wp\/v2\/posts\/192891\/revisions"}],"predecessor-version":[{"id":192893,"href":"https:\/\/www.hoymercedes.com.ar\/principal\/wp-json\/wp\/v2\/posts\/192891\/revisions\/192893"}],"wp:featuredmedia":[{"embeddable":true,"href":"https:\/\/www.hoymercedes.com.ar\/principal\/wp-json\/wp\/v2\/media\/192892"}],"wp:attachment":[{"href":"https:\/\/www.hoymercedes.com.ar\/principal\/wp-json\/wp\/v2\/media?parent=192891"}],"wp:term":[{"taxonomy":"category","embeddable":true,"href":"https:\/\/www.hoymercedes.com.ar\/principal\/wp-json\/wp\/v2\/categories?post=192891"},{"taxonomy":"post_tag","embeddable":true,"href":"https:\/\/www.hoymercedes.com.ar\/principal\/wp-json\/wp\/v2\/tags?post=192891"}],"curies":[{"name":"wp","href":"https:\/\/api.w.org\/{rel}","templated":true}]}}