{"id":192894,"date":"2026-03-08T12:50:00","date_gmt":"2026-03-08T15:50:00","guid":{"rendered":"https:\/\/www.hoymercedes.com.ar\/principal\/?p=192894"},"modified":"2026-03-07T22:52:38","modified_gmt":"2026-03-08T01:52:38","slug":"mercedes-impulsa-un-ultimo-primer-dia-responsable-para-estudiantes","status":"publish","type":"post","link":"https:\/\/www.hoymercedes.com.ar\/principal\/2026\/03\/08\/mercedes-impulsa-un-ultimo-primer-dia-responsable-para-estudiantes\/","title":{"rendered":"Mercedes impulsa un \u201c\u00daltimo Primer D\u00eda\u201d responsable para estudiantes"},"content":{"rendered":"\n<p>En la previa del inicio del ciclo lectivo, el Municipio de Mercedes promovi\u00f3 una <strong>planificaci\u00f3n colectiva para que el tradicional \u201c\u00daltimo Primer D\u00eda\u201d (UPD) se desarrolle de forma responsable<\/strong>, con la participaci\u00f3n de <strong>m\u00e1s de cien estudiantes, familias y autoridades locales<\/strong>.<\/p>\n\n\n\n<figure class=\"wp-block-image size-large\"><img loading=\"lazy\" decoding=\"async\" width=\"1024\" height=\"768\" data-attachment-id=\"192895\" data-permalink=\"https:\/\/www.hoymercedes.com.ar\/principal\/2026\/03\/08\/mercedes-impulsa-un-ultimo-primer-dia-responsable-para-estudiantes\/image-285\/#main\" data-orig-file=\"https:\/\/www.hoymercedes.com.ar\/principal\/wp-content\/uploads\/2026\/03\/image-14.png\" data-orig-size=\"1600,1200\" data-comments-opened=\"0\" data-image-meta=\"{&quot;aperture&quot;:&quot;0&quot;,&quot;credit&quot;:&quot;&quot;,&quot;camera&quot;:&quot;&quot;,&quot;caption&quot;:&quot;&quot;,&quot;created_timestamp&quot;:&quot;0&quot;,&quot;copyright&quot;:&quot;&quot;,&quot;focal_length&quot;:&quot;0&quot;,&quot;iso&quot;:&quot;0&quot;,&quot;shutter_speed&quot;:&quot;0&quot;,&quot;title&quot;:&quot;&quot;,&quot;orientation&quot;:&quot;0&quot;}\" data-image-title=\"image\" data-image-description=\"\" data-image-caption=\"\" data-large-file=\"https:\/\/www.hoymercedes.com.ar\/principal\/wp-content\/uploads\/2026\/03\/image-14-1024x768.png\" src=\"https:\/\/www.hoymercedes.com.ar\/principal\/wp-content\/uploads\/2026\/03\/image-14-1024x768.png\" alt=\"\" class=\"wp-image-192895\" srcset=\"https:\/\/www.hoymercedes.com.ar\/principal\/wp-content\/uploads\/2026\/03\/image-14-1024x768.png 1024w, https:\/\/www.hoymercedes.com.ar\/principal\/wp-content\/uploads\/2026\/03\/image-14-630x473.png 630w, https:\/\/www.hoymercedes.com.ar\/principal\/wp-content\/uploads\/2026\/03\/image-14-150x113.png 150w, https:\/\/www.hoymercedes.com.ar\/principal\/wp-content\/uploads\/2026\/03\/image-14-1536x1152.png 1536w, https:\/\/www.hoymercedes.com.ar\/principal\/wp-content\/uploads\/2026\/03\/image-14.png 1600w\" sizes=\"auto, (max-width: 1024px) 100vw, 1024px\" \/><\/figure>\n\n\n\n<p>El encuentro principal se realiz\u00f3 en el <strong>Complejo Cultural La Trocha<\/strong>, con la presencia del intendente <strong>Juan Ignacio Ustarroz<\/strong> y representantes de \u00e1reas como <strong>Educaci\u00f3n, Seguridad, Protecci\u00f3n Civil y Juventudes<\/strong>, adem\u00e1s de directivos de escuelas p\u00fablicas y privadas. All\u00ed se acordaron pautas para que los festejos se desarrollen <strong>con respeto hacia la comunidad y cuidado del espacio p\u00fablico<\/strong>.<\/p>\n\n\n\n<p>Entre los principales ejes del acuerdo se destacaron <strong>medidas de seguridad y prevenci\u00f3n durante los traslados nocturnos de los estudiantes<\/strong>, el compromiso para <strong>evitar ruidos molestos y conflictos con vecinos<\/strong>, y el <strong>acompa\u00f1amiento de padres e instituciones educativas<\/strong> durante la celebraci\u00f3n.<\/p>\n\n\n\n<p>El UPD, una tradici\u00f3n de los alumnos que comienzan su \u00faltimo a\u00f1o de secundaria, busca as\u00ed <strong>convertirse en una celebraci\u00f3n organizada y comunitaria<\/strong>, basada en el di\u00e1logo y la responsabilidad de los propios j\u00f3venes.<\/p>\n","protected":false},"excerpt":{"rendered":"<p>En la previa del inicio del ciclo lectivo, el Municipio de Mercedes promovi\u00f3 una planificaci\u00f3n colectiva para que el tradicional &#8230; <a title=\"Mercedes impulsa un \u201c\u00daltimo Primer D\u00eda\u201d responsable para estudiantes\" class=\"read-more\" href=\"https:\/\/www.hoymercedes.com.ar\/principal\/2026\/03\/08\/mercedes-impulsa-un-ultimo-primer-dia-responsable-para-estudiantes\/\" aria-label=\"Leer m\u00e1s sobre Mercedes impulsa un \u201c\u00daltimo Primer D\u00eda\u201d responsable para estudiantes\">Leer m\u00e1s<\/a><\/p>\n","protected":false},"author":1,"featured_media":192895,"comment_status":"closed","ping_status":"open","sticky":false,"template":"","format":"standard","meta":{"_monsterinsights_skip_tracking":false,"_monsterinsights_sitenote_active":false,"_monsterinsights_sitenote_note":"","_monsterinsights_sitenote_category":0,"jetpack_post_was_ever_published":false,"_jetpack_newsletter_access":"","_jetpack_dont_email_post_to_subs":false,"_jetpack_newsletter_tier_id":0,"_jetpack_memberships_contains_paywalled_content":false,"_jetpack_memberships_contains_paid_content":false,"footnotes":"","jetpack_publicize_message":"","jetpack_publicize_feature_enabled":true,"jetpack_social_post_already_shared":true,"jetpack_social_options":{"image_generator_settings":{"template":"highway","default_image_id":0,"font":"","enabled":false},"version":2},"_wpas_customize_per_network":false},"categories":[23],"tags":[],"class_list":["post-192894","post","type-post","status-publish","format-standard","has-post-thumbnail","hentry","category-educacion","generate-columns","tablet-grid-50","mobile-grid-100","grid-parent","grid-50"],"jetpack_publicize_connections":[],"jetpack_featured_media_url":"https:\/\/www.hoymercedes.com.ar\/principal\/wp-content\/uploads\/2026\/03\/image-14.png","wps_subtitle":"","jetpack_sharing_enabled":true,"_links":{"self":[{"href":"https:\/\/www.hoymercedes.com.ar\/principal\/wp-json\/wp\/v2\/posts\/192894","targetHints":{"allow":["GET"]}}],"collection":[{"href":"https:\/\/www.hoymercedes.com.ar\/principal\/wp-json\/wp\/v2\/posts"}],"about":[{"href":"https:\/\/www.hoymercedes.com.ar\/principal\/wp-json\/wp\/v2\/types\/post"}],"author":[{"embeddable":true,"href":"https:\/\/www.hoymercedes.com.ar\/principal\/wp-json\/wp\/v2\/users\/1"}],"replies":[{"embeddable":true,"href":"https:\/\/www.hoymercedes.com.ar\/principal\/wp-json\/wp\/v2\/comments?post=192894"}],"version-history":[{"count":1,"href":"https:\/\/www.hoymercedes.com.ar\/principal\/wp-json\/wp\/v2\/posts\/192894\/revisions"}],"predecessor-version":[{"id":192896,"href":"https:\/\/www.hoymercedes.com.ar\/principal\/wp-json\/wp\/v2\/posts\/192894\/revisions\/192896"}],"wp:featuredmedia":[{"embeddable":true,"href":"https:\/\/www.hoymercedes.com.ar\/principal\/wp-json\/wp\/v2\/media\/192895"}],"wp:attachment":[{"href":"https:\/\/www.hoymercedes.com.ar\/principal\/wp-json\/wp\/v2\/media?parent=192894"}],"wp:term":[{"taxonomy":"category","embeddable":true,"href":"https:\/\/www.hoymercedes.com.ar\/principal\/wp-json\/wp\/v2\/categories?post=192894"},{"taxonomy":"post_tag","embeddable":true,"href":"https:\/\/www.hoymercedes.com.ar\/principal\/wp-json\/wp\/v2\/tags?post=192894"}],"curies":[{"name":"wp","href":"https:\/\/api.w.org\/{rel}","templated":true}]}}