{"id":192897,"date":"2026-03-07T22:58:25","date_gmt":"2026-03-08T01:58:25","guid":{"rendered":"https:\/\/www.hoymercedes.com.ar\/principal\/?p=192897"},"modified":"2026-03-07T22:58:29","modified_gmt":"2026-03-08T01:58:29","slug":"fueron-11000-los-afectados-por-el-apagon-del-viernes-en-mercedes","status":"publish","type":"post","link":"https:\/\/www.hoymercedes.com.ar\/principal\/2026\/03\/07\/fueron-11000-los-afectados-por-el-apagon-del-viernes-en-mercedes\/","title":{"rendered":"Fueron 11000 los afectados por el apag\u00f3n del viernes en Mercedes"},"content":{"rendered":"\n<p>Un <strong>corte de energ\u00eda de gran magnitud<\/strong> afect\u00f3 a distintos barrios de Mercedes luego de que se registrara <strong>una falla en la estaci\u00f3n transformadora local<\/strong>, lo que dej\u00f3 <strong>sin suministro el\u00e9ctrico a aproximadamente 11.000 usuarios<\/strong>.<\/p>\n\n\n\n<figure class=\"wp-block-image size-full\"><img loading=\"lazy\" decoding=\"async\" width=\"600\" height=\"400\" data-attachment-id=\"169864\" data-permalink=\"https:\/\/www.hoymercedes.com.ar\/principal\/mercedes-obra-eden-barrio-blandengues-ct-1-2\/\" data-orig-file=\"https:\/\/www.hoymercedes.com.ar\/principal\/wp-content\/uploads\/2023\/11\/MERCEDES-Obra-EDEN-Barrio-Blandengues-CT-1-edited.jpeg\" data-orig-size=\"600,400\" data-comments-opened=\"0\" data-image-meta=\"{&quot;aperture&quot;:&quot;0&quot;,&quot;credit&quot;:&quot;&quot;,&quot;camera&quot;:&quot;&quot;,&quot;caption&quot;:&quot;&quot;,&quot;created_timestamp&quot;:&quot;1661808868&quot;,&quot;copyright&quot;:&quot;&quot;,&quot;focal_length&quot;:&quot;0&quot;,&quot;iso&quot;:&quot;0&quot;,&quot;shutter_speed&quot;:&quot;0&quot;,&quot;title&quot;:&quot;&quot;,&quot;orientation&quot;:&quot;1&quot;}\" data-image-title=\"Corte de energ\u00eda en Mercedes\" data-image-description=\"&lt;p&gt;Corte de energ\u00eda en Mercedes&lt;\/p&gt;\n\" data-image-caption=\"&lt;p&gt;Corte de energ\u00eda en Mercedes&lt;\/p&gt;\n\" data-large-file=\"https:\/\/www.hoymercedes.com.ar\/principal\/wp-content\/uploads\/2023\/11\/MERCEDES-Obra-EDEN-Barrio-Blandengues-CT-1-edited.jpeg\" src=\"https:\/\/www.hoymercedes.com.ar\/principal\/wp-content\/uploads\/2023\/11\/MERCEDES-Obra-EDEN-Barrio-Blandengues-CT-1-edited.jpeg\" alt=\"Corte de energ\u00eda en Mercedes\" class=\"wp-image-169864\" srcset=\"https:\/\/www.hoymercedes.com.ar\/principal\/wp-content\/uploads\/2023\/11\/MERCEDES-Obra-EDEN-Barrio-Blandengues-CT-1-edited.jpeg 600w, https:\/\/www.hoymercedes.com.ar\/principal\/wp-content\/uploads\/2023\/11\/MERCEDES-Obra-EDEN-Barrio-Blandengues-CT-1-edited-150x100.jpeg 150w\" sizes=\"auto, (max-width: 600px) 100vw, 600px\" \/><figcaption class=\"wp-element-caption\">Corte de energ\u00eda en Mercedes<\/figcaption><\/figure>\n\n\n\n<p>El problema comenz\u00f3 <strong>alrededor de las 15 horas<\/strong> y se extendi\u00f3 durante varias horas en algunos sectores de la ciudad, generando numerosos reclamos de vecinos que permanecieron sin servicio durante la tarde y parte de la noche.<\/p>\n\n\n\n<p>Desde la empresa distribuidora <strong>EDEN<\/strong> informaron que el desperfecto presentaba <strong>\u201cgran complejidad\u201d<\/strong>, lo que oblig\u00f3 a desplegar un operativo t\u00e9cnico m\u00e1s amplio para poder resolver la situaci\u00f3n.<\/p>\n\n\n\n<p>Mientras el personal trabajaba de manera ininterrumpida para reparar la falla, se indic\u00f3 que las tareas se enfocaron en <strong>garantizar la seguridad de la red antes de restablecer completamente el servicio<\/strong>, evitando as\u00ed nuevas interrupciones o da\u00f1os en el sistema.<\/p>\n","protected":false},"excerpt":{"rendered":"<p>Un corte de energ\u00eda de gran magnitud afect\u00f3 a distintos barrios de Mercedes luego de que se registrara una falla &#8230; <a title=\"Fueron 11000 los afectados por el apag\u00f3n del viernes en Mercedes\" class=\"read-more\" href=\"https:\/\/www.hoymercedes.com.ar\/principal\/2026\/03\/07\/fueron-11000-los-afectados-por-el-apagon-del-viernes-en-mercedes\/\" aria-label=\"Leer m\u00e1s sobre Fueron 11000 los afectados por el apag\u00f3n del viernes en Mercedes\">Leer m\u00e1s<\/a><\/p>\n","protected":false},"author":1,"featured_media":169864,"comment_status":"closed","ping_status":"open","sticky":false,"template":"","format":"standard","meta":{"_monsterinsights_skip_tracking":false,"_monsterinsights_sitenote_active":false,"_monsterinsights_sitenote_note":"","_monsterinsights_sitenote_category":0,"jetpack_post_was_ever_published":false,"_jetpack_newsletter_access":"","_jetpack_dont_email_post_to_subs":false,"_jetpack_newsletter_tier_id":0,"_jetpack_memberships_contains_paywalled_content":false,"_jetpack_memberships_contains_paid_content":false,"footnotes":"","jetpack_publicize_message":"","jetpack_publicize_feature_enabled":true,"jetpack_social_post_already_shared":true,"jetpack_social_options":{"image_generator_settings":{"template":"highway","default_image_id":0,"font":"","enabled":false},"version":2},"_wpas_customize_per_network":false},"categories":[8],"tags":[],"class_list":["post-192897","post","type-post","status-publish","format-standard","has-post-thumbnail","hentry","category-sociedad","generate-columns","tablet-grid-50","mobile-grid-100","grid-parent","grid-50"],"jetpack_publicize_connections":[],"jetpack_featured_media_url":"https:\/\/www.hoymercedes.com.ar\/principal\/wp-content\/uploads\/2023\/11\/MERCEDES-Obra-EDEN-Barrio-Blandengues-CT-1-edited.jpeg","wps_subtitle":"","jetpack_sharing_enabled":true,"_links":{"self":[{"href":"https:\/\/www.hoymercedes.com.ar\/principal\/wp-json\/wp\/v2\/posts\/192897","targetHints":{"allow":["GET"]}}],"collection":[{"href":"https:\/\/www.hoymercedes.com.ar\/principal\/wp-json\/wp\/v2\/posts"}],"about":[{"href":"https:\/\/www.hoymercedes.com.ar\/principal\/wp-json\/wp\/v2\/types\/post"}],"author":[{"embeddable":true,"href":"https:\/\/www.hoymercedes.com.ar\/principal\/wp-json\/wp\/v2\/users\/1"}],"replies":[{"embeddable":true,"href":"https:\/\/www.hoymercedes.com.ar\/principal\/wp-json\/wp\/v2\/comments?post=192897"}],"version-history":[{"count":1,"href":"https:\/\/www.hoymercedes.com.ar\/principal\/wp-json\/wp\/v2\/posts\/192897\/revisions"}],"predecessor-version":[{"id":192898,"href":"https:\/\/www.hoymercedes.com.ar\/principal\/wp-json\/wp\/v2\/posts\/192897\/revisions\/192898"}],"wp:featuredmedia":[{"embeddable":true,"href":"https:\/\/www.hoymercedes.com.ar\/principal\/wp-json\/wp\/v2\/media\/169864"}],"wp:attachment":[{"href":"https:\/\/www.hoymercedes.com.ar\/principal\/wp-json\/wp\/v2\/media?parent=192897"}],"wp:term":[{"taxonomy":"category","embeddable":true,"href":"https:\/\/www.hoymercedes.com.ar\/principal\/wp-json\/wp\/v2\/categories?post=192897"},{"taxonomy":"post_tag","embeddable":true,"href":"https:\/\/www.hoymercedes.com.ar\/principal\/wp-json\/wp\/v2\/tags?post=192897"}],"curies":[{"name":"wp","href":"https:\/\/api.w.org\/{rel}","templated":true}]}}