{"id":192899,"date":"2026-03-09T09:02:00","date_gmt":"2026-03-09T12:02:00","guid":{"rendered":"https:\/\/www.hoymercedes.com.ar\/principal\/?p=192899"},"modified":"2026-03-07T23:05:52","modified_gmt":"2026-03-08T02:05:52","slug":"ajb-realizo-una-jornada-para-fortalecer-y-jerarquizar-la-labor-de-los-peritos-judiciales","status":"publish","type":"post","link":"https:\/\/www.hoymercedes.com.ar\/principal\/2026\/03\/09\/ajb-realizo-una-jornada-para-fortalecer-y-jerarquizar-la-labor-de-los-peritos-judiciales\/","title":{"rendered":"AJB realiz\u00f3 una jornada para fortalecer y jerarquizar la labor de los peritos judiciales"},"content":{"rendered":"\n<p>La <strong>Asociaci\u00f3n Judicial Bonaerense (AJB)<\/strong> llev\u00f3 adelante en Mercedes <strong>una reuni\u00f3n informativa y estrat\u00e9gica destinada a fortalecer el rol de los peritos que trabajan en el \u00e1mbito del Poder Judicial bonaerense<\/strong>. El encuentro busc\u00f3 <strong>clarificar aspectos operativos y coordinar el trabajo de estos profesionales dentro del sistema judicial<\/strong>.<\/p>\n\n\n\n<figure class=\"wp-block-image size-full\"><img loading=\"lazy\" decoding=\"async\" width=\"645\" height=\"714\" data-attachment-id=\"192900\" data-permalink=\"https:\/\/www.hoymercedes.com.ar\/principal\/2026\/03\/09\/ajb-realizo-una-jornada-para-fortalecer-y-jerarquizar-la-labor-de-los-peritos-judiciales\/ajb-mercedes-2\/#main\" data-orig-file=\"https:\/\/www.hoymercedes.com.ar\/principal\/wp-content\/uploads\/2026\/03\/AJB-MERCEDES.jpg\" data-orig-size=\"645,714\" data-comments-opened=\"0\" data-image-meta=\"{&quot;aperture&quot;:&quot;0&quot;,&quot;credit&quot;:&quot;&quot;,&quot;camera&quot;:&quot;&quot;,&quot;caption&quot;:&quot;&quot;,&quot;created_timestamp&quot;:&quot;0&quot;,&quot;copyright&quot;:&quot;&quot;,&quot;focal_length&quot;:&quot;0&quot;,&quot;iso&quot;:&quot;0&quot;,&quot;shutter_speed&quot;:&quot;0&quot;,&quot;title&quot;:&quot;&quot;,&quot;orientation&quot;:&quot;0&quot;}\" data-image-title=\"AJB MERCEDES\" data-image-description=\"\" data-image-caption=\"\" data-large-file=\"https:\/\/www.hoymercedes.com.ar\/principal\/wp-content\/uploads\/2026\/03\/AJB-MERCEDES.jpg\" src=\"https:\/\/www.hoymercedes.com.ar\/principal\/wp-content\/uploads\/2026\/03\/AJB-MERCEDES.jpg\" alt=\"\" class=\"wp-image-192900\" srcset=\"https:\/\/www.hoymercedes.com.ar\/principal\/wp-content\/uploads\/2026\/03\/AJB-MERCEDES.jpg 645w, https:\/\/www.hoymercedes.com.ar\/principal\/wp-content\/uploads\/2026\/03\/AJB-MERCEDES-560x620.jpg 560w, https:\/\/www.hoymercedes.com.ar\/principal\/wp-content\/uploads\/2026\/03\/AJB-MERCEDES-136x150.jpg 136w\" sizes=\"auto, (max-width: 645px) 100vw, 645px\" \/><\/figure>\n\n\n\n<p>La jornada cont\u00f3 con la participaci\u00f3n de <strong>referentes provinciales del gremio<\/strong>, entre ellos <strong>Marcelo De Gori, secretario de Capacitaci\u00f3n de la AJB, y Jos\u00e9 P\u00e9rez, subsecretario de Peritos y secretario general de la seccional La Matanza<\/strong>. Durante el encuentro se destac\u00f3 <strong>la importancia de los peritos como actores clave en los procesos judiciales<\/strong>, ya que aportan conocimientos t\u00e9cnicos que ayudan a jueces y fiscales a tomar decisiones con mayor objetividad.<\/p>\n\n\n\n<p>Los especialistas \u2014entre ellos <strong>m\u00e9dicos, psic\u00f3logos, contadores e ingenieros<\/strong>\u2014 elaboran dict\u00e1menes que permiten incorporar <strong>evidencia cient\u00edfica o profesional en las causas<\/strong>, lo que resulta fundamental para el funcionamiento del sistema de justicia.<\/p>\n\n\n\n<p>Adem\u00e1s, durante la reuni\u00f3n se analizaron <strong>reclamos del sector vinculados a la ampliaci\u00f3n de plantas de personal, la jerarquizaci\u00f3n salarial de cargos de coordinaci\u00f3n y jefatura, y las condiciones de salud y seguridad laboral<\/strong>, incluyendo la discusi\u00f3n sobre licencias por alto riesgo debido a la naturaleza de algunos casos que deben abordar.<\/p>\n\n\n\n<p>Desde la AJB destacaron que <strong>la organizaci\u00f3n colectiva es una herramienta central para defender los derechos laborales de los peritos y jerarquizar su funci\u00f3n dentro del Poder Judicial<\/strong>, al tiempo que remarcaron que mejorar sus condiciones de trabajo <strong>impacta directamente en la calidad del servicio de justicia que recibe la sociedad<\/strong>.<\/p>\n","protected":false},"excerpt":{"rendered":"<p>La Asociaci\u00f3n Judicial Bonaerense (AJB) llev\u00f3 adelante en Mercedes una reuni\u00f3n informativa y estrat\u00e9gica destinada a fortalecer el rol de &#8230; <a title=\"AJB realiz\u00f3 una jornada para fortalecer y jerarquizar la labor de los peritos judiciales\" class=\"read-more\" href=\"https:\/\/www.hoymercedes.com.ar\/principal\/2026\/03\/09\/ajb-realizo-una-jornada-para-fortalecer-y-jerarquizar-la-labor-de-los-peritos-judiciales\/\" aria-label=\"Leer m\u00e1s sobre AJB realiz\u00f3 una jornada para fortalecer y jerarquizar la labor de los peritos judiciales\">Leer m\u00e1s<\/a><\/p>\n","protected":false},"author":1,"featured_media":192900,"comment_status":"closed","ping_status":"open","sticky":false,"template":"","format":"standard","meta":{"_monsterinsights_skip_tracking":false,"_monsterinsights_sitenote_active":false,"_monsterinsights_sitenote_note":"","_monsterinsights_sitenote_category":0,"jetpack_post_was_ever_published":false,"_jetpack_newsletter_access":"","_jetpack_dont_email_post_to_subs":false,"_jetpack_newsletter_tier_id":0,"_jetpack_memberships_contains_paywalled_content":false,"_jetpack_memberships_contains_paid_content":false,"footnotes":"","jetpack_publicize_message":"","jetpack_publicize_feature_enabled":true,"jetpack_social_post_already_shared":true,"jetpack_social_options":{"image_generator_settings":{"template":"highway","default_image_id":0,"font":"","enabled":false},"version":2},"_wpas_customize_per_network":false},"categories":[5608],"tags":[],"class_list":["post-192899","post","type-post","status-publish","format-standard","has-post-thumbnail","hentry","category-sin-categoria","generate-columns","tablet-grid-50","mobile-grid-100","grid-parent","grid-50"],"jetpack_publicize_connections":[],"jetpack_featured_media_url":"https:\/\/www.hoymercedes.com.ar\/principal\/wp-content\/uploads\/2026\/03\/AJB-MERCEDES.jpg","wps_subtitle":"","jetpack_sharing_enabled":true,"_links":{"self":[{"href":"https:\/\/www.hoymercedes.com.ar\/principal\/wp-json\/wp\/v2\/posts\/192899","targetHints":{"allow":["GET"]}}],"collection":[{"href":"https:\/\/www.hoymercedes.com.ar\/principal\/wp-json\/wp\/v2\/posts"}],"about":[{"href":"https:\/\/www.hoymercedes.com.ar\/principal\/wp-json\/wp\/v2\/types\/post"}],"author":[{"embeddable":true,"href":"https:\/\/www.hoymercedes.com.ar\/principal\/wp-json\/wp\/v2\/users\/1"}],"replies":[{"embeddable":true,"href":"https:\/\/www.hoymercedes.com.ar\/principal\/wp-json\/wp\/v2\/comments?post=192899"}],"version-history":[{"count":1,"href":"https:\/\/www.hoymercedes.com.ar\/principal\/wp-json\/wp\/v2\/posts\/192899\/revisions"}],"predecessor-version":[{"id":192901,"href":"https:\/\/www.hoymercedes.com.ar\/principal\/wp-json\/wp\/v2\/posts\/192899\/revisions\/192901"}],"wp:featuredmedia":[{"embeddable":true,"href":"https:\/\/www.hoymercedes.com.ar\/principal\/wp-json\/wp\/v2\/media\/192900"}],"wp:attachment":[{"href":"https:\/\/www.hoymercedes.com.ar\/principal\/wp-json\/wp\/v2\/media?parent=192899"}],"wp:term":[{"taxonomy":"category","embeddable":true,"href":"https:\/\/www.hoymercedes.com.ar\/principal\/wp-json\/wp\/v2\/categories?post=192899"},{"taxonomy":"post_tag","embeddable":true,"href":"https:\/\/www.hoymercedes.com.ar\/principal\/wp-json\/wp\/v2\/tags?post=192899"}],"curies":[{"name":"wp","href":"https:\/\/api.w.org\/{rel}","templated":true}]}}