{"id":192905,"date":"2026-03-09T11:12:00","date_gmt":"2026-03-09T14:12:00","guid":{"rendered":"https:\/\/www.hoymercedes.com.ar\/principal\/?p=192905"},"modified":"2026-03-07T23:13:10","modified_gmt":"2026-03-08T02:13:10","slug":"suteba-mercedes-acepto-la-propuesta-salarial-el-sueldo-inicial-llegara-a-850-000-en-abril","status":"publish","type":"post","link":"https:\/\/www.hoymercedes.com.ar\/principal\/2026\/03\/09\/suteba-mercedes-acepto-la-propuesta-salarial-el-sueldo-inicial-llegara-a-850-000-en-abril\/","title":{"rendered":"SUTEBA Mercedes acept\u00f3 la propuesta salarial: el sueldo inicial llegar\u00e1 a $850.000 en abril"},"content":{"rendered":"\n<p>La seccional <strong>SUTEBA Mercedes<\/strong> resolvi\u00f3 <strong>aceptar la propuesta salarial presentada por el Gobierno de la provincia de Buenos Aires<\/strong> tras una asamblea extraordinaria realizada el <strong>5 de marzo<\/strong>, en la que los afiliados debatieron el ofrecimiento y lo aprobaron por amplia mayor\u00eda.<\/p>\n\n\n\n<figure class=\"wp-block-image size-full\"><img loading=\"lazy\" decoding=\"async\" width=\"640\" height=\"410\" data-attachment-id=\"192906\" data-permalink=\"https:\/\/www.hoymercedes.com.ar\/principal\/2026\/03\/09\/suteba-mercedes-acepto-la-propuesta-salarial-el-sueldo-inicial-llegara-a-850-000-en-abril\/image-287\/#main\" data-orig-file=\"https:\/\/www.hoymercedes.com.ar\/principal\/wp-content\/uploads\/2026\/03\/image-16.png\" data-orig-size=\"640,410\" data-comments-opened=\"0\" data-image-meta=\"{&quot;aperture&quot;:&quot;0&quot;,&quot;credit&quot;:&quot;&quot;,&quot;camera&quot;:&quot;&quot;,&quot;caption&quot;:&quot;&quot;,&quot;created_timestamp&quot;:&quot;0&quot;,&quot;copyright&quot;:&quot;&quot;,&quot;focal_length&quot;:&quot;0&quot;,&quot;iso&quot;:&quot;0&quot;,&quot;shutter_speed&quot;:&quot;0&quot;,&quot;title&quot;:&quot;&quot;,&quot;orientation&quot;:&quot;0&quot;}\" data-image-title=\"image\" data-image-description=\"\" data-image-caption=\"\" data-large-file=\"https:\/\/www.hoymercedes.com.ar\/principal\/wp-content\/uploads\/2026\/03\/image-16.png\" src=\"https:\/\/www.hoymercedes.com.ar\/principal\/wp-content\/uploads\/2026\/03\/image-16.png\" alt=\"\" class=\"wp-image-192906\" srcset=\"https:\/\/www.hoymercedes.com.ar\/principal\/wp-content\/uploads\/2026\/03\/image-16.png 640w, https:\/\/www.hoymercedes.com.ar\/principal\/wp-content\/uploads\/2026\/03\/image-16-630x404.png 630w, https:\/\/www.hoymercedes.com.ar\/principal\/wp-content\/uploads\/2026\/03\/image-16-150x96.png 150w\" sizes=\"auto, (max-width: 640px) 100vw, 640px\" \/><\/figure>\n\n\n\n<p>El acuerdo establece <strong>una paritaria bimestral para marzo y abril con un incremento total del 7,5%<\/strong>, que se suma a aumentos otorgados previamente en el inicio del a\u00f1o.<\/p>\n\n\n\n<p>En detalle, se aplicar\u00e1 <strong>un aumento del 5% en marzo \u2014tomando como base el salario de enero\u2014 y otro 2,5% en abril<\/strong>, adem\u00e1s de la consolidaci\u00f3n del <strong>1,5% otorgado en febrero<\/strong>. Tambi\u00e9n se incorporar\u00e1 <strong>una bonificaci\u00f3n no remunerativa de $28.700 en concepto de compensaci\u00f3n por FONID y Conectividad<\/strong>, destinada tanto a docentes de gesti\u00f3n estatal como privada.<\/p>\n\n\n\n<p>Con esta actualizaci\u00f3n, <strong>el salario inicial de un maestro de grado sin antig\u00fcedad pasar\u00e1 de $800.084 en marzo a $850.053 en abril<\/strong>, mientras que otros cargos docentes tambi\u00e9n registrar\u00e1n mejoras en sus escalas salariales.<\/p>\n\n\n\n<p>El acuerdo adem\u00e1s incluye <strong>una mesa de monitoreo en mayo para evaluar el impacto de la inflaci\u00f3n<\/strong> y prev\u00e9 <strong>la reapertura de la paritaria en junio<\/strong>, aunque podr\u00eda adelantarse si se producen cambios significativos en los indicadores econ\u00f3micos.<\/p>\n\n\n\n<p>Desde el gremio destacaron <strong>la participaci\u00f3n de los afiliados en el debate y la necesidad de sostener el funcionamiento del sistema educativo mientras contin\u00faan las negociaciones por mejores condiciones salariales<\/strong>.<\/p>\n","protected":false},"excerpt":{"rendered":"<p>La seccional SUTEBA Mercedes resolvi\u00f3 aceptar la propuesta salarial presentada por el Gobierno de la provincia de Buenos Aires tras &#8230; <a title=\"SUTEBA Mercedes acept\u00f3 la propuesta salarial: el sueldo inicial llegar\u00e1 a $850.000 en abril\" class=\"read-more\" href=\"https:\/\/www.hoymercedes.com.ar\/principal\/2026\/03\/09\/suteba-mercedes-acepto-la-propuesta-salarial-el-sueldo-inicial-llegara-a-850-000-en-abril\/\" aria-label=\"Leer m\u00e1s sobre SUTEBA Mercedes acept\u00f3 la propuesta salarial: el sueldo inicial llegar\u00e1 a $850.000 en abril\">Leer m\u00e1s<\/a><\/p>\n","protected":false},"author":1,"featured_media":192906,"comment_status":"closed","ping_status":"open","sticky":false,"template":"","format":"standard","meta":{"_monsterinsights_skip_tracking":false,"_monsterinsights_sitenote_active":false,"_monsterinsights_sitenote_note":"","_monsterinsights_sitenote_category":0,"jetpack_post_was_ever_published":false,"_jetpack_newsletter_access":"","_jetpack_dont_email_post_to_subs":false,"_jetpack_newsletter_tier_id":0,"_jetpack_memberships_contains_paywalled_content":false,"_jetpack_memberships_contains_paid_content":false,"footnotes":"","jetpack_publicize_message":"","jetpack_publicize_feature_enabled":true,"jetpack_social_post_already_shared":true,"jetpack_social_options":{"image_generator_settings":{"template":"highway","default_image_id":0,"font":"","enabled":false},"version":2},"_wpas_customize_per_network":false},"categories":[23],"tags":[],"class_list":["post-192905","post","type-post","status-publish","format-standard","has-post-thumbnail","hentry","category-educacion","generate-columns","tablet-grid-50","mobile-grid-100","grid-parent","grid-50"],"jetpack_publicize_connections":[],"jetpack_featured_media_url":"https:\/\/www.hoymercedes.com.ar\/principal\/wp-content\/uploads\/2026\/03\/image-16.png","wps_subtitle":"","jetpack_sharing_enabled":true,"_links":{"self":[{"href":"https:\/\/www.hoymercedes.com.ar\/principal\/wp-json\/wp\/v2\/posts\/192905","targetHints":{"allow":["GET"]}}],"collection":[{"href":"https:\/\/www.hoymercedes.com.ar\/principal\/wp-json\/wp\/v2\/posts"}],"about":[{"href":"https:\/\/www.hoymercedes.com.ar\/principal\/wp-json\/wp\/v2\/types\/post"}],"author":[{"embeddable":true,"href":"https:\/\/www.hoymercedes.com.ar\/principal\/wp-json\/wp\/v2\/users\/1"}],"replies":[{"embeddable":true,"href":"https:\/\/www.hoymercedes.com.ar\/principal\/wp-json\/wp\/v2\/comments?post=192905"}],"version-history":[{"count":1,"href":"https:\/\/www.hoymercedes.com.ar\/principal\/wp-json\/wp\/v2\/posts\/192905\/revisions"}],"predecessor-version":[{"id":192907,"href":"https:\/\/www.hoymercedes.com.ar\/principal\/wp-json\/wp\/v2\/posts\/192905\/revisions\/192907"}],"wp:featuredmedia":[{"embeddable":true,"href":"https:\/\/www.hoymercedes.com.ar\/principal\/wp-json\/wp\/v2\/media\/192906"}],"wp:attachment":[{"href":"https:\/\/www.hoymercedes.com.ar\/principal\/wp-json\/wp\/v2\/media?parent=192905"}],"wp:term":[{"taxonomy":"category","embeddable":true,"href":"https:\/\/www.hoymercedes.com.ar\/principal\/wp-json\/wp\/v2\/categories?post=192905"},{"taxonomy":"post_tag","embeddable":true,"href":"https:\/\/www.hoymercedes.com.ar\/principal\/wp-json\/wp\/v2\/tags?post=192905"}],"curies":[{"name":"wp","href":"https:\/\/api.w.org\/{rel}","templated":true}]}}