{"id":192908,"date":"2026-03-09T12:15:00","date_gmt":"2026-03-09T15:15:00","guid":{"rendered":"https:\/\/www.hoymercedes.com.ar\/principal\/?p=192908"},"modified":"2026-03-07T23:17:17","modified_gmt":"2026-03-08T02:17:17","slug":"vecinos-de-barrio-san-jorge-instalaron-luminaria-solar-en-un-sector-peligroso","status":"publish","type":"post","link":"https:\/\/www.hoymercedes.com.ar\/principal\/2026\/03\/09\/vecinos-de-barrio-san-jorge-instalaron-luminaria-solar-en-un-sector-peligroso\/","title":{"rendered":"Vecinos de Barrio San Jorge instalaron luminaria solar en un sector peligroso"},"content":{"rendered":"\n<p>La <strong>Sociedad de Fomento del barrio San Jorge<\/strong> concret\u00f3 la <strong>instalaci\u00f3n de una nueva luminaria alimentada con energ\u00eda solar<\/strong> en un sector considerado cr\u00edtico para la seguridad vial y la circulaci\u00f3n en la zona.<\/p>\n\n\n\n<figure class=\"wp-block-image size-full\"><img loading=\"lazy\" decoding=\"async\" width=\"590\" height=\"504\" data-attachment-id=\"192909\" data-permalink=\"https:\/\/www.hoymercedes.com.ar\/principal\/2026\/03\/09\/vecinos-de-barrio-san-jorge-instalaron-luminaria-solar-en-un-sector-peligroso\/image-288\/#main\" data-orig-file=\"https:\/\/www.hoymercedes.com.ar\/principal\/wp-content\/uploads\/2026\/03\/image-17.png\" data-orig-size=\"590,504\" data-comments-opened=\"0\" data-image-meta=\"{&quot;aperture&quot;:&quot;0&quot;,&quot;credit&quot;:&quot;&quot;,&quot;camera&quot;:&quot;&quot;,&quot;caption&quot;:&quot;&quot;,&quot;created_timestamp&quot;:&quot;0&quot;,&quot;copyright&quot;:&quot;&quot;,&quot;focal_length&quot;:&quot;0&quot;,&quot;iso&quot;:&quot;0&quot;,&quot;shutter_speed&quot;:&quot;0&quot;,&quot;title&quot;:&quot;&quot;,&quot;orientation&quot;:&quot;0&quot;}\" data-image-title=\"image\" data-image-description=\"\" data-image-caption=\"\" data-large-file=\"https:\/\/www.hoymercedes.com.ar\/principal\/wp-content\/uploads\/2026\/03\/image-17.png\" src=\"https:\/\/www.hoymercedes.com.ar\/principal\/wp-content\/uploads\/2026\/03\/image-17.png\" alt=\"\" class=\"wp-image-192909\" srcset=\"https:\/\/www.hoymercedes.com.ar\/principal\/wp-content\/uploads\/2026\/03\/image-17.png 590w, https:\/\/www.hoymercedes.com.ar\/principal\/wp-content\/uploads\/2026\/03\/image-17-150x128.png 150w\" sizes=\"auto, (max-width: 590px) 100vw, 590px\" \/><\/figure>\n\n\n\n<p>El dispositivo fue colocado en <strong>la curva de la calle 102, cerca de la intersecci\u00f3n con la Ruta 41<\/strong>, un lugar que durante a\u00f1os fue se\u00f1alado por los vecinos como <strong>oscuro y riesgoso debido a la falta de iluminaci\u00f3n y a la complejidad del trazado del camino<\/strong>.<\/p>\n\n\n\n<p>La obra corresponde a <strong>la segunda luminaria fotovoltaica instalada por la organizaci\u00f3n vecinal<\/strong> y fue posible gracias a <strong>la recaudaci\u00f3n de la cuota anual de los socios<\/strong>, establecida con un <strong>aporte voluntario desde los $5.000<\/strong>, lo que permiti\u00f3 reunir los fondos necesarios para comprar el equipo.<\/p>\n\n\n\n<p>La iniciativa se hab\u00eda iniciado meses atr\u00e1s, cuando <strong>el municipio coloc\u00f3 el poste que sostiene el sistema<\/strong>, mientras que la comisi\u00f3n directiva del barrio prioriz\u00f3 luego la adquisici\u00f3n de la luminaria.<\/p>\n\n\n\n<p>Desde la entidad destacaron que <strong>la organizaci\u00f3n comunitaria permiti\u00f3 concretar una mejora que beneficia no solo a los vecinos, sino a todas las personas que transitan por el sector<\/strong>, adem\u00e1s de apostar por <strong>una soluci\u00f3n sustentable basada en energ\u00eda limpia<\/strong>.<\/p>\n","protected":false},"excerpt":{"rendered":"<p>La Sociedad de Fomento del barrio San Jorge concret\u00f3 la instalaci\u00f3n de una nueva luminaria alimentada con energ\u00eda solar en &#8230; <a title=\"Vecinos de Barrio San Jorge instalaron luminaria solar en un sector peligroso\" class=\"read-more\" href=\"https:\/\/www.hoymercedes.com.ar\/principal\/2026\/03\/09\/vecinos-de-barrio-san-jorge-instalaron-luminaria-solar-en-un-sector-peligroso\/\" aria-label=\"Leer m\u00e1s sobre Vecinos de Barrio San Jorge instalaron luminaria solar en un sector peligroso\">Leer m\u00e1s<\/a><\/p>\n","protected":false},"author":1,"featured_media":192909,"comment_status":"closed","ping_status":"open","sticky":false,"template":"","format":"standard","meta":{"_monsterinsights_skip_tracking":false,"_monsterinsights_sitenote_active":false,"_monsterinsights_sitenote_note":"","_monsterinsights_sitenote_category":0,"jetpack_post_was_ever_published":false,"_jetpack_newsletter_access":"","_jetpack_dont_email_post_to_subs":false,"_jetpack_newsletter_tier_id":0,"_jetpack_memberships_contains_paywalled_content":false,"_jetpack_memberships_contains_paid_content":false,"footnotes":"","jetpack_publicize_message":"","jetpack_publicize_feature_enabled":true,"jetpack_social_post_already_shared":true,"jetpack_social_options":{"image_generator_settings":{"template":"highway","default_image_id":0,"font":"","enabled":false},"version":2},"_wpas_customize_per_network":false},"categories":[8],"tags":[],"class_list":["post-192908","post","type-post","status-publish","format-standard","has-post-thumbnail","hentry","category-sociedad","generate-columns","tablet-grid-50","mobile-grid-100","grid-parent","grid-50"],"jetpack_publicize_connections":[],"jetpack_featured_media_url":"https:\/\/www.hoymercedes.com.ar\/principal\/wp-content\/uploads\/2026\/03\/image-17.png","wps_subtitle":"","jetpack_sharing_enabled":true,"_links":{"self":[{"href":"https:\/\/www.hoymercedes.com.ar\/principal\/wp-json\/wp\/v2\/posts\/192908","targetHints":{"allow":["GET"]}}],"collection":[{"href":"https:\/\/www.hoymercedes.com.ar\/principal\/wp-json\/wp\/v2\/posts"}],"about":[{"href":"https:\/\/www.hoymercedes.com.ar\/principal\/wp-json\/wp\/v2\/types\/post"}],"author":[{"embeddable":true,"href":"https:\/\/www.hoymercedes.com.ar\/principal\/wp-json\/wp\/v2\/users\/1"}],"replies":[{"embeddable":true,"href":"https:\/\/www.hoymercedes.com.ar\/principal\/wp-json\/wp\/v2\/comments?post=192908"}],"version-history":[{"count":1,"href":"https:\/\/www.hoymercedes.com.ar\/principal\/wp-json\/wp\/v2\/posts\/192908\/revisions"}],"predecessor-version":[{"id":192910,"href":"https:\/\/www.hoymercedes.com.ar\/principal\/wp-json\/wp\/v2\/posts\/192908\/revisions\/192910"}],"wp:featuredmedia":[{"embeddable":true,"href":"https:\/\/www.hoymercedes.com.ar\/principal\/wp-json\/wp\/v2\/media\/192909"}],"wp:attachment":[{"href":"https:\/\/www.hoymercedes.com.ar\/principal\/wp-json\/wp\/v2\/media?parent=192908"}],"wp:term":[{"taxonomy":"category","embeddable":true,"href":"https:\/\/www.hoymercedes.com.ar\/principal\/wp-json\/wp\/v2\/categories?post=192908"},{"taxonomy":"post_tag","embeddable":true,"href":"https:\/\/www.hoymercedes.com.ar\/principal\/wp-json\/wp\/v2\/tags?post=192908"}],"curies":[{"name":"wp","href":"https:\/\/api.w.org\/{rel}","templated":true}]}}