{"id":192911,"date":"2026-03-08T13:20:00","date_gmt":"2026-03-08T16:20:00","guid":{"rendered":"https:\/\/www.hoymercedes.com.ar\/principal\/?p=192911"},"modified":"2026-03-07T23:24:50","modified_gmt":"2026-03-08T02:24:50","slug":"la-ucr-mercedes-distinguira-a-mujeres-de-la-comunidad-en-el-marco-del-8m","status":"publish","type":"post","link":"https:\/\/www.hoymercedes.com.ar\/principal\/2026\/03\/08\/la-ucr-mercedes-distinguira-a-mujeres-de-la-comunidad-en-el-marco-del-8m\/","title":{"rendered":"La UCR Mercedes distinguir\u00e1 a mujeres de la comunidad en el marco del 8M"},"content":{"rendered":"\n<p>En el contexto de las actividades por el <strong>D\u00eda Internacional de la Mujer<\/strong>, la <strong>Uni\u00f3n C\u00edvica Radical de Mercedes<\/strong>, a trav\u00e9s de su <strong>Grupo de Mujeres Radicales<\/strong>, realizar\u00e1 un acto para <strong>reconocer a mujeres destacadas de la comunidad por su compromiso social y vocaci\u00f3n de servicio<\/strong>.<\/p>\n\n\n\n<figure class=\"wp-block-image size-full\"><img loading=\"lazy\" decoding=\"async\" width=\"378\" height=\"337\" data-attachment-id=\"192912\" data-permalink=\"https:\/\/www.hoymercedes.com.ar\/principal\/2026\/03\/08\/la-ucr-mercedes-distinguira-a-mujeres-de-la-comunidad-en-el-marco-del-8m\/image-289\/#main\" data-orig-file=\"https:\/\/www.hoymercedes.com.ar\/principal\/wp-content\/uploads\/2026\/03\/image-18.png\" data-orig-size=\"378,337\" data-comments-opened=\"0\" data-image-meta=\"{&quot;aperture&quot;:&quot;0&quot;,&quot;credit&quot;:&quot;&quot;,&quot;camera&quot;:&quot;&quot;,&quot;caption&quot;:&quot;&quot;,&quot;created_timestamp&quot;:&quot;0&quot;,&quot;copyright&quot;:&quot;&quot;,&quot;focal_length&quot;:&quot;0&quot;,&quot;iso&quot;:&quot;0&quot;,&quot;shutter_speed&quot;:&quot;0&quot;,&quot;title&quot;:&quot;&quot;,&quot;orientation&quot;:&quot;0&quot;}\" data-image-title=\"image\" data-image-description=\"\" data-image-caption=\"\" data-large-file=\"https:\/\/www.hoymercedes.com.ar\/principal\/wp-content\/uploads\/2026\/03\/image-18.png\" src=\"https:\/\/www.hoymercedes.com.ar\/principal\/wp-content\/uploads\/2026\/03\/image-18.png\" alt=\"\" class=\"wp-image-192912\" srcset=\"https:\/\/www.hoymercedes.com.ar\/principal\/wp-content\/uploads\/2026\/03\/image-18.png 378w, https:\/\/www.hoymercedes.com.ar\/principal\/wp-content\/uploads\/2026\/03\/image-18-150x134.png 150w\" sizes=\"auto, (max-width: 378px) 100vw, 378px\" \/><\/figure>\n\n\n\n<p>El evento se llevar\u00e1 a cabo <strong>el martes 10 de marzo a las 20 horas<\/strong>, cuando se entregar\u00e1n <strong>las tradicionales medallas a vecinas que se destacan por su trabajo solidario y su aporte cotidiano a la sociedad mercedina<\/strong>.<\/p>\n\n\n\n<p>Desde la organizaci\u00f3n explicaron que la iniciativa busca <strong>poner en valor la solidaridad, la creatividad y la dedicaci\u00f3n de las mujeres<\/strong>, muchas veces desarrolladas desde el anonimato pero con un fuerte impacto en la comunidad.<\/p>\n\n\n\n<p>Adem\u00e1s, durante el acto se recordar\u00e1 la figura de <strong>Catalina Carusso de Morra<\/strong>, <strong>primera mujer intendenta de Mercedes y pionera en la provincia de Buenos Aires<\/strong>, quien asumi\u00f3 el cargo en 1962 y es considerada una referencia hist\u00f3rica para el radicalismo local.<\/p>\n\n\n\n<p>Seg\u00fan se\u00f1alaron desde el comit\u00e9 local, el encuentro ser\u00e1 <strong>un espacio de reconocimiento y reflexi\u00f3n sobre el rol de las mujeres en la construcci\u00f3n social de la ciudad<\/strong>, destacando a quienes con su ejemplo representan a muchas otras mercedinas.<\/p>\n","protected":false},"excerpt":{"rendered":"<p>En el contexto de las actividades por el D\u00eda Internacional de la Mujer, la Uni\u00f3n C\u00edvica Radical de Mercedes, a &#8230; <a title=\"La UCR Mercedes distinguir\u00e1 a mujeres de la comunidad en el marco del 8M\" class=\"read-more\" href=\"https:\/\/www.hoymercedes.com.ar\/principal\/2026\/03\/08\/la-ucr-mercedes-distinguira-a-mujeres-de-la-comunidad-en-el-marco-del-8m\/\" aria-label=\"Leer m\u00e1s sobre La UCR Mercedes distinguir\u00e1 a mujeres de la comunidad en el marco del 8M\">Leer m\u00e1s<\/a><\/p>\n","protected":false},"author":1,"featured_media":192912,"comment_status":"closed","ping_status":"open","sticky":false,"template":"","format":"standard","meta":{"_monsterinsights_skip_tracking":false,"_monsterinsights_sitenote_active":false,"_monsterinsights_sitenote_note":"","_monsterinsights_sitenote_category":0,"jetpack_post_was_ever_published":false,"_jetpack_newsletter_access":"","_jetpack_dont_email_post_to_subs":false,"_jetpack_newsletter_tier_id":0,"_jetpack_memberships_contains_paywalled_content":false,"_jetpack_memberships_contains_paid_content":false,"footnotes":"","jetpack_publicize_message":"","jetpack_publicize_feature_enabled":true,"jetpack_social_post_already_shared":true,"jetpack_social_options":{"image_generator_settings":{"template":"highway","default_image_id":0,"font":"","enabled":false},"version":2},"_wpas_customize_per_network":false},"categories":[5],"tags":[],"class_list":["post-192911","post","type-post","status-publish","format-standard","has-post-thumbnail","hentry","category-politica","generate-columns","tablet-grid-50","mobile-grid-100","grid-parent","grid-50"],"jetpack_publicize_connections":[],"jetpack_featured_media_url":"https:\/\/www.hoymercedes.com.ar\/principal\/wp-content\/uploads\/2026\/03\/image-18.png","wps_subtitle":"","jetpack_sharing_enabled":true,"_links":{"self":[{"href":"https:\/\/www.hoymercedes.com.ar\/principal\/wp-json\/wp\/v2\/posts\/192911","targetHints":{"allow":["GET"]}}],"collection":[{"href":"https:\/\/www.hoymercedes.com.ar\/principal\/wp-json\/wp\/v2\/posts"}],"about":[{"href":"https:\/\/www.hoymercedes.com.ar\/principal\/wp-json\/wp\/v2\/types\/post"}],"author":[{"embeddable":true,"href":"https:\/\/www.hoymercedes.com.ar\/principal\/wp-json\/wp\/v2\/users\/1"}],"replies":[{"embeddable":true,"href":"https:\/\/www.hoymercedes.com.ar\/principal\/wp-json\/wp\/v2\/comments?post=192911"}],"version-history":[{"count":1,"href":"https:\/\/www.hoymercedes.com.ar\/principal\/wp-json\/wp\/v2\/posts\/192911\/revisions"}],"predecessor-version":[{"id":192913,"href":"https:\/\/www.hoymercedes.com.ar\/principal\/wp-json\/wp\/v2\/posts\/192911\/revisions\/192913"}],"wp:featuredmedia":[{"embeddable":true,"href":"https:\/\/www.hoymercedes.com.ar\/principal\/wp-json\/wp\/v2\/media\/192912"}],"wp:attachment":[{"href":"https:\/\/www.hoymercedes.com.ar\/principal\/wp-json\/wp\/v2\/media?parent=192911"}],"wp:term":[{"taxonomy":"category","embeddable":true,"href":"https:\/\/www.hoymercedes.com.ar\/principal\/wp-json\/wp\/v2\/categories?post=192911"},{"taxonomy":"post_tag","embeddable":true,"href":"https:\/\/www.hoymercedes.com.ar\/principal\/wp-json\/wp\/v2\/tags?post=192911"}],"curies":[{"name":"wp","href":"https:\/\/api.w.org\/{rel}","templated":true}]}}