{"id":192914,"date":"2026-03-08T23:27:00","date_gmt":"2026-03-09T02:27:00","guid":{"rendered":"https:\/\/www.hoymercedes.com.ar\/principal\/?p=192914"},"modified":"2026-03-07T23:28:36","modified_gmt":"2026-03-08T02:28:36","slug":"ajedrecistas-mercedinos-se-destacaron-en-el-torneo-rapido-de-flandria","status":"publish","type":"post","link":"https:\/\/www.hoymercedes.com.ar\/principal\/2026\/03\/08\/ajedrecistas-mercedinos-se-destacaron-en-el-torneo-rapido-de-flandria\/","title":{"rendered":"Ajedrecistas mercedinos se destacaron en el Torneo R\u00e1pido de Flandria"},"content":{"rendered":"\n<p>El <strong>Club Social y Deportivo Flandria<\/strong> fue escenario de un <strong>Torneo de Ajedrez R\u00e1pido con fines solidarios<\/strong>, que reuni\u00f3 a jugadores de distintas ciudades de la regi\u00f3n y cont\u00f3 con una destacada participaci\u00f3n de representantes de Mercedes.<\/p>\n\n\n\n<figure class=\"wp-block-image size-full\"><img loading=\"lazy\" decoding=\"async\" width=\"640\" height=\"533\" data-attachment-id=\"192915\" data-permalink=\"https:\/\/www.hoymercedes.com.ar\/principal\/2026\/03\/08\/ajedrecistas-mercedinos-se-destacaron-en-el-torneo-rapido-de-flandria\/image-290\/#main\" data-orig-file=\"https:\/\/www.hoymercedes.com.ar\/principal\/wp-content\/uploads\/2026\/03\/image-19.png\" data-orig-size=\"640,533\" data-comments-opened=\"0\" data-image-meta=\"{&quot;aperture&quot;:&quot;0&quot;,&quot;credit&quot;:&quot;&quot;,&quot;camera&quot;:&quot;&quot;,&quot;caption&quot;:&quot;&quot;,&quot;created_timestamp&quot;:&quot;0&quot;,&quot;copyright&quot;:&quot;&quot;,&quot;focal_length&quot;:&quot;0&quot;,&quot;iso&quot;:&quot;0&quot;,&quot;shutter_speed&quot;:&quot;0&quot;,&quot;title&quot;:&quot;&quot;,&quot;orientation&quot;:&quot;0&quot;}\" data-image-title=\"image\" data-image-description=\"\" data-image-caption=\"\" data-large-file=\"https:\/\/www.hoymercedes.com.ar\/principal\/wp-content\/uploads\/2026\/03\/image-19.png\" src=\"https:\/\/www.hoymercedes.com.ar\/principal\/wp-content\/uploads\/2026\/03\/image-19.png\" alt=\"\" class=\"wp-image-192915\" srcset=\"https:\/\/www.hoymercedes.com.ar\/principal\/wp-content\/uploads\/2026\/03\/image-19.png 640w, https:\/\/www.hoymercedes.com.ar\/principal\/wp-content\/uploads\/2026\/03\/image-19-630x525.png 630w, https:\/\/www.hoymercedes.com.ar\/principal\/wp-content\/uploads\/2026\/03\/image-19-150x125.png 150w\" sizes=\"auto, (max-width: 640px) 100vw, 640px\" \/><\/figure>\n\n\n\n<p>El certamen, organizado por el <strong>Maestro Nacional Enrique Contessotto<\/strong>, tuvo como objetivo <strong>recaudar fondos para que ajedrecistas locales puedan participar del 67\u00ba Abierto por Equipos \u201cPlayas de Necochea\u201d<\/strong>, previsto entre el <strong>13 y el 15 de marzo<\/strong>.<\/p>\n\n\n\n<p>La competencia reuni\u00f3 a <strong>31 jugadores de ciudades como Luj\u00e1n, General Rodr\u00edguez, Mercedes, Pilar, Escobar y Exaltaci\u00f3n de la Cruz<\/strong> y se disput\u00f3 bajo <strong>Sistema Suizo a seis rondas<\/strong>, con un ritmo de <strong>12 minutos m\u00e1s 3 segundos de incremento por jugada<\/strong>.<\/p>\n\n\n\n<p>La delegaci\u00f3n mercedina tuvo una actuaci\u00f3n sobresaliente al <strong>ocupar tres de los cinco primeros puestos del torneo<\/strong>. El joven <strong>Francisco Viola se consagr\u00f3 campe\u00f3n de manera invicta con 5\u00bd puntos<\/strong>, mientras que <strong>Jorge Gioscio fue tercero con 4\u00bd unidades<\/strong>. El segundo lugar qued\u00f3 en manos de <strong>Gonzalo Salda\u00f1o, de Escobar<\/strong>, con 5 puntos.<\/p>\n\n\n\n<p>Adem\u00e1s, <strong>Emanuel G\u00f3mez Padula, tambi\u00e9n de Mercedes, finaliz\u00f3 quinto<\/strong>, completando as\u00ed una destacada actuaci\u00f3n colectiva de los ajedrecistas de la ciudad en el certamen regional.<\/p>\n","protected":false},"excerpt":{"rendered":"<p>El Club Social y Deportivo Flandria fue escenario de un Torneo de Ajedrez R\u00e1pido con fines solidarios, que reuni\u00f3 a &#8230; <a title=\"Ajedrecistas mercedinos se destacaron en el Torneo R\u00e1pido de Flandria\" class=\"read-more\" href=\"https:\/\/www.hoymercedes.com.ar\/principal\/2026\/03\/08\/ajedrecistas-mercedinos-se-destacaron-en-el-torneo-rapido-de-flandria\/\" aria-label=\"Leer m\u00e1s sobre Ajedrecistas mercedinos se destacaron en el Torneo R\u00e1pido de Flandria\">Leer m\u00e1s<\/a><\/p>\n","protected":false},"author":1,"featured_media":192915,"comment_status":"closed","ping_status":"open","sticky":false,"template":"","format":"standard","meta":{"_monsterinsights_skip_tracking":false,"_monsterinsights_sitenote_active":false,"_monsterinsights_sitenote_note":"","_monsterinsights_sitenote_category":0,"jetpack_post_was_ever_published":false,"_jetpack_newsletter_access":"","_jetpack_dont_email_post_to_subs":false,"_jetpack_newsletter_tier_id":0,"_jetpack_memberships_contains_paywalled_content":false,"_jetpack_memberships_contains_paid_content":false,"footnotes":"","jetpack_publicize_message":"","jetpack_publicize_feature_enabled":true,"jetpack_social_post_already_shared":true,"jetpack_social_options":{"image_generator_settings":{"template":"highway","default_image_id":0,"font":"","enabled":false},"version":2},"_wpas_customize_per_network":false},"categories":[21],"tags":[],"class_list":["post-192914","post","type-post","status-publish","format-standard","has-post-thumbnail","hentry","category-deportes","generate-columns","tablet-grid-50","mobile-grid-100","grid-parent","grid-50"],"jetpack_publicize_connections":[],"jetpack_featured_media_url":"https:\/\/www.hoymercedes.com.ar\/principal\/wp-content\/uploads\/2026\/03\/image-19.png","wps_subtitle":"","jetpack_sharing_enabled":true,"_links":{"self":[{"href":"https:\/\/www.hoymercedes.com.ar\/principal\/wp-json\/wp\/v2\/posts\/192914","targetHints":{"allow":["GET"]}}],"collection":[{"href":"https:\/\/www.hoymercedes.com.ar\/principal\/wp-json\/wp\/v2\/posts"}],"about":[{"href":"https:\/\/www.hoymercedes.com.ar\/principal\/wp-json\/wp\/v2\/types\/post"}],"author":[{"embeddable":true,"href":"https:\/\/www.hoymercedes.com.ar\/principal\/wp-json\/wp\/v2\/users\/1"}],"replies":[{"embeddable":true,"href":"https:\/\/www.hoymercedes.com.ar\/principal\/wp-json\/wp\/v2\/comments?post=192914"}],"version-history":[{"count":1,"href":"https:\/\/www.hoymercedes.com.ar\/principal\/wp-json\/wp\/v2\/posts\/192914\/revisions"}],"predecessor-version":[{"id":192916,"href":"https:\/\/www.hoymercedes.com.ar\/principal\/wp-json\/wp\/v2\/posts\/192914\/revisions\/192916"}],"wp:featuredmedia":[{"embeddable":true,"href":"https:\/\/www.hoymercedes.com.ar\/principal\/wp-json\/wp\/v2\/media\/192915"}],"wp:attachment":[{"href":"https:\/\/www.hoymercedes.com.ar\/principal\/wp-json\/wp\/v2\/media?parent=192914"}],"wp:term":[{"taxonomy":"category","embeddable":true,"href":"https:\/\/www.hoymercedes.com.ar\/principal\/wp-json\/wp\/v2\/categories?post=192914"},{"taxonomy":"post_tag","embeddable":true,"href":"https:\/\/www.hoymercedes.com.ar\/principal\/wp-json\/wp\/v2\/tags?post=192914"}],"curies":[{"name":"wp","href":"https:\/\/api.w.org\/{rel}","templated":true}]}}