{"id":192920,"date":"2026-03-09T11:31:00","date_gmt":"2026-03-09T14:31:00","guid":{"rendered":"https:\/\/www.hoymercedes.com.ar\/principal\/?p=192920"},"modified":"2026-03-07T23:32:58","modified_gmt":"2026-03-08T02:32:58","slug":"vecinos-por-mercedes-sigue-escuchando-a-los-vecinos-y-recorrio-el-barrio-guemes","status":"publish","type":"post","link":"https:\/\/www.hoymercedes.com.ar\/principal\/2026\/03\/09\/vecinos-por-mercedes-sigue-escuchando-a-los-vecinos-y-recorrio-el-barrio-guemes\/","title":{"rendered":"Vecinos por Mercedes sigue escuchando a los vecinos y recorri\u00f3 el barrio G\u00fcemes"},"content":{"rendered":"\n<p>Bernardo Zubeld\u00eda y Romanela Vautretto encabezaron una recorrida junto a integrantes del espacio vecinal, dialogando con vecinos y recogiendo inquietudes y propuestas.<\/p>\n\n\n\n<figure class=\"wp-block-image size-large\"><img loading=\"lazy\" decoding=\"async\" width=\"702\" height=\"1024\" data-attachment-id=\"192921\" data-permalink=\"https:\/\/www.hoymercedes.com.ar\/principal\/2026\/03\/09\/vecinos-por-mercedes-sigue-escuchando-a-los-vecinos-y-recorrio-el-barrio-guemes\/whatsapp-image-2026-03-07-at-19-17-01\/#main\" data-orig-file=\"https:\/\/www.hoymercedes.com.ar\/principal\/wp-content\/uploads\/2026\/03\/WhatsApp-Image-2026-03-07-at-19.17.01.jpeg\" data-orig-size=\"878,1280\" data-comments-opened=\"0\" data-image-meta=\"{&quot;aperture&quot;:&quot;0&quot;,&quot;credit&quot;:&quot;&quot;,&quot;camera&quot;:&quot;&quot;,&quot;caption&quot;:&quot;&quot;,&quot;created_timestamp&quot;:&quot;0&quot;,&quot;copyright&quot;:&quot;&quot;,&quot;focal_length&quot;:&quot;0&quot;,&quot;iso&quot;:&quot;0&quot;,&quot;shutter_speed&quot;:&quot;0&quot;,&quot;title&quot;:&quot;&quot;,&quot;orientation&quot;:&quot;0&quot;}\" data-image-title=\"WhatsApp Image 2026-03-07 at 19.17.01\" data-image-description=\"\" data-image-caption=\"\" data-large-file=\"https:\/\/www.hoymercedes.com.ar\/principal\/wp-content\/uploads\/2026\/03\/WhatsApp-Image-2026-03-07-at-19.17.01-702x1024.jpeg\" src=\"https:\/\/www.hoymercedes.com.ar\/principal\/wp-content\/uploads\/2026\/03\/WhatsApp-Image-2026-03-07-at-19.17.01-702x1024.jpeg\" alt=\"\" class=\"wp-image-192921\" srcset=\"https:\/\/www.hoymercedes.com.ar\/principal\/wp-content\/uploads\/2026\/03\/WhatsApp-Image-2026-03-07-at-19.17.01-702x1024.jpeg 702w, https:\/\/www.hoymercedes.com.ar\/principal\/wp-content\/uploads\/2026\/03\/WhatsApp-Image-2026-03-07-at-19.17.01-425x620.jpeg 425w, https:\/\/www.hoymercedes.com.ar\/principal\/wp-content\/uploads\/2026\/03\/WhatsApp-Image-2026-03-07-at-19.17.01-103x150.jpeg 103w, https:\/\/www.hoymercedes.com.ar\/principal\/wp-content\/uploads\/2026\/03\/WhatsApp-Image-2026-03-07-at-19.17.01.jpeg 878w\" sizes=\"auto, (max-width: 702px) 100vw, 702px\" \/><\/figure>\n\n\n\n<p>Este s\u00e1bado integrantes del espacio Vecinos por Mercedes realizaron una nueva recorrida por el barrio G\u00fcemes, continuando con las caminatas que vienen desarrollando en distintos puntos de la ciudad con el objetivo de escuchar de primera mano a los vecinos y conocer sus inquietudes y problem\u00e1ticas.<\/p>\n\n\n\n<p><br>La actividad fue encabezada por Bernardo Zubeld\u00eda y Romanela Vautretto, quienes junto a miembros de la agrupaci\u00f3n vecinal caminaron distintas calles del barrio dialogando con los vecinos y compartiendo sus miradas sobre la realidad cotidiana.<\/p>\n\n\n\n<p><br>\u201cSeguimos escuchando a los vecinos porque creemos que la mejor forma de construir propuestas es recorrer los barrios y hablar cara a cara con la gente. Desde ah\u00ed trabajamos, escuchando y proponiendo, para que entre todos logremos el Mercedes que queremos\u201d, se\u00f1alaron.<\/p>\n\n\n\n<p><br>Durante la jornada, muchos vecinos se acercaron a conversar, algunos incluso recibieron al equipo en sus casas para compartir sus experiencias, inquietudes y sugerencias sobre diferentes temas que hacen a la vida diaria del barrio.<\/p>\n\n\n\n<p><br>Desde el espacio destacaron la buena recepci\u00f3n de los vecinos y valoraron la posibilidad de generar un intercambio directo: \u201cNos llevamos muchas ideas, la posibilidad de conocer gente nueva y tambi\u00e9n vecinos con ganas de involucrarse y sumarse para trabajar por la ciudad\u201d.<\/p>\n\n\n\n<p><br>Las recorridas continuar\u00e1n en otros barrios de Mercedes, con la premisa de seguir construyendo propuestas a partir del di\u00e1logo directo con la comunidad.<\/p>\n","protected":false},"excerpt":{"rendered":"<p>Bernardo Zubeld\u00eda y Romanela Vautretto encabezaron una recorrida junto a integrantes del espacio vecinal, dialogando con vecinos y recogiendo inquietudes &#8230; <a title=\"Vecinos por Mercedes sigue escuchando a los vecinos y recorri\u00f3 el barrio G\u00fcemes\" class=\"read-more\" href=\"https:\/\/www.hoymercedes.com.ar\/principal\/2026\/03\/09\/vecinos-por-mercedes-sigue-escuchando-a-los-vecinos-y-recorrio-el-barrio-guemes\/\" aria-label=\"Leer m\u00e1s sobre Vecinos por Mercedes sigue escuchando a los vecinos y recorri\u00f3 el barrio G\u00fcemes\">Leer m\u00e1s<\/a><\/p>\n","protected":false},"author":1,"featured_media":192921,"comment_status":"closed","ping_status":"open","sticky":false,"template":"","format":"standard","meta":{"_monsterinsights_skip_tracking":false,"_monsterinsights_sitenote_active":false,"_monsterinsights_sitenote_note":"","_monsterinsights_sitenote_category":0,"jetpack_post_was_ever_published":false,"_jetpack_newsletter_access":"","_jetpack_dont_email_post_to_subs":false,"_jetpack_newsletter_tier_id":0,"_jetpack_memberships_contains_paywalled_content":false,"_jetpack_memberships_contains_paid_content":false,"footnotes":"","jetpack_publicize_message":"","jetpack_publicize_feature_enabled":true,"jetpack_social_post_already_shared":true,"jetpack_social_options":{"image_generator_settings":{"template":"highway","default_image_id":0,"font":"","enabled":false},"version":2},"_wpas_customize_per_network":false},"categories":[5],"tags":[],"class_list":["post-192920","post","type-post","status-publish","format-standard","has-post-thumbnail","hentry","category-politica","generate-columns","tablet-grid-50","mobile-grid-100","grid-parent","grid-50"],"jetpack_publicize_connections":[],"jetpack_featured_media_url":"https:\/\/www.hoymercedes.com.ar\/principal\/wp-content\/uploads\/2026\/03\/WhatsApp-Image-2026-03-07-at-19.17.01.jpeg","wps_subtitle":"","jetpack_sharing_enabled":true,"_links":{"self":[{"href":"https:\/\/www.hoymercedes.com.ar\/principal\/wp-json\/wp\/v2\/posts\/192920","targetHints":{"allow":["GET"]}}],"collection":[{"href":"https:\/\/www.hoymercedes.com.ar\/principal\/wp-json\/wp\/v2\/posts"}],"about":[{"href":"https:\/\/www.hoymercedes.com.ar\/principal\/wp-json\/wp\/v2\/types\/post"}],"author":[{"embeddable":true,"href":"https:\/\/www.hoymercedes.com.ar\/principal\/wp-json\/wp\/v2\/users\/1"}],"replies":[{"embeddable":true,"href":"https:\/\/www.hoymercedes.com.ar\/principal\/wp-json\/wp\/v2\/comments?post=192920"}],"version-history":[{"count":1,"href":"https:\/\/www.hoymercedes.com.ar\/principal\/wp-json\/wp\/v2\/posts\/192920\/revisions"}],"predecessor-version":[{"id":192922,"href":"https:\/\/www.hoymercedes.com.ar\/principal\/wp-json\/wp\/v2\/posts\/192920\/revisions\/192922"}],"wp:featuredmedia":[{"embeddable":true,"href":"https:\/\/www.hoymercedes.com.ar\/principal\/wp-json\/wp\/v2\/media\/192921"}],"wp:attachment":[{"href":"https:\/\/www.hoymercedes.com.ar\/principal\/wp-json\/wp\/v2\/media?parent=192920"}],"wp:term":[{"taxonomy":"category","embeddable":true,"href":"https:\/\/www.hoymercedes.com.ar\/principal\/wp-json\/wp\/v2\/categories?post=192920"},{"taxonomy":"post_tag","embeddable":true,"href":"https:\/\/www.hoymercedes.com.ar\/principal\/wp-json\/wp\/v2\/tags?post=192920"}],"curies":[{"name":"wp","href":"https:\/\/api.w.org\/{rel}","templated":true}]}}