{"id":192932,"date":"2026-03-09T12:58:26","date_gmt":"2026-03-09T15:58:26","guid":{"rendered":"https:\/\/www.hoymercedes.com.ar\/principal\/?p=192932"},"modified":"2026-03-09T12:58:30","modified_gmt":"2026-03-09T15:58:30","slug":"somos-la-voz-que-mueve-en-el-mamm-se-inauguro-una-serie-de-muestras-en-el-marco-del-8m","status":"publish","type":"post","link":"https:\/\/www.hoymercedes.com.ar\/principal\/2026\/03\/09\/somos-la-voz-que-mueve-en-el-mamm-se-inauguro-una-serie-de-muestras-en-el-marco-del-8m\/","title":{"rendered":"\u201cSomos la voz que mueve\u201d: en el MAMM se inaugur\u00f3 una serie de muestras en el marco del 8M"},"content":{"rendered":"\n<figure class=\"wp-block-image size-large\"><img loading=\"lazy\" decoding=\"async\" width=\"1024\" height=\"682\" data-attachment-id=\"192933\" data-permalink=\"https:\/\/www.hoymercedes.com.ar\/principal\/2026\/03\/09\/somos-la-voz-que-mueve-en-el-mamm-se-inauguro-una-serie-de-muestras-en-el-marco-del-8m\/0h0a1692\/#main\" data-orig-file=\"https:\/\/www.hoymercedes.com.ar\/principal\/wp-content\/uploads\/2026\/03\/0H0A1692.jpg\" data-orig-size=\"1319,879\" data-comments-opened=\"0\" data-image-meta=\"{&quot;aperture&quot;:&quot;0&quot;,&quot;credit&quot;:&quot;&quot;,&quot;camera&quot;:&quot;&quot;,&quot;caption&quot;:&quot;&quot;,&quot;created_timestamp&quot;:&quot;0&quot;,&quot;copyright&quot;:&quot;&quot;,&quot;focal_length&quot;:&quot;0&quot;,&quot;iso&quot;:&quot;0&quot;,&quot;shutter_speed&quot;:&quot;0&quot;,&quot;title&quot;:&quot;&quot;,&quot;orientation&quot;:&quot;0&quot;}\" data-image-title=\"\u201cSomos la voz que mueve\u201d: en el MAMM se inaugur\u00f3 una serie de muestras en el marco del 8M\" data-image-description=\"&lt;p&gt;\u201cSomos la voz que mueve\u201d: en el MAMM se inaugur\u00f3 una serie de muestras en el marco del 8M&lt;\/p&gt;\n\" data-image-caption=\"&lt;p&gt;\u201cSomos la voz que mueve\u201d: en el MAMM se inaugur\u00f3 una serie de muestras en el marco del 8M&lt;\/p&gt;\n\" data-large-file=\"https:\/\/www.hoymercedes.com.ar\/principal\/wp-content\/uploads\/2026\/03\/0H0A1692-1024x682.jpg\" src=\"https:\/\/www.hoymercedes.com.ar\/principal\/wp-content\/uploads\/2026\/03\/0H0A1692-1024x682.jpg\" alt=\"\" class=\"wp-image-192933\" srcset=\"https:\/\/www.hoymercedes.com.ar\/principal\/wp-content\/uploads\/2026\/03\/0H0A1692-1024x682.jpg 1024w, https:\/\/www.hoymercedes.com.ar\/principal\/wp-content\/uploads\/2026\/03\/0H0A1692-630x420.jpg 630w, https:\/\/www.hoymercedes.com.ar\/principal\/wp-content\/uploads\/2026\/03\/0H0A1692-150x100.jpg 150w, https:\/\/www.hoymercedes.com.ar\/principal\/wp-content\/uploads\/2026\/03\/0H0A1692.jpg 1319w\" sizes=\"auto, (max-width: 1024px) 100vw, 1024px\" \/><\/figure>\n\n\n\n<p>El pasado 7 de marzo por la tarde, la Direcci\u00f3n de G\u00e9nero y Diversidad junto a la Direcci\u00f3n de Cultura Local inauguraron en el Museo de Arte una serie de exposiciones en el marco del <strong>Mes de la Mujer.<\/strong><\/p>\n\n\n\n<p>Dentro del ciclo <strong>\u201cSomos la voz que mueve\u201d<\/strong> que coordina la artista Lorena Mayol, se reunieron artistas visuales, fot\u00f3grafas, colectivos y trabajadores de la cultura en un recorrido que puso en di\u00e1logo distintas miradas sobre la memoria, el trabajo y la producci\u00f3n art\u00edstica de mujeres y diversidades.<\/p>\n\n\n\n<figure class=\"wp-block-image size-large\"><img loading=\"lazy\" decoding=\"async\" width=\"1024\" height=\"682\" data-attachment-id=\"192934\" data-permalink=\"https:\/\/www.hoymercedes.com.ar\/principal\/2026\/03\/09\/somos-la-voz-que-mueve-en-el-mamm-se-inauguro-una-serie-de-muestras-en-el-marco-del-8m\/0h0a1698\/#main\" data-orig-file=\"https:\/\/www.hoymercedes.com.ar\/principal\/wp-content\/uploads\/2026\/03\/0H0A1698.jpg\" data-orig-size=\"1319,879\" data-comments-opened=\"0\" data-image-meta=\"{&quot;aperture&quot;:&quot;0&quot;,&quot;credit&quot;:&quot;&quot;,&quot;camera&quot;:&quot;&quot;,&quot;caption&quot;:&quot;&quot;,&quot;created_timestamp&quot;:&quot;0&quot;,&quot;copyright&quot;:&quot;&quot;,&quot;focal_length&quot;:&quot;0&quot;,&quot;iso&quot;:&quot;0&quot;,&quot;shutter_speed&quot;:&quot;0&quot;,&quot;title&quot;:&quot;&quot;,&quot;orientation&quot;:&quot;0&quot;}\" data-image-title=\"\u201cSomos la voz que mueve\u201d: en el MAMM se inaugur\u00f3 una serie de muestras en el marco del 8M\" data-image-description=\"&lt;p&gt;\u201cSomos la voz que mueve\u201d: en el MAMM se inaugur\u00f3 una serie de muestras en el marco del 8M&lt;\/p&gt;\n\" data-image-caption=\"&lt;p&gt;\u201cSomos la voz que mueve\u201d: en el MAMM se inaugur\u00f3 una serie de muestras en el marco del 8M&lt;\/p&gt;\n\" data-large-file=\"https:\/\/www.hoymercedes.com.ar\/principal\/wp-content\/uploads\/2026\/03\/0H0A1698-1024x682.jpg\" src=\"https:\/\/www.hoymercedes.com.ar\/principal\/wp-content\/uploads\/2026\/03\/0H0A1698-1024x682.jpg\" alt=\"\" class=\"wp-image-192934\" srcset=\"https:\/\/www.hoymercedes.com.ar\/principal\/wp-content\/uploads\/2026\/03\/0H0A1698-1024x682.jpg 1024w, https:\/\/www.hoymercedes.com.ar\/principal\/wp-content\/uploads\/2026\/03\/0H0A1698-630x420.jpg 630w, https:\/\/www.hoymercedes.com.ar\/principal\/wp-content\/uploads\/2026\/03\/0H0A1698-150x100.jpg 150w, https:\/\/www.hoymercedes.com.ar\/principal\/wp-content\/uploads\/2026\/03\/0H0A1698.jpg 1319w\" sizes=\"auto, (max-width: 1024px) 100vw, 1024px\" \/><\/figure>\n\n\n\n<p>La inauguraci\u00f3n convoc\u00f3 a vecinos, artistas y autoridades que recorrieron las distintas salas del museo, donde se presentaron muestras simult\u00e1neas:<\/p>\n\n\n\n<p>A la Sala A lleg\u00f3 \u201cNo te olvidamos\u201d, una muestra itinerante de artistas pl\u00e1sticos en homenaje a Eva Per\u00f3n. La exposici\u00f3n reuni\u00f3 trabajos de numerosos artistas que, desde distintas perspectivas, recuperaron la figura y el legado de Evita como s\u00edmbolo pol\u00edtico, social y cultural.<\/p>\n\n\n\n<p>En la Sala B se exhibi\u00f3 la exposici\u00f3n colectiva de artistas visuales mujeres y diversidades que reuni\u00f3 obras con distintas t\u00e9cnicas y lenguajes, dando cuenta de la vitalidad y la diversidad de la producci\u00f3n art\u00edstica contempor\u00e1nea.<\/p>\n\n\n\n<p>La Antesala del museo alberg\u00f3 una selecci\u00f3n del patrimonio del museo dedicada a mujeres artistas, mientras que en la Sala C se inaugur\u00f3 la muestra fotogr\u00e1fica \u201cTrabajadoras estatales organizadas\u201d de la fot\u00f3grafa Natalia Osorio Hughes, junto con la propuesta \u201cDesde la distancia, todes somos iguales\u201d un cuidado y elaborado pol\u00edptico del artista pl\u00e1stico Pablo Russo, que invit\u00f3 a reflexionar sobre las desigualdades y los v\u00ednculos sociales.<\/p>\n\n\n\n<p>Por su parte, la Sala D present\u00f3 \u201cCris\u00e1lida\u201d, una instalaci\u00f3n textil del colectivo FUEGAS, integrado por mujeres del conurbano, que explor\u00f3 procesos de transformaci\u00f3n y construcci\u00f3n colectiva a trav\u00e9s del arte textil.<\/p>\n\n\n\n<figure class=\"wp-block-image size-large\"><img loading=\"lazy\" decoding=\"async\" width=\"1024\" height=\"682\" data-attachment-id=\"192935\" data-permalink=\"https:\/\/www.hoymercedes.com.ar\/principal\/2026\/03\/09\/somos-la-voz-que-mueve-en-el-mamm-se-inauguro-una-serie-de-muestras-en-el-marco-del-8m\/0h0a1781\/#main\" data-orig-file=\"https:\/\/www.hoymercedes.com.ar\/principal\/wp-content\/uploads\/2026\/03\/0H0A1781.jpg\" data-orig-size=\"1319,879\" data-comments-opened=\"0\" data-image-meta=\"{&quot;aperture&quot;:&quot;0&quot;,&quot;credit&quot;:&quot;&quot;,&quot;camera&quot;:&quot;&quot;,&quot;caption&quot;:&quot;&quot;,&quot;created_timestamp&quot;:&quot;0&quot;,&quot;copyright&quot;:&quot;&quot;,&quot;focal_length&quot;:&quot;0&quot;,&quot;iso&quot;:&quot;0&quot;,&quot;shutter_speed&quot;:&quot;0&quot;,&quot;title&quot;:&quot;&quot;,&quot;orientation&quot;:&quot;0&quot;}\" data-image-title=\"\u201cSomos la voz que mueve\u201d: en el MAMM se inaugur\u00f3 una serie de muestras en el marco del 8M\" data-image-description=\"&lt;p&gt;\u201cSomos la voz que mueve\u201d: en el MAMM se inaugur\u00f3 una serie de muestras en el marco del 8M&lt;\/p&gt;\n\" data-image-caption=\"&lt;p&gt;\u201cSomos la voz que mueve\u201d: en el MAMM se inaugur\u00f3 una serie de muestras en el marco del 8M&lt;\/p&gt;\n\" data-large-file=\"https:\/\/www.hoymercedes.com.ar\/principal\/wp-content\/uploads\/2026\/03\/0H0A1781-1024x682.jpg\" src=\"https:\/\/www.hoymercedes.com.ar\/principal\/wp-content\/uploads\/2026\/03\/0H0A1781-1024x682.jpg\" alt=\"\" class=\"wp-image-192935\" srcset=\"https:\/\/www.hoymercedes.com.ar\/principal\/wp-content\/uploads\/2026\/03\/0H0A1781-1024x682.jpg 1024w, https:\/\/www.hoymercedes.com.ar\/principal\/wp-content\/uploads\/2026\/03\/0H0A1781-630x420.jpg 630w, https:\/\/www.hoymercedes.com.ar\/principal\/wp-content\/uploads\/2026\/03\/0H0A1781-150x100.jpg 150w, https:\/\/www.hoymercedes.com.ar\/principal\/wp-content\/uploads\/2026\/03\/0H0A1781.jpg 1319w\" sizes=\"auto, (max-width: 1024px) 100vw, 1024px\" \/><\/figure>\n\n\n\n<p>Las actividades formaron parte de una agenda cultural que busc\u00f3 visibilizar el trabajo de mujeres y diversidades en el campo art\u00edstico, al tiempo que promovi\u00f3 la reflexi\u00f3n sobre la memoria, los derechos y las luchas hist\u00f3ricas: En este sentido, en el amplio patio del MAMM, Anabel Pi\u00f1eiro, Luc\u00eda Lascano y Alejandra Marroqu\u00edn intervinieron el espacio con proyecciones anal\u00f3gicas y poes\u00eda, entregando una performance que acostumbran a desarrollar en el ciclo \u201cAlfonsina\u201d en Casa Balero, pero que esta vez completaron de manera inigualable en este nuevo contexto dentro la conmemoraci\u00f3n del d\u00eda de la mujer trabajadora y tambi\u00e9n el d\u00eda de la visibilidad l\u00e9sbica.<\/p>\n\n\n\n<p>Adem\u00e1s, en la puerta del museo, sobre la calle 23, se instal\u00f3 en nutrido n\u00famero de ofertas gastron\u00f3micas y artesanales de mujeres emprendedoras que compartieron el espacio con la presentaci\u00f3n de \u201cTodo y nada\u201d, un fotolibro de Nicol\u00e1s Pouthomis y Gisela Vol\u00e1 que abraza al amor en todas sus direcciones. El set musical, siempre presente en el ciclo, invit\u00f3 esta vez a la exquisita artista Mariel Solari y Ana Sol Dj para cerrar el escenario principal.<\/p>\n\n\n\n<p><em>\u201cBuscamos, a trav\u00e9s del arte, buscar un imaginario nuevo con un futuro posible donde todos podamos transitarlo&nbsp; juntos\u201d<\/em>, expres\u00f3 Mayol.<\/p>\n\n\n\n<p>Las muestras permanecer\u00e1n abiertas al p\u00fablico hasta el 1 de abril, consolidando y reafirmando al Museo de Arte Municipal de Mercedes como la elecci\u00f3n perfecta de espacio de encuentro para el arte, la memoria y las expresiones culturales de la comunidad.<\/p>\n","protected":false},"excerpt":{"rendered":"<p>El pasado 7 de marzo por la tarde, la Direcci\u00f3n de G\u00e9nero y Diversidad junto a la Direcci\u00f3n de Cultura &#8230; <a title=\"\u201cSomos la voz que mueve\u201d: en el MAMM se inaugur\u00f3 una serie de muestras en el marco del 8M\" class=\"read-more\" href=\"https:\/\/www.hoymercedes.com.ar\/principal\/2026\/03\/09\/somos-la-voz-que-mueve-en-el-mamm-se-inauguro-una-serie-de-muestras-en-el-marco-del-8m\/\" aria-label=\"Leer m\u00e1s sobre \u201cSomos la voz que mueve\u201d: en el MAMM se inaugur\u00f3 una serie de muestras en el marco del 8M\">Leer m\u00e1s<\/a><\/p>\n","protected":false},"author":1,"featured_media":192935,"comment_status":"closed","ping_status":"open","sticky":false,"template":"","format":"standard","meta":{"_monsterinsights_skip_tracking":false,"_monsterinsights_sitenote_active":false,"_monsterinsights_sitenote_note":"","_monsterinsights_sitenote_category":0,"jetpack_post_was_ever_published":false,"_jetpack_newsletter_access":"","_jetpack_dont_email_post_to_subs":false,"_jetpack_newsletter_tier_id":0,"_jetpack_memberships_contains_paywalled_content":false,"_jetpack_memberships_contains_paid_content":false,"footnotes":"","jetpack_publicize_message":"","jetpack_publicize_feature_enabled":true,"jetpack_social_post_already_shared":true,"jetpack_social_options":{"image_generator_settings":{"template":"highway","default_image_id":0,"font":"","enabled":false},"version":2},"_wpas_customize_per_network":false},"categories":[8],"tags":[21012,7518,21013,21004],"class_list":["post-192932","post","type-post","status-publish","format-standard","has-post-thumbnail","hentry","category-sociedad","tag-8m-mercedes","tag-museo-del-arte","tag-ni-un-menos","tag-somos-la-voz-que-mueve","generate-columns","tablet-grid-50","mobile-grid-100","grid-parent","grid-50"],"jetpack_publicize_connections":[],"jetpack_featured_media_url":"https:\/\/www.hoymercedes.com.ar\/principal\/wp-content\/uploads\/2026\/03\/0H0A1781.jpg","wps_subtitle":"","jetpack_sharing_enabled":true,"_links":{"self":[{"href":"https:\/\/www.hoymercedes.com.ar\/principal\/wp-json\/wp\/v2\/posts\/192932","targetHints":{"allow":["GET"]}}],"collection":[{"href":"https:\/\/www.hoymercedes.com.ar\/principal\/wp-json\/wp\/v2\/posts"}],"about":[{"href":"https:\/\/www.hoymercedes.com.ar\/principal\/wp-json\/wp\/v2\/types\/post"}],"author":[{"embeddable":true,"href":"https:\/\/www.hoymercedes.com.ar\/principal\/wp-json\/wp\/v2\/users\/1"}],"replies":[{"embeddable":true,"href":"https:\/\/www.hoymercedes.com.ar\/principal\/wp-json\/wp\/v2\/comments?post=192932"}],"version-history":[{"count":1,"href":"https:\/\/www.hoymercedes.com.ar\/principal\/wp-json\/wp\/v2\/posts\/192932\/revisions"}],"predecessor-version":[{"id":192936,"href":"https:\/\/www.hoymercedes.com.ar\/principal\/wp-json\/wp\/v2\/posts\/192932\/revisions\/192936"}],"wp:featuredmedia":[{"embeddable":true,"href":"https:\/\/www.hoymercedes.com.ar\/principal\/wp-json\/wp\/v2\/media\/192935"}],"wp:attachment":[{"href":"https:\/\/www.hoymercedes.com.ar\/principal\/wp-json\/wp\/v2\/media?parent=192932"}],"wp:term":[{"taxonomy":"category","embeddable":true,"href":"https:\/\/www.hoymercedes.com.ar\/principal\/wp-json\/wp\/v2\/categories?post=192932"},{"taxonomy":"post_tag","embeddable":true,"href":"https:\/\/www.hoymercedes.com.ar\/principal\/wp-json\/wp\/v2\/tags?post=192932"}],"curies":[{"name":"wp","href":"https:\/\/api.w.org\/{rel}","templated":true}]}}