{"id":192937,"date":"2026-03-09T15:24:00","date_gmt":"2026-03-09T18:24:00","guid":{"rendered":"https:\/\/www.hoymercedes.com.ar\/principal\/?p=192937"},"modified":"2026-03-09T13:28:06","modified_gmt":"2026-03-09T16:28:06","slug":"goldney-celebro-su-161-aniversario-con-una-gran-fiesta-popular","status":"publish","type":"post","link":"https:\/\/www.hoymercedes.com.ar\/principal\/2026\/03\/09\/goldney-celebro-su-161-aniversario-con-una-gran-fiesta-popular\/","title":{"rendered":"Goldney celebr\u00f3 su 161\u00b0 aniversario con una gran fiesta popular"},"content":{"rendered":"\n<figure class=\"wp-block-image size-large is-resized\"><img loading=\"lazy\" decoding=\"async\" width=\"1024\" height=\"576\" data-attachment-id=\"192938\" data-permalink=\"https:\/\/www.hoymercedes.com.ar\/principal\/2026\/03\/09\/goldney-celebro-su-161-aniversario-con-una-gran-fiesta-popular\/goldney-1-2\/#main\" data-orig-file=\"https:\/\/www.hoymercedes.com.ar\/principal\/wp-content\/uploads\/2026\/03\/Goldney-1.jpg\" data-orig-size=\"1365,768\" data-comments-opened=\"0\" data-image-meta=\"{&quot;aperture&quot;:&quot;0&quot;,&quot;credit&quot;:&quot;&quot;,&quot;camera&quot;:&quot;&quot;,&quot;caption&quot;:&quot;&quot;,&quot;created_timestamp&quot;:&quot;0&quot;,&quot;copyright&quot;:&quot;&quot;,&quot;focal_length&quot;:&quot;0&quot;,&quot;iso&quot;:&quot;0&quot;,&quot;shutter_speed&quot;:&quot;0&quot;,&quot;title&quot;:&quot;&quot;,&quot;orientation&quot;:&quot;1&quot;}\" data-image-title=\"Goldney celebr\u00f3 su 161\u00b0 aniversario con una gran fiesta popular\" data-image-description=\"&lt;p&gt;Goldney celebr\u00f3 su 161\u00b0 aniversario con una gran fiesta popular&lt;\/p&gt;\n\" data-image-caption=\"&lt;p&gt;Goldney celebr\u00f3 su 161\u00b0 aniversario con una gran fiesta popular&lt;\/p&gt;\n\" data-large-file=\"https:\/\/www.hoymercedes.com.ar\/principal\/wp-content\/uploads\/2026\/03\/Goldney-1-1024x576.jpg\" src=\"https:\/\/www.hoymercedes.com.ar\/principal\/wp-content\/uploads\/2026\/03\/Goldney-1-1024x576.jpg\" alt=\"\" class=\"wp-image-192938\" style=\"width:1213px;height:auto\" srcset=\"https:\/\/www.hoymercedes.com.ar\/principal\/wp-content\/uploads\/2026\/03\/Goldney-1-1024x576.jpg 1024w, https:\/\/www.hoymercedes.com.ar\/principal\/wp-content\/uploads\/2026\/03\/Goldney-1-630x354.jpg 630w, https:\/\/www.hoymercedes.com.ar\/principal\/wp-content\/uploads\/2026\/03\/Goldney-1-150x84.jpg 150w, https:\/\/www.hoymercedes.com.ar\/principal\/wp-content\/uploads\/2026\/03\/Goldney-1.jpg 1365w\" sizes=\"auto, (max-width: 1024px) 100vw, 1024px\" \/><\/figure>\n\n\n\n<p>La localidad de <strong>Goldney <\/strong>tuvo un gran festejo aniversario. All\u00ed, cientos de personas fueron parte de una jornada de encuentro con m\u00fasica en vivo, apoyo al trabajo local y celebraci\u00f3n. El intendente Juan I. Ustarroz destac\u00f3 el enorme trabajo de las y los vecinos, de la comisi\u00f3n de la sociedad de fomento y de quienes hicieron posible el gran encuentro vivido por el <strong>161\u00b0 aniversario del pueblo<\/strong>.<\/p>\n\n\n\n<p>Desde la comisi\u00f3n de la localidad, <strong>Mar\u00eda Laura Mangoni<\/strong> sostuvo: \u201cEs una alegr\u00eda enorme tenerlos ac\u00e1 y agradecemos enormemente a todos los que colaboraron para hacerlo posible\u201d, y agreg\u00f3 un reconocimiento \u201ca cada puestero por su esfuerzo, viniendo algunos de cerca y otros de lejos, pero siempre presentes\u201d.<\/p>\n\n\n\n<p>Tambi\u00e9n agradeci\u00f3, a trav\u00e9s del intendente, \u201ca toda la Municipalidad, que nos ha prove\u00eddo desde la log\u00edstica hasta el sonido y el escenario; un gran apoyo para que la fiesta sea posible. Por eso deseamos que la disfruten y volvamos a vernos el a\u00f1o pr\u00f3ximo\u201d.<\/p>\n\n\n\n<figure class=\"wp-block-image size-large is-resized\"><img loading=\"lazy\" decoding=\"async\" width=\"1024\" height=\"576\" data-attachment-id=\"192939\" data-permalink=\"https:\/\/www.hoymercedes.com.ar\/principal\/2026\/03\/09\/goldney-celebro-su-161-aniversario-con-una-gran-fiesta-popular\/goldney-2-2\/#main\" data-orig-file=\"https:\/\/www.hoymercedes.com.ar\/principal\/wp-content\/uploads\/2026\/03\/Goldney-2.jpg\" data-orig-size=\"1365,768\" data-comments-opened=\"0\" data-image-meta=\"{&quot;aperture&quot;:&quot;0&quot;,&quot;credit&quot;:&quot;&quot;,&quot;camera&quot;:&quot;&quot;,&quot;caption&quot;:&quot;&quot;,&quot;created_timestamp&quot;:&quot;0&quot;,&quot;copyright&quot;:&quot;&quot;,&quot;focal_length&quot;:&quot;0&quot;,&quot;iso&quot;:&quot;0&quot;,&quot;shutter_speed&quot;:&quot;0&quot;,&quot;title&quot;:&quot;&quot;,&quot;orientation&quot;:&quot;1&quot;}\" data-image-title=\"Goldney-2\" data-image-description=\"\" data-image-caption=\"\" data-large-file=\"https:\/\/www.hoymercedes.com.ar\/principal\/wp-content\/uploads\/2026\/03\/Goldney-2-1024x576.jpg\" src=\"https:\/\/www.hoymercedes.com.ar\/principal\/wp-content\/uploads\/2026\/03\/Goldney-2-1024x576.jpg\" alt=\"\" class=\"wp-image-192939\" style=\"width:1219px;height:auto\" srcset=\"https:\/\/www.hoymercedes.com.ar\/principal\/wp-content\/uploads\/2026\/03\/Goldney-2-1024x576.jpg 1024w, https:\/\/www.hoymercedes.com.ar\/principal\/wp-content\/uploads\/2026\/03\/Goldney-2-630x354.jpg 630w, https:\/\/www.hoymercedes.com.ar\/principal\/wp-content\/uploads\/2026\/03\/Goldney-2-150x84.jpg 150w, https:\/\/www.hoymercedes.com.ar\/principal\/wp-content\/uploads\/2026\/03\/Goldney-2.jpg 1365w\" sizes=\"auto, (max-width: 1024px) 100vw, 1024px\" \/><\/figure>\n\n\n\n<p>Por su parte, el jefe comunal, <strong>Juani Ustarroz<\/strong>, afirm\u00f3: \u201cQuiero felicitarlos por este gran encuentro y, a trav\u00e9s de Mar\u00eda Laura, a toda la sociedad de fomento que tanto ha trabajado\u201d. Adem\u00e1s, manifest\u00f3: \u201cQuiero contarles que hace una semana ac\u00e1 hubo elecciones de sociedad de fomento; Mar\u00eda Laura asume y est\u00e1 tomando la palabra, pero quien estuvo en la otra lista tambi\u00e9n est\u00e1 en una de las cantinas. Creo que este ejemplo como pueblo lo tenemos que valorar y poner en consideraci\u00f3n: la unidad, el trabajo y el cuidar las fiestas populares. Agradecer a los artistas, a las y los trabajadores y al p\u00fablico; son parte de nuestra identidad\u201d.<\/p>\n\n\n\n<p><strong>La Fiesta<\/strong><\/p>\n\n\n\n<p>La jornada cont\u00f3 con una variada grilla de artistas en vivo, entre los que se destacaron Claudelinda Fuentes Olmos y Ra\u00fal Antonio G\u00f3mez, Emma Grassi, Los Bohemios, La Ezze Band y La Capaccio. Adem\u00e1s de la m\u00fasica, los asistentes pudieron disfrutar de un tradicional desfile gaucho y la presentaci\u00f3n de diversos grupos de danza.<\/p>\n\n\n\n<p>Para completar la propuesta, hubo un sector de foodtrucks y un gran servicio de cantina. El evento cont\u00f3 con la participaci\u00f3n de la EP N\u00b0 23, la EP N\u00b0 32 y el JIRIMM N\u00b01, bajo la organizaci\u00f3n de la Sociedad de Fomento y la Municipalidad de Mercedes, con un fuerte matiz solidario.<\/p>\n\n\n\n<figure class=\"wp-block-image size-large is-resized\"><img loading=\"lazy\" decoding=\"async\" width=\"1024\" height=\"577\" data-attachment-id=\"192940\" data-permalink=\"https:\/\/www.hoymercedes.com.ar\/principal\/2026\/03\/09\/goldney-celebro-su-161-aniversario-con-una-gran-fiesta-popular\/goldney-6\/#main\" data-orig-file=\"https:\/\/www.hoymercedes.com.ar\/principal\/wp-content\/uploads\/2026\/03\/Goldney-6-scaled.jpg\" data-orig-size=\"2560,1442\" data-comments-opened=\"0\" data-image-meta=\"{&quot;aperture&quot;:&quot;0&quot;,&quot;credit&quot;:&quot;&quot;,&quot;camera&quot;:&quot;&quot;,&quot;caption&quot;:&quot;&quot;,&quot;created_timestamp&quot;:&quot;0&quot;,&quot;copyright&quot;:&quot;&quot;,&quot;focal_length&quot;:&quot;0&quot;,&quot;iso&quot;:&quot;0&quot;,&quot;shutter_speed&quot;:&quot;0&quot;,&quot;title&quot;:&quot;&quot;,&quot;orientation&quot;:&quot;0&quot;}\" data-image-title=\"Goldney 6\" data-image-description=\"\" data-image-caption=\"\" data-large-file=\"https:\/\/www.hoymercedes.com.ar\/principal\/wp-content\/uploads\/2026\/03\/Goldney-6-1024x577.jpg\" src=\"https:\/\/www.hoymercedes.com.ar\/principal\/wp-content\/uploads\/2026\/03\/Goldney-6-1024x577.jpg\" alt=\"\" class=\"wp-image-192940\" style=\"width:1214px;height:auto\" srcset=\"https:\/\/www.hoymercedes.com.ar\/principal\/wp-content\/uploads\/2026\/03\/Goldney-6-1024x577.jpg 1024w, https:\/\/www.hoymercedes.com.ar\/principal\/wp-content\/uploads\/2026\/03\/Goldney-6-630x355.jpg 630w, https:\/\/www.hoymercedes.com.ar\/principal\/wp-content\/uploads\/2026\/03\/Goldney-6-150x84.jpg 150w, https:\/\/www.hoymercedes.com.ar\/principal\/wp-content\/uploads\/2026\/03\/Goldney-6-1536x865.jpg 1536w, https:\/\/www.hoymercedes.com.ar\/principal\/wp-content\/uploads\/2026\/03\/Goldney-6-2048x1153.jpg 2048w\" sizes=\"auto, (max-width: 1024px) 100vw, 1024px\" \/><\/figure>\n\n\n\n<p><\/p>\n","protected":false},"excerpt":{"rendered":"<p>La localidad de Goldney tuvo un gran festejo aniversario. All\u00ed, cientos de personas fueron parte de una jornada de encuentro &#8230; <a title=\"Goldney celebr\u00f3 su 161\u00b0 aniversario con una gran fiesta popular\" class=\"read-more\" href=\"https:\/\/www.hoymercedes.com.ar\/principal\/2026\/03\/09\/goldney-celebro-su-161-aniversario-con-una-gran-fiesta-popular\/\" aria-label=\"Leer m\u00e1s sobre Goldney celebr\u00f3 su 161\u00b0 aniversario con una gran fiesta popular\">Leer m\u00e1s<\/a><\/p>\n","protected":false},"author":1,"featured_media":192938,"comment_status":"closed","ping_status":"open","sticky":false,"template":"","format":"standard","meta":{"_monsterinsights_skip_tracking":false,"_monsterinsights_sitenote_active":false,"_monsterinsights_sitenote_note":"","_monsterinsights_sitenote_category":0,"jetpack_post_was_ever_published":false,"_jetpack_newsletter_access":"","_jetpack_dont_email_post_to_subs":false,"_jetpack_newsletter_tier_id":0,"_jetpack_memberships_contains_paywalled_content":false,"_jetpack_memberships_contains_paid_content":false,"footnotes":"","jetpack_publicize_message":"","jetpack_publicize_feature_enabled":true,"jetpack_social_post_already_shared":true,"jetpack_social_options":{"image_generator_settings":{"template":"highway","default_image_id":0,"font":"","enabled":false},"version":2},"_wpas_customize_per_network":false},"categories":[104],"tags":[21014,21015,424],"class_list":["post-192937","post","type-post","status-publish","format-standard","has-post-thumbnail","hentry","category-cultura","tag-aniversario-de-goldney","tag-fiesta-de-goldney","tag-ustarroz","generate-columns","tablet-grid-50","mobile-grid-100","grid-parent","grid-50"],"jetpack_publicize_connections":[],"jetpack_featured_media_url":"https:\/\/www.hoymercedes.com.ar\/principal\/wp-content\/uploads\/2026\/03\/Goldney-1.jpg","wps_subtitle":"Fiesas Populares","jetpack_sharing_enabled":true,"_links":{"self":[{"href":"https:\/\/www.hoymercedes.com.ar\/principal\/wp-json\/wp\/v2\/posts\/192937","targetHints":{"allow":["GET"]}}],"collection":[{"href":"https:\/\/www.hoymercedes.com.ar\/principal\/wp-json\/wp\/v2\/posts"}],"about":[{"href":"https:\/\/www.hoymercedes.com.ar\/principal\/wp-json\/wp\/v2\/types\/post"}],"author":[{"embeddable":true,"href":"https:\/\/www.hoymercedes.com.ar\/principal\/wp-json\/wp\/v2\/users\/1"}],"replies":[{"embeddable":true,"href":"https:\/\/www.hoymercedes.com.ar\/principal\/wp-json\/wp\/v2\/comments?post=192937"}],"version-history":[{"count":2,"href":"https:\/\/www.hoymercedes.com.ar\/principal\/wp-json\/wp\/v2\/posts\/192937\/revisions"}],"predecessor-version":[{"id":192942,"href":"https:\/\/www.hoymercedes.com.ar\/principal\/wp-json\/wp\/v2\/posts\/192937\/revisions\/192942"}],"wp:featuredmedia":[{"embeddable":true,"href":"https:\/\/www.hoymercedes.com.ar\/principal\/wp-json\/wp\/v2\/media\/192938"}],"wp:attachment":[{"href":"https:\/\/www.hoymercedes.com.ar\/principal\/wp-json\/wp\/v2\/media?parent=192937"}],"wp:term":[{"taxonomy":"category","embeddable":true,"href":"https:\/\/www.hoymercedes.com.ar\/principal\/wp-json\/wp\/v2\/categories?post=192937"},{"taxonomy":"post_tag","embeddable":true,"href":"https:\/\/www.hoymercedes.com.ar\/principal\/wp-json\/wp\/v2\/tags?post=192937"}],"curies":[{"name":"wp","href":"https:\/\/api.w.org\/{rel}","templated":true}]}}