{"id":192943,"date":"2026-03-09T19:00:00","date_gmt":"2026-03-09T22:00:00","guid":{"rendered":"https:\/\/www.hoymercedes.com.ar\/principal\/?p=192943"},"modified":"2026-03-09T16:41:45","modified_gmt":"2026-03-09T19:41:45","slug":"lujan-tiroteo-dos-heridos-y-secuestro-de-estupefacientes","status":"publish","type":"post","link":"https:\/\/www.hoymercedes.com.ar\/principal\/2026\/03\/09\/lujan-tiroteo-dos-heridos-y-secuestro-de-estupefacientes\/","title":{"rendered":"Luj\u00e1n: tiroteo, dos heridos y secuestro de estupefacientes"},"content":{"rendered":"\n<figure class=\"wp-block-image size-large is-resized\"><img loading=\"lazy\" decoding=\"async\" width=\"1024\" height=\"576\" data-attachment-id=\"192944\" data-permalink=\"https:\/\/www.hoymercedes.com.ar\/principal\/2026\/03\/09\/lujan-tiroteo-dos-heridos-y-secuestro-de-estupefacientes\/operativo-drogas-lujan\/#main\" data-orig-file=\"https:\/\/www.hoymercedes.com.ar\/principal\/wp-content\/uploads\/2026\/03\/Operativo-Drogas-Lujan.jpg\" data-orig-size=\"1600,900\" data-comments-opened=\"0\" data-image-meta=\"{&quot;aperture&quot;:&quot;0&quot;,&quot;credit&quot;:&quot;&quot;,&quot;camera&quot;:&quot;&quot;,&quot;caption&quot;:&quot;&quot;,&quot;created_timestamp&quot;:&quot;0&quot;,&quot;copyright&quot;:&quot;&quot;,&quot;focal_length&quot;:&quot;0&quot;,&quot;iso&quot;:&quot;0&quot;,&quot;shutter_speed&quot;:&quot;0&quot;,&quot;title&quot;:&quot;&quot;,&quot;orientation&quot;:&quot;0&quot;}\" data-image-title=\"Operativo-Drogas-Luj\u00e1n\" data-image-description=\"&lt;p&gt;Luj\u00e1n: tiroteo, dos heridos y secuestro de estupefacientes&lt;\/p&gt;\n\" data-image-caption=\"&lt;p&gt;Luj\u00e1n: tiroteo, dos heridos y secuestro de estupefacientes&lt;\/p&gt;\n\" data-large-file=\"https:\/\/www.hoymercedes.com.ar\/principal\/wp-content\/uploads\/2026\/03\/Operativo-Drogas-Lujan-1024x576.jpg\" src=\"https:\/\/www.hoymercedes.com.ar\/principal\/wp-content\/uploads\/2026\/03\/Operativo-Drogas-Lujan-1024x576.jpg\" alt=\"Luj\u00e1n: tiroteo, dos heridos y secuestro de estupefacientes\" class=\"wp-image-192944\" style=\"width:1203px;height:auto\" srcset=\"https:\/\/www.hoymercedes.com.ar\/principal\/wp-content\/uploads\/2026\/03\/Operativo-Drogas-Lujan-1024x576.jpg 1024w, https:\/\/www.hoymercedes.com.ar\/principal\/wp-content\/uploads\/2026\/03\/Operativo-Drogas-Lujan-630x354.jpg 630w, https:\/\/www.hoymercedes.com.ar\/principal\/wp-content\/uploads\/2026\/03\/Operativo-Drogas-Lujan-150x84.jpg 150w, https:\/\/www.hoymercedes.com.ar\/principal\/wp-content\/uploads\/2026\/03\/Operativo-Drogas-Lujan-1536x864.jpg 1536w, https:\/\/www.hoymercedes.com.ar\/principal\/wp-content\/uploads\/2026\/03\/Operativo-Drogas-Lujan.jpg 1600w\" sizes=\"auto, (max-width: 1024px) 100vw, 1024px\" \/><\/figure>\n\n\n\n<p><strong>Disparos, secuestro de drogas y heridos en un operativo en la ciudad de Luj\u00e1n. Intervendr\u00e1 justicia mercedina. Un grave enfrentamiento armado tuvo lugar en las \u00faltimas horas en Luj\u00e1n. Tras la intervenci\u00f3n policial, se incaut\u00f3 droga y dos personas terminaron hospitalizadas con heridas de bala.<\/strong><\/p>\n\n\n\n<p>Un violento episodio sacudi\u00f3 la tranquilidad del barrio Ameghino cuando un enfrentamiento a tiros dej\u00f3 como saldo dos personas heridas y el posterior secuestro de sustancias il\u00edcitas por parte de las fuerzas de seguridad.<\/p>\n\n\n\n<p>El hecho se desencaden\u00f3 a ra\u00edz de un conflicto en la v\u00eda p\u00fablica que escal\u00f3 r\u00e1pidamente hasta convertirse en un tiroteo. Al arribar al lugar, el personal policial no solo se encontr\u00f3 con los heridos, sino que tambi\u00e9n detect\u00f3 elementos vinculados al tr\u00e1fico de drogas, lo que deriv\u00f3 en un operativo m\u00e1s amplio.<\/p>\n\n\n\n<p><strong>Investigaci\u00f3n<\/strong><\/p>\n\n\n\n<p>Seg\u00fan fuentes oficiales, los dos hombres alcanzados por los proyectiles fueron trasladados de urgencia al Hospital Municipal de Luj\u00e1n. Si bien las heridas revisten gravedad, ambos se encuentran bajo observaci\u00f3n m\u00e9dica y con custodia policial, ya que su participaci\u00f3n en el hecho est\u00e1 siendo investigada.<\/p>\n\n\n\n<p><strong>Droga<\/strong><\/p>\n\n\n\n<p>En los procedimientos realizados en la escena y zonas aleda\u00f1as, los efectivos lograron incautar una cantidad no especificada de estupefacientes, lo que refuerza la hip\u00f3tesis de un ajuste de cuentas o una disputa territorial vinculada al narcomenudeo en la zona.<\/p>\n\n\n\n<p>La causa ha quedado en manos de la fiscal\u00eda de turno, que dispuso una serie de peritajes para determinar el origen de las armas utilizadas y el rol de cada uno de los involucrados en esta violenta jornada que mantiene en alerta a los vecinos del barrio Ameghino.<\/p>\n","protected":false},"excerpt":{"rendered":"<p>Disparos, secuestro de drogas y heridos en un operativo en la ciudad de Luj\u00e1n. Intervendr\u00e1 justicia mercedina. Un grave enfrentamiento &#8230; <a title=\"Luj\u00e1n: tiroteo, dos heridos y secuestro de estupefacientes\" class=\"read-more\" href=\"https:\/\/www.hoymercedes.com.ar\/principal\/2026\/03\/09\/lujan-tiroteo-dos-heridos-y-secuestro-de-estupefacientes\/\" aria-label=\"Leer m\u00e1s sobre Luj\u00e1n: tiroteo, dos heridos y secuestro de estupefacientes\">Leer m\u00e1s<\/a><\/p>\n","protected":false},"author":1,"featured_media":192944,"comment_status":"closed","ping_status":"open","sticky":false,"template":"","format":"standard","meta":{"_monsterinsights_skip_tracking":false,"_monsterinsights_sitenote_active":false,"_monsterinsights_sitenote_note":"","_monsterinsights_sitenote_category":0,"jetpack_post_was_ever_published":false,"_jetpack_newsletter_access":"","_jetpack_dont_email_post_to_subs":false,"_jetpack_newsletter_tier_id":0,"_jetpack_memberships_contains_paywalled_content":false,"_jetpack_memberships_contains_paid_content":false,"footnotes":"","jetpack_publicize_message":"","jetpack_publicize_feature_enabled":true,"jetpack_social_post_already_shared":true,"jetpack_social_options":{"image_generator_settings":{"template":"highway","default_image_id":0,"font":"","enabled":false},"version":2},"_wpas_customize_per_network":false},"categories":[85],"tags":[19746,21016],"class_list":["post-192943","post","type-post","status-publish","format-standard","has-post-thumbnail","hentry","category-policial","tag-drogas-en-lujan-2","tag-operativo-de-drogas","generate-columns","tablet-grid-50","mobile-grid-100","grid-parent","grid-50"],"jetpack_publicize_connections":[],"jetpack_featured_media_url":"https:\/\/www.hoymercedes.com.ar\/principal\/wp-content\/uploads\/2026\/03\/Operativo-Drogas-Lujan.jpg","wps_subtitle":"","jetpack_sharing_enabled":true,"_links":{"self":[{"href":"https:\/\/www.hoymercedes.com.ar\/principal\/wp-json\/wp\/v2\/posts\/192943","targetHints":{"allow":["GET"]}}],"collection":[{"href":"https:\/\/www.hoymercedes.com.ar\/principal\/wp-json\/wp\/v2\/posts"}],"about":[{"href":"https:\/\/www.hoymercedes.com.ar\/principal\/wp-json\/wp\/v2\/types\/post"}],"author":[{"embeddable":true,"href":"https:\/\/www.hoymercedes.com.ar\/principal\/wp-json\/wp\/v2\/users\/1"}],"replies":[{"embeddable":true,"href":"https:\/\/www.hoymercedes.com.ar\/principal\/wp-json\/wp\/v2\/comments?post=192943"}],"version-history":[{"count":1,"href":"https:\/\/www.hoymercedes.com.ar\/principal\/wp-json\/wp\/v2\/posts\/192943\/revisions"}],"predecessor-version":[{"id":192947,"href":"https:\/\/www.hoymercedes.com.ar\/principal\/wp-json\/wp\/v2\/posts\/192943\/revisions\/192947"}],"wp:featuredmedia":[{"embeddable":true,"href":"https:\/\/www.hoymercedes.com.ar\/principal\/wp-json\/wp\/v2\/media\/192944"}],"wp:attachment":[{"href":"https:\/\/www.hoymercedes.com.ar\/principal\/wp-json\/wp\/v2\/media?parent=192943"}],"wp:term":[{"taxonomy":"category","embeddable":true,"href":"https:\/\/www.hoymercedes.com.ar\/principal\/wp-json\/wp\/v2\/categories?post=192943"},{"taxonomy":"post_tag","embeddable":true,"href":"https:\/\/www.hoymercedes.com.ar\/principal\/wp-json\/wp\/v2\/tags?post=192943"}],"curies":[{"name":"wp","href":"https:\/\/api.w.org\/{rel}","templated":true}]}}