{"id":192948,"date":"2026-03-09T20:57:19","date_gmt":"2026-03-09T23:57:19","guid":{"rendered":"https:\/\/www.hoymercedes.com.ar\/principal\/?p=192948"},"modified":"2026-03-09T20:57:22","modified_gmt":"2026-03-09T23:57:22","slug":"controlan-principio-de-incendio-en-vivienda-del-eva-duarte","status":"publish","type":"post","link":"https:\/\/www.hoymercedes.com.ar\/principal\/2026\/03\/09\/controlan-principio-de-incendio-en-vivienda-del-eva-duarte\/","title":{"rendered":"Controlan principio de incendio en vivienda del Eva Duarte"},"content":{"rendered":"\n<figure class=\"wp-block-image size-full is-resized\"><img loading=\"lazy\" decoding=\"async\" width=\"900\" height=\"654\" data-attachment-id=\"192949\" data-permalink=\"https:\/\/www.hoymercedes.com.ar\/principal\/2026\/03\/09\/controlan-principio-de-incendio-en-vivienda-del-eva-duarte\/proteccion-civil-indencia\/#main\" data-orig-file=\"https:\/\/www.hoymercedes.com.ar\/principal\/wp-content\/uploads\/2026\/03\/proteccion-civil.-indencia.jpg\" data-orig-size=\"900,654\" data-comments-opened=\"0\" data-image-meta=\"{&quot;aperture&quot;:&quot;0&quot;,&quot;credit&quot;:&quot;&quot;,&quot;camera&quot;:&quot;&quot;,&quot;caption&quot;:&quot;&quot;,&quot;created_timestamp&quot;:&quot;0&quot;,&quot;copyright&quot;:&quot;&quot;,&quot;focal_length&quot;:&quot;0&quot;,&quot;iso&quot;:&quot;0&quot;,&quot;shutter_speed&quot;:&quot;0&quot;,&quot;title&quot;:&quot;&quot;,&quot;orientation&quot;:&quot;0&quot;}\" data-image-title=\"proteccion civil.-indencia\" data-image-description=\"&lt;p&gt;Controlan principio de incendio en vivienda del Duarte&lt;\/p&gt;\n\" data-image-caption=\"&lt;p&gt;Controlan principio de incendio en vivienda del Duarte&lt;\/p&gt;\n\" data-large-file=\"https:\/\/www.hoymercedes.com.ar\/principal\/wp-content\/uploads\/2026\/03\/proteccion-civil.-indencia.jpg\" src=\"https:\/\/www.hoymercedes.com.ar\/principal\/wp-content\/uploads\/2026\/03\/proteccion-civil.-indencia.jpg\" alt=\"\" class=\"wp-image-192949\" style=\"width:1174px;height:auto\" srcset=\"https:\/\/www.hoymercedes.com.ar\/principal\/wp-content\/uploads\/2026\/03\/proteccion-civil.-indencia.jpg 900w, https:\/\/www.hoymercedes.com.ar\/principal\/wp-content\/uploads\/2026\/03\/proteccion-civil.-indencia-630x458.jpg 630w, https:\/\/www.hoymercedes.com.ar\/principal\/wp-content\/uploads\/2026\/03\/proteccion-civil.-indencia-150x109.jpg 150w\" sizes=\"auto, (max-width: 900px) 100vw, 900px\" \/><\/figure>\n\n\n\n<p>Durante el mediod\u00eda de este lunes Bomberos Voluntarios actuaron en el principio de incendio de una vivienda en barrio Eva Duarte. Participo tambi\u00e9n el \u00e1rea de Protecci\u00f3n Civil.<\/p>\n\n\n\n<p>El acontecimiento fue pasado las 12hs el siniestro se produjo en calle 1 y 56bis, donde acudieron las fuerzas de emergencia ante la convocatoria familiar.<\/p>\n\n\n\n<p>Sucedi\u00f3, se supo, en una habitaci\u00f3n detr\u00e1s de la vivienda y no pas\u00f3 a mayores, por rapidez familiar y actuaci\u00f3n de bomberos.<\/p>\n\n\n\n<p>Un joven debi\u00f3 ser atendido por inhalaci\u00f3n de humo trasladado al hospital local, pero sin revestir gravedad.<br>Actu\u00f3 el m\u00f3vil 14 de bomberos a cargo de Gonzale, SAME a cargo de la Dra. Almir\u00f3n y Protecci\u00f3n Civil a cargo de Agustina Lor\u00e9<\/p>\n","protected":false},"excerpt":{"rendered":"<p>Durante el mediod\u00eda de este lunes Bomberos Voluntarios actuaron en el principio de incendio de una vivienda en barrio Eva &#8230; <a title=\"Controlan principio de incendio en vivienda del Eva Duarte\" class=\"read-more\" href=\"https:\/\/www.hoymercedes.com.ar\/principal\/2026\/03\/09\/controlan-principio-de-incendio-en-vivienda-del-eva-duarte\/\" aria-label=\"Leer m\u00e1s sobre Controlan principio de incendio en vivienda del Eva Duarte\">Leer m\u00e1s<\/a><\/p>\n","protected":false},"author":1,"featured_media":192949,"comment_status":"closed","ping_status":"open","sticky":false,"template":"","format":"standard","meta":{"_monsterinsights_skip_tracking":false,"_monsterinsights_sitenote_active":false,"_monsterinsights_sitenote_note":"","_monsterinsights_sitenote_category":0,"jetpack_post_was_ever_published":false,"_jetpack_newsletter_access":"","_jetpack_dont_email_post_to_subs":false,"_jetpack_newsletter_tier_id":0,"_jetpack_memberships_contains_paywalled_content":false,"_jetpack_memberships_contains_paid_content":false,"footnotes":"","jetpack_publicize_message":"","jetpack_publicize_feature_enabled":true,"jetpack_social_post_already_shared":true,"jetpack_social_options":{"image_generator_settings":{"template":"highway","default_image_id":0,"font":"","enabled":false},"version":2},"_wpas_customize_per_network":false},"categories":[85],"tags":[287],"class_list":["post-192948","post","type-post","status-publish","format-standard","has-post-thumbnail","hentry","category-policial","tag-bomberos-mercedes","generate-columns","tablet-grid-50","mobile-grid-100","grid-parent","grid-50"],"jetpack_publicize_connections":[],"jetpack_featured_media_url":"https:\/\/www.hoymercedes.com.ar\/principal\/wp-content\/uploads\/2026\/03\/proteccion-civil.-indencia.jpg","wps_subtitle":"","jetpack_sharing_enabled":true,"_links":{"self":[{"href":"https:\/\/www.hoymercedes.com.ar\/principal\/wp-json\/wp\/v2\/posts\/192948","targetHints":{"allow":["GET"]}}],"collection":[{"href":"https:\/\/www.hoymercedes.com.ar\/principal\/wp-json\/wp\/v2\/posts"}],"about":[{"href":"https:\/\/www.hoymercedes.com.ar\/principal\/wp-json\/wp\/v2\/types\/post"}],"author":[{"embeddable":true,"href":"https:\/\/www.hoymercedes.com.ar\/principal\/wp-json\/wp\/v2\/users\/1"}],"replies":[{"embeddable":true,"href":"https:\/\/www.hoymercedes.com.ar\/principal\/wp-json\/wp\/v2\/comments?post=192948"}],"version-history":[{"count":1,"href":"https:\/\/www.hoymercedes.com.ar\/principal\/wp-json\/wp\/v2\/posts\/192948\/revisions"}],"predecessor-version":[{"id":192950,"href":"https:\/\/www.hoymercedes.com.ar\/principal\/wp-json\/wp\/v2\/posts\/192948\/revisions\/192950"}],"wp:featuredmedia":[{"embeddable":true,"href":"https:\/\/www.hoymercedes.com.ar\/principal\/wp-json\/wp\/v2\/media\/192949"}],"wp:attachment":[{"href":"https:\/\/www.hoymercedes.com.ar\/principal\/wp-json\/wp\/v2\/media?parent=192948"}],"wp:term":[{"taxonomy":"category","embeddable":true,"href":"https:\/\/www.hoymercedes.com.ar\/principal\/wp-json\/wp\/v2\/categories?post=192948"},{"taxonomy":"post_tag","embeddable":true,"href":"https:\/\/www.hoymercedes.com.ar\/principal\/wp-json\/wp\/v2\/tags?post=192948"}],"curies":[{"name":"wp","href":"https:\/\/api.w.org\/{rel}","templated":true}]}}