{"id":192954,"date":"2026-03-10T14:55:02","date_gmt":"2026-03-10T17:55:02","guid":{"rendered":"https:\/\/www.hoymercedes.com.ar\/principal\/?p=192954"},"modified":"2026-03-10T14:55:05","modified_gmt":"2026-03-10T17:55:05","slug":"mercedes-fue-sede-de-un-importante-encuentro-regional-de-bomberos-voluntarios","status":"publish","type":"post","link":"https:\/\/www.hoymercedes.com.ar\/principal\/2026\/03\/10\/mercedes-fue-sede-de-un-importante-encuentro-regional-de-bomberos-voluntarios\/","title":{"rendered":"Mercedes fue sede de un importante encuentro regional de Bomberos Voluntarios"},"content":{"rendered":"\n<figure class=\"wp-block-image size-full is-resized\"><img loading=\"lazy\" decoding=\"async\" width=\"900\" height=\"900\" data-attachment-id=\"192955\" data-permalink=\"https:\/\/www.hoymercedes.com.ar\/principal\/2026\/03\/10\/mercedes-fue-sede-de-un-importante-encuentro-regional-de-bomberos-voluntarios\/bomberos-capacitacion-12\/#main\" data-orig-file=\"https:\/\/www.hoymercedes.com.ar\/principal\/wp-content\/uploads\/2026\/03\/Bomberos-Capacitacion-12.jpg\" data-orig-size=\"900,900\" data-comments-opened=\"0\" data-image-meta=\"{&quot;aperture&quot;:&quot;0&quot;,&quot;credit&quot;:&quot;&quot;,&quot;camera&quot;:&quot;&quot;,&quot;caption&quot;:&quot;&quot;,&quot;created_timestamp&quot;:&quot;0&quot;,&quot;copyright&quot;:&quot;&quot;,&quot;focal_length&quot;:&quot;0&quot;,&quot;iso&quot;:&quot;0&quot;,&quot;shutter_speed&quot;:&quot;0&quot;,&quot;title&quot;:&quot;&quot;,&quot;orientation&quot;:&quot;0&quot;}\" data-image-title=\"Bomberos-Capacitacion-12\" data-image-description=\"&lt;p&gt;Bomberos Mercedes &lt;\/p&gt;\n\" data-image-caption=\"&lt;p&gt;Bomberos Mercedes &lt;\/p&gt;\n\" data-large-file=\"https:\/\/www.hoymercedes.com.ar\/principal\/wp-content\/uploads\/2026\/03\/Bomberos-Capacitacion-12.jpg\" src=\"https:\/\/www.hoymercedes.com.ar\/principal\/wp-content\/uploads\/2026\/03\/Bomberos-Capacitacion-12.jpg\" alt=\"\" class=\"wp-image-192955\" style=\"width:1215px;height:auto\" srcset=\"https:\/\/www.hoymercedes.com.ar\/principal\/wp-content\/uploads\/2026\/03\/Bomberos-Capacitacion-12.jpg 900w, https:\/\/www.hoymercedes.com.ar\/principal\/wp-content\/uploads\/2026\/03\/Bomberos-Capacitacion-12-620x620.jpg 620w, https:\/\/www.hoymercedes.com.ar\/principal\/wp-content\/uploads\/2026\/03\/Bomberos-Capacitacion-12-150x150.jpg 150w\" sizes=\"auto, (max-width: 900px) 100vw, 900px\" \/><\/figure>\n\n\n\n<p><a href=\"https:\/\/www.hoymercedes.com.ar\/principal\/wp-admin\/admin.php?page=rank-math-options-titles\">T\u00edtulos y meta<\/a><\/p>\n\n\n\n<p><strong>Representantes de diez ciudades de la zona se reunieron en el cuartel local para coordinar operativos, analizar la llegada de nuevo equipamiento y discutir el financiamiento del sistema federativo.<\/strong><\/p>\n\n\n\n<p>En una jornada marcada por el trabajo colaborativo, el cuartel de <strong>Bomberos Voluntarios de Mercedes<\/strong> funcion\u00f3 como epicentro de la reuni\u00f3n de la <strong>Regi\u00f3n Centro<\/strong>. El encuentro reuni\u00f3 a delegaciones de diversos puntos de la provincia, consolidando a la ciudad como un punto estrat\u00e9gico para la organizaci\u00f3n de las fuerzas de seguridad civil de la zona.<\/p>\n\n\n\n<p>Del c\u00f3nclave participaron representantes de los cuarteles de <strong>Ca\u00f1uelas, General Rodr\u00edguez, Luj\u00e1n, Monte, Moll, General Belgrano, Gorchs, Marcos Paz y Norberto de la Riestra<\/strong>.<\/p>\n\n\n\n<figure class=\"wp-block-image size-large is-resized\"><img loading=\"lazy\" decoding=\"async\" width=\"1015\" height=\"1024\" data-attachment-id=\"192956\" data-permalink=\"https:\/\/www.hoymercedes.com.ar\/principal\/2026\/03\/10\/mercedes-fue-sede-de-un-importante-encuentro-regional-de-bomberos-voluntarios\/bomberos-capacitacion-13\/#main\" data-orig-file=\"https:\/\/www.hoymercedes.com.ar\/principal\/wp-content\/uploads\/2026\/03\/Bomberos-Capacitacion-13.jpg\" data-orig-size=\"1220,1231\" data-comments-opened=\"0\" data-image-meta=\"{&quot;aperture&quot;:&quot;0&quot;,&quot;credit&quot;:&quot;&quot;,&quot;camera&quot;:&quot;&quot;,&quot;caption&quot;:&quot;&quot;,&quot;created_timestamp&quot;:&quot;0&quot;,&quot;copyright&quot;:&quot;&quot;,&quot;focal_length&quot;:&quot;0&quot;,&quot;iso&quot;:&quot;0&quot;,&quot;shutter_speed&quot;:&quot;0&quot;,&quot;title&quot;:&quot;&quot;,&quot;orientation&quot;:&quot;0&quot;}\" data-image-title=\"Bomberos-Capacitacion-13\" data-image-description=\"&lt;p&gt;Bomberos Mercedes &lt;\/p&gt;\n\" data-image-caption=\"&lt;p&gt;Bomberos Mercedes &lt;\/p&gt;\n\" data-large-file=\"https:\/\/www.hoymercedes.com.ar\/principal\/wp-content\/uploads\/2026\/03\/Bomberos-Capacitacion-13-1015x1024.jpg\" src=\"https:\/\/www.hoymercedes.com.ar\/principal\/wp-content\/uploads\/2026\/03\/Bomberos-Capacitacion-13-1015x1024.jpg\" alt=\"\" class=\"wp-image-192956\" style=\"width:1213px;height:auto\" srcset=\"https:\/\/www.hoymercedes.com.ar\/principal\/wp-content\/uploads\/2026\/03\/Bomberos-Capacitacion-13-1015x1024.jpg 1015w, https:\/\/www.hoymercedes.com.ar\/principal\/wp-content\/uploads\/2026\/03\/Bomberos-Capacitacion-13-614x620.jpg 614w, https:\/\/www.hoymercedes.com.ar\/principal\/wp-content\/uploads\/2026\/03\/Bomberos-Capacitacion-13-150x150.jpg 150w, https:\/\/www.hoymercedes.com.ar\/principal\/wp-content\/uploads\/2026\/03\/Bomberos-Capacitacion-13.jpg 1220w\" sizes=\"auto, (max-width: 1015px) 100vw, 1015px\" \/><\/figure>\n\n\n\n<h3 class=\"wp-block-heading\">Ejes.<\/h3>\n\n\n\n<p>Durante la reuni\u00f3n, los jefes y directivos abordaron una agenda t\u00e9cnica centrada en tres pilares fundamentales:<\/p>\n\n\n\n<ol start=\"1\" class=\"wp-block-list\">\n<li><strong>Coordinaci\u00f3n de Operaciones:<\/strong> Se ajustaron protocolos para mejorar la respuesta conjunta ante emergencias de gran magnitud que requieran el apoyo de m\u00faltiples cuarteles.<\/li>\n\n\n\n<li><strong>Modernizaci\u00f3n de flota:<\/strong> Se analiz\u00f3 la incorporaci\u00f3n de nuevo equipamiento cr\u00edtico para optimizar el servicio en cada jurisdicci\u00f3n.<\/li>\n\n\n\n<li><strong>Fondo Federativo:<\/strong> Se trataron aspectos administrativos y legales vinculados a los recursos destinados al sostenimiento de los cuarteles.<\/li>\n<\/ol>\n\n\n\n<h3 class=\"wp-block-heading\">Se viene.<\/h3>\n\n\n\n<p>Desde la instituci\u00f3n local destacaron que estos espacios son vitales para fortalecer los lazos de cooperaci\u00f3n. <em>\u00abEstos encuentros permiten una organizaci\u00f3n m\u00e1s s\u00f3lida y una respuesta m\u00e1s eficiente ante el llamado de la comunidad\u00bb<\/em>, se\u00f1alaron.<\/p>\n\n\n\n<p>Como cierre de la jornada, se confirm\u00f3 que el trabajo continuar\u00e1 escalando niveles: tras el cierre de esta etapa regional, la <strong>pr\u00f3xima reuni\u00f3n de car\u00e1cter provincial<\/strong> tendr\u00e1 lugar el pr\u00f3ximo fin de semana en la ciudad de <strong>25 de Mayo<\/strong>.<\/p>\n\n\n\n<p><\/p>\n","protected":false},"excerpt":{"rendered":"<p>T\u00edtulos y meta Representantes de diez ciudades de la zona se reunieron en el cuartel local para coordinar operativos, analizar &#8230; <a title=\"Mercedes fue sede de un importante encuentro regional de Bomberos Voluntarios\" class=\"read-more\" href=\"https:\/\/www.hoymercedes.com.ar\/principal\/2026\/03\/10\/mercedes-fue-sede-de-un-importante-encuentro-regional-de-bomberos-voluntarios\/\" aria-label=\"Leer m\u00e1s sobre Mercedes fue sede de un importante encuentro regional de Bomberos Voluntarios\">Leer m\u00e1s<\/a><\/p>\n","protected":false},"author":1,"featured_media":192955,"comment_status":"closed","ping_status":"open","sticky":false,"template":"","format":"standard","meta":{"_monsterinsights_skip_tracking":false,"_monsterinsights_sitenote_active":false,"_monsterinsights_sitenote_note":"","_monsterinsights_sitenote_category":0,"jetpack_post_was_ever_published":false,"_jetpack_newsletter_access":"","_jetpack_dont_email_post_to_subs":false,"_jetpack_newsletter_tier_id":0,"_jetpack_memberships_contains_paywalled_content":false,"_jetpack_memberships_contains_paid_content":false,"footnotes":"","jetpack_publicize_message":"","jetpack_publicize_feature_enabled":true,"jetpack_social_post_already_shared":true,"jetpack_social_options":{"image_generator_settings":{"template":"highway","default_image_id":0,"font":"","enabled":false},"version":2},"_wpas_customize_per_network":false},"categories":[8],"tags":[287,21019,21020],"class_list":["post-192954","post","type-post","status-publish","format-standard","has-post-thumbnail","hentry","category-sociedad","tag-bomberos-mercedes","tag-bomberos-voluntarios-27","tag-encuentro-regional-mercedes","generate-columns","tablet-grid-50","mobile-grid-100","grid-parent","grid-50"],"jetpack_publicize_connections":[],"jetpack_featured_media_url":"https:\/\/www.hoymercedes.com.ar\/principal\/wp-content\/uploads\/2026\/03\/Bomberos-Capacitacion-12.jpg","wps_subtitle":"Instituciones ","jetpack_sharing_enabled":true,"_links":{"self":[{"href":"https:\/\/www.hoymercedes.com.ar\/principal\/wp-json\/wp\/v2\/posts\/192954","targetHints":{"allow":["GET"]}}],"collection":[{"href":"https:\/\/www.hoymercedes.com.ar\/principal\/wp-json\/wp\/v2\/posts"}],"about":[{"href":"https:\/\/www.hoymercedes.com.ar\/principal\/wp-json\/wp\/v2\/types\/post"}],"author":[{"embeddable":true,"href":"https:\/\/www.hoymercedes.com.ar\/principal\/wp-json\/wp\/v2\/users\/1"}],"replies":[{"embeddable":true,"href":"https:\/\/www.hoymercedes.com.ar\/principal\/wp-json\/wp\/v2\/comments?post=192954"}],"version-history":[{"count":2,"href":"https:\/\/www.hoymercedes.com.ar\/principal\/wp-json\/wp\/v2\/posts\/192954\/revisions"}],"predecessor-version":[{"id":192984,"href":"https:\/\/www.hoymercedes.com.ar\/principal\/wp-json\/wp\/v2\/posts\/192954\/revisions\/192984"}],"wp:featuredmedia":[{"embeddable":true,"href":"https:\/\/www.hoymercedes.com.ar\/principal\/wp-json\/wp\/v2\/media\/192955"}],"wp:attachment":[{"href":"https:\/\/www.hoymercedes.com.ar\/principal\/wp-json\/wp\/v2\/media?parent=192954"}],"wp:term":[{"taxonomy":"category","embeddable":true,"href":"https:\/\/www.hoymercedes.com.ar\/principal\/wp-json\/wp\/v2\/categories?post=192954"},{"taxonomy":"post_tag","embeddable":true,"href":"https:\/\/www.hoymercedes.com.ar\/principal\/wp-json\/wp\/v2\/tags?post=192954"}],"curies":[{"name":"wp","href":"https:\/\/api.w.org\/{rel}","templated":true}]}}