{"id":19296,"date":"2013-01-09T00:41:24","date_gmt":"2013-01-09T00:41:24","guid":{"rendered":"http:\/\/www.hoymercedes.com.ar\/principal\/?p=19296"},"modified":"2013-01-09T00:41:55","modified_gmt":"2013-01-09T00:41:55","slug":"agrupacion-17-de-octubre-invita-a-oir-su-programa-orgullosamente-mercedinos","status":"publish","type":"post","link":"https:\/\/www.hoymercedes.com.ar\/principal\/2013\/01\/09\/agrupacion-17-de-octubre-invita-a-oir-su-programa-orgullosamente-mercedinos\/","title":{"rendered":"Agrupaci\u00f3n 17 de Octubre invita a o\u00edr su programa: \u00abOrgullosamente mercedinos\u00bb"},"content":{"rendered":"<figure id=\"attachment_19298\" aria-describedby=\"caption-attachment-19298\" style=\"width: 608px\" class=\"wp-caption aligncenter\"><a href=\"https:\/\/www.hoymercedes.com.ar\/principal\/wp-content\/uploads\/2013\/01\/OrgullosamenteMercedinos.Radio_.jpg\"><img loading=\"lazy\" decoding=\"async\" data-attachment-id=\"19298\" data-permalink=\"https:\/\/www.hoymercedes.com.ar\/principal\/2013\/01\/09\/agrupacion-17-de-octubre-invita-a-oir-su-programa-orgullosamente-mercedinos\/orgullosamentemercedinos-radio\/#main\" data-orig-file=\"https:\/\/www.hoymercedes.com.ar\/principal\/wp-content\/uploads\/2013\/01\/OrgullosamenteMercedinos.Radio_.jpg\" data-orig-size=\"618,464\" data-comments-opened=\"1\" data-image-meta=\"{&quot;aperture&quot;:&quot;0&quot;,&quot;credit&quot;:&quot;&quot;,&quot;camera&quot;:&quot;&quot;,&quot;caption&quot;:&quot;&quot;,&quot;created_timestamp&quot;:&quot;0&quot;,&quot;copyright&quot;:&quot;&quot;,&quot;focal_length&quot;:&quot;0&quot;,&quot;iso&quot;:&quot;0&quot;,&quot;shutter_speed&quot;:&quot;0&quot;,&quot;title&quot;:&quot;&quot;}\" data-image-title=\"Orgullosamente Mercedinos Radio\" data-image-description=\"&lt;p&gt;Orgullosamente Mercedinos Radio&lt;\/p&gt;\n\" data-image-caption=\"&lt;p&gt;Orgullosamente Mercedinos Radio&lt;\/p&gt;\n\" data-large-file=\"https:\/\/www.hoymercedes.com.ar\/principal\/wp-content\/uploads\/2013\/01\/OrgullosamenteMercedinos.Radio_.jpg\" class=\"size-full wp-image-19298\" alt=\"Orgullosamente Mercedinos Radio\" src=\"https:\/\/www.hoymercedes.com.ar\/principal\/wp-content\/uploads\/2013\/01\/OrgullosamenteMercedinos.Radio_.jpg\" width=\"618\" height=\"464\" \/><\/a><figcaption id=\"caption-attachment-19298\" class=\"wp-caption-text\">Orgullosamente Mercedinos Radio<\/figcaption><\/figure>\n<p><strong><em>La agrupaci\u00f3n\u00a0\u201c17 de octubre\u201d, que tiene al intendente Carlos Selva como principal referente, anuncia que contin\u00faa durante el verano con el programaadial \u201cOrgullosamente mercedino\u201d que se emite los s\u00e1bados de 13 a 14 horas por FM La Tribuna en el 103.5 del dial.<\/em><\/strong><\/p>\n<p><em>\u00abYa hace algunos meses dio comienzo este ciclo especial que lleva adelante la agrupaci\u00f3n\u00a0\u201c17 de octubre\u201d y poco a poco viene creciendo en audiencia y participaci\u00f3n\u00bb<\/em> sostienen los integrantes de la Agrupaci\u00f3n .<\/p>\n<p>\u201cOrgullosamente mercedino\u201d es el medio por el cual la agrupaci\u00f3n selvista da a conocer sus actividades, comenta las acciones de gobierno y hasta reflexiona sobre varios temas de inter\u00e9s que se dan en la vida cotidiana de los mercedinos.<\/p>\n<p>El programa tiene como conductores a Mariano P\u00e9rez, Sabrina Selva, Nicol\u00e1s Acttis y Anal\u00eda Conenna, cuenta con la producci\u00f3n de Loana Arias, Pablo Vera y la participaci\u00f3n de j\u00f3venes y militantes. Este programa no para en sus emisiones en las vacaciones y siguen adelante con amplia participaci\u00f3n de pol\u00edticos, dirigentes barriales y simples militantes.<\/p>\n<p>Vale recordar que \u201cOrgullosamente mercedino\u201d se emite por FM La Tribuna en el 103.5 del dial los s\u00e1bados de 13 a 14 horas.<\/p>\n<p>&nbsp;<\/p>\n","protected":false},"excerpt":{"rendered":"<p>La agrupaci\u00f3n\u00a0\u201c17 de octubre\u201d, que tiene al intendente Carlos Selva como principal referente, anuncia que contin\u00faa durante el verano con &#8230; <a title=\"Agrupaci\u00f3n 17 de Octubre invita a o\u00edr su programa: \u00abOrgullosamente mercedinos\u00bb\" class=\"read-more\" href=\"https:\/\/www.hoymercedes.com.ar\/principal\/2013\/01\/09\/agrupacion-17-de-octubre-invita-a-oir-su-programa-orgullosamente-mercedinos\/\" aria-label=\"Leer m\u00e1s sobre Agrupaci\u00f3n 17 de Octubre invita a o\u00edr su programa: \u00abOrgullosamente mercedinos\u00bb\">Leer m\u00e1s<\/a><\/p>\n","protected":false},"author":1,"featured_media":0,"comment_status":"open","ping_status":"open","sticky":false,"template":"","format":"standard","meta":{"_monsterinsights_skip_tracking":false,"_monsterinsights_sitenote_active":false,"_monsterinsights_sitenote_note":"","_monsterinsights_sitenote_category":0,"jetpack_post_was_ever_published":false,"_jetpack_newsletter_access":"","_jetpack_dont_email_post_to_subs":false,"_jetpack_newsletter_tier_id":0,"_jetpack_memberships_contains_paywalled_content":false,"_jetpack_memberships_contains_paid_content":false,"footnotes":"","jetpack_publicize_message":"","jetpack_publicize_feature_enabled":true,"jetpack_social_post_already_shared":false,"jetpack_social_options":{"image_generator_settings":{"template":"highway","default_image_id":0,"font":"","enabled":false},"version":2},"_wpas_customize_per_network":false},"categories":[5],"tags":[552,3126],"class_list":["post-19296","post","type-post","status-publish","format-standard","hentry","category-politica","tag-agrupacion-17-de-octubre","tag-orgullosamente-mercedinos-radio","generate-columns","tablet-grid-50","mobile-grid-100","grid-parent","grid-50"],"jetpack_publicize_connections":[],"jetpack_featured_media_url":"","wps_subtitle":"","jetpack_sharing_enabled":true,"_links":{"self":[{"href":"https:\/\/www.hoymercedes.com.ar\/principal\/wp-json\/wp\/v2\/posts\/19296","targetHints":{"allow":["GET"]}}],"collection":[{"href":"https:\/\/www.hoymercedes.com.ar\/principal\/wp-json\/wp\/v2\/posts"}],"about":[{"href":"https:\/\/www.hoymercedes.com.ar\/principal\/wp-json\/wp\/v2\/types\/post"}],"author":[{"embeddable":true,"href":"https:\/\/www.hoymercedes.com.ar\/principal\/wp-json\/wp\/v2\/users\/1"}],"replies":[{"embeddable":true,"href":"https:\/\/www.hoymercedes.com.ar\/principal\/wp-json\/wp\/v2\/comments?post=19296"}],"version-history":[{"count":0,"href":"https:\/\/www.hoymercedes.com.ar\/principal\/wp-json\/wp\/v2\/posts\/19296\/revisions"}],"wp:attachment":[{"href":"https:\/\/www.hoymercedes.com.ar\/principal\/wp-json\/wp\/v2\/media?parent=19296"}],"wp:term":[{"taxonomy":"category","embeddable":true,"href":"https:\/\/www.hoymercedes.com.ar\/principal\/wp-json\/wp\/v2\/categories?post=19296"},{"taxonomy":"post_tag","embeddable":true,"href":"https:\/\/www.hoymercedes.com.ar\/principal\/wp-json\/wp\/v2\/tags?post=19296"}],"curies":[{"name":"wp","href":"https:\/\/api.w.org\/{rel}","templated":true}]}}