{"id":192960,"date":"2026-03-10T14:47:00","date_gmt":"2026-03-10T17:47:00","guid":{"rendered":"https:\/\/www.hoymercedes.com.ar\/principal\/?p=192960"},"modified":"2026-03-10T13:49:42","modified_gmt":"2026-03-10T16:49:42","slug":"flor-chena-regresa-a-los-escenarios-con-una-propuesta-de-raices-latinoamericanas","status":"publish","type":"post","link":"https:\/\/www.hoymercedes.com.ar\/principal\/2026\/03\/10\/flor-chena-regresa-a-los-escenarios-con-una-propuesta-de-raices-latinoamericanas\/","title":{"rendered":"Flor Chena regresa a los escenarios con una propuesta de ra\u00edces latinoamericanas"},"content":{"rendered":"\n<p>Tras un periodo de ausencia en las presentaciones en vivo, la int\u00e9rprete local se presentar\u00e1 el pr\u00f3ximo s\u00e1bado 14 de marzo en \u00abLa Casa Suena\u00bb. Estar\u00e1 acompa\u00f1ada por Santiago Bustos Berrondo y Nano Esp\u00edndola.<\/p>\n\n\n\n<figure class=\"wp-block-image size-full\"><img loading=\"lazy\" decoding=\"async\" width=\"590\" height=\"590\" data-attachment-id=\"192962\" data-permalink=\"https:\/\/www.hoymercedes.com.ar\/principal\/whatsapp-image-2026-03-08-at-14-25-45-2\/\" data-orig-file=\"https:\/\/www.hoymercedes.com.ar\/principal\/wp-content\/uploads\/2026\/03\/WhatsApp-Image-2026-03-08-at-14.25.45-edited.jpeg\" data-orig-size=\"590,590\" data-comments-opened=\"0\" data-image-meta=\"{&quot;aperture&quot;:&quot;0&quot;,&quot;credit&quot;:&quot;&quot;,&quot;camera&quot;:&quot;&quot;,&quot;caption&quot;:&quot;&quot;,&quot;created_timestamp&quot;:&quot;0&quot;,&quot;copyright&quot;:&quot;&quot;,&quot;focal_length&quot;:&quot;0&quot;,&quot;iso&quot;:&quot;0&quot;,&quot;shutter_speed&quot;:&quot;0&quot;,&quot;title&quot;:&quot;&quot;,&quot;orientation&quot;:&quot;0&quot;}\" data-image-title=\"WhatsApp Image 2026-03-08 at 14.25.45\" data-image-description=\"\" data-image-caption=\"\" data-large-file=\"https:\/\/www.hoymercedes.com.ar\/principal\/wp-content\/uploads\/2026\/03\/WhatsApp-Image-2026-03-08-at-14.25.45-edited.jpeg\" src=\"https:\/\/www.hoymercedes.com.ar\/principal\/wp-content\/uploads\/2026\/03\/WhatsApp-Image-2026-03-08-at-14.25.45-edited.jpeg\" alt=\"\" class=\"wp-image-192962\" srcset=\"https:\/\/www.hoymercedes.com.ar\/principal\/wp-content\/uploads\/2026\/03\/WhatsApp-Image-2026-03-08-at-14.25.45-edited.jpeg 590w, https:\/\/www.hoymercedes.com.ar\/principal\/wp-content\/uploads\/2026\/03\/WhatsApp-Image-2026-03-08-at-14.25.45-edited-150x150.jpeg 150w\" sizes=\"auto, (max-width: 590px) 100vw, 590px\" \/><\/figure>\n\n\n\n<p>La escena musical mercedina recupera a una de sus voces m\u00e1s personales. Flor Chena volver\u00e1 a presentarse ante el p\u00fablico el pr\u00f3ximo s\u00e1bado 14 de marzo, a partir de las 21:30 horas, en \u00abLa Casa Suena\u00bb. El encuentro marcar\u00e1 el reencuentro de la artista con el escenario tras su \u00faltima actuaci\u00f3n destacada el a\u00f1o pasado invitada por Virginia Altube en 6600.<\/p>\n\n\n\n<p>Bajo la consigna \u00abCanciones de amor, esperanza y libertad\u00bb, Chena propone un viaje sonoro por el cancionero popular de la regi\u00f3n. En esta oportunidad, la formaci\u00f3n incluir\u00e1 a Santiago Bustos Berrondo en guitarra y a Nano Esp\u00edndola en percusi\u00f3n, quienes aportar\u00e1n nuevas texturas y versiones a un repertorio cuidadosamente seleccionado.<\/p>\n\n\n\n<p><strong>Un repertorio con identidad regional<\/strong><br>La presentaci\u00f3n se centrar\u00e1 en un repaso por la trayectoria de grandes autores de la m\u00fasica latinoamericana. Entre los compositores elegidos para esta presentaci\u00f3n se encuentran figuras de la talla de Rub\u00e9n Rada y V\u00edctor Heredia, Chabuca Granda y Raly Barrionuevo, cuyas obras ser\u00e1n interpretadas en versiones propias que buscan resaltar la esencia de los mensajes de sus letras como la variedad y riqueza mel\u00f3dica y r\u00edtmica.<\/p>\n\n\n\n<p><strong>Localidades limitadas<\/strong><br>Debido a las caracter\u00edsticas \u00edntimas y las dimensiones del lugar, la organizaci\u00f3n ha enfatizado la importancia de adquirir las entradas de manera anticipada. Dado que se espera una alta demanda por el regreso de la int\u00e9rprete, quienes deseen asistir deber\u00e1n realizar sus reservas al tel\u00e9fono 2324-693869<\/p>\n","protected":false},"excerpt":{"rendered":"<p>Tras un periodo de ausencia en las presentaciones en vivo, la int\u00e9rprete local se presentar\u00e1 el pr\u00f3ximo s\u00e1bado 14 de &#8230; <a title=\"Flor Chena regresa a los escenarios con una propuesta de ra\u00edces latinoamericanas\" class=\"read-more\" href=\"https:\/\/www.hoymercedes.com.ar\/principal\/2026\/03\/10\/flor-chena-regresa-a-los-escenarios-con-una-propuesta-de-raices-latinoamericanas\/\" aria-label=\"Leer m\u00e1s sobre Flor Chena regresa a los escenarios con una propuesta de ra\u00edces latinoamericanas\">Leer m\u00e1s<\/a><\/p>\n","protected":false},"author":1,"featured_media":192962,"comment_status":"closed","ping_status":"open","sticky":false,"template":"","format":"standard","meta":{"_monsterinsights_skip_tracking":false,"_monsterinsights_sitenote_active":false,"_monsterinsights_sitenote_note":"","_monsterinsights_sitenote_category":0,"jetpack_post_was_ever_published":false,"_jetpack_newsletter_access":"","_jetpack_dont_email_post_to_subs":false,"_jetpack_newsletter_tier_id":0,"_jetpack_memberships_contains_paywalled_content":false,"_jetpack_memberships_contains_paid_content":false,"footnotes":"","jetpack_publicize_message":"","jetpack_publicize_feature_enabled":true,"jetpack_social_post_already_shared":true,"jetpack_social_options":{"image_generator_settings":{"template":"highway","default_image_id":0,"font":"","enabled":false},"version":2},"_wpas_customize_per_network":false},"categories":[104],"tags":[],"class_list":["post-192960","post","type-post","status-publish","format-standard","has-post-thumbnail","hentry","category-cultura","generate-columns","tablet-grid-50","mobile-grid-100","grid-parent","grid-50"],"jetpack_publicize_connections":[],"jetpack_featured_media_url":"https:\/\/www.hoymercedes.com.ar\/principal\/wp-content\/uploads\/2026\/03\/WhatsApp-Image-2026-03-08-at-14.25.45-edited.jpeg","wps_subtitle":"","jetpack_sharing_enabled":true,"_links":{"self":[{"href":"https:\/\/www.hoymercedes.com.ar\/principal\/wp-json\/wp\/v2\/posts\/192960","targetHints":{"allow":["GET"]}}],"collection":[{"href":"https:\/\/www.hoymercedes.com.ar\/principal\/wp-json\/wp\/v2\/posts"}],"about":[{"href":"https:\/\/www.hoymercedes.com.ar\/principal\/wp-json\/wp\/v2\/types\/post"}],"author":[{"embeddable":true,"href":"https:\/\/www.hoymercedes.com.ar\/principal\/wp-json\/wp\/v2\/users\/1"}],"replies":[{"embeddable":true,"href":"https:\/\/www.hoymercedes.com.ar\/principal\/wp-json\/wp\/v2\/comments?post=192960"}],"version-history":[{"count":1,"href":"https:\/\/www.hoymercedes.com.ar\/principal\/wp-json\/wp\/v2\/posts\/192960\/revisions"}],"predecessor-version":[{"id":192963,"href":"https:\/\/www.hoymercedes.com.ar\/principal\/wp-json\/wp\/v2\/posts\/192960\/revisions\/192963"}],"wp:featuredmedia":[{"embeddable":true,"href":"https:\/\/www.hoymercedes.com.ar\/principal\/wp-json\/wp\/v2\/media\/192962"}],"wp:attachment":[{"href":"https:\/\/www.hoymercedes.com.ar\/principal\/wp-json\/wp\/v2\/media?parent=192960"}],"wp:term":[{"taxonomy":"category","embeddable":true,"href":"https:\/\/www.hoymercedes.com.ar\/principal\/wp-json\/wp\/v2\/categories?post=192960"},{"taxonomy":"post_tag","embeddable":true,"href":"https:\/\/www.hoymercedes.com.ar\/principal\/wp-json\/wp\/v2\/tags?post=192960"}],"curies":[{"name":"wp","href":"https:\/\/api.w.org\/{rel}","templated":true}]}}