{"id":192993,"date":"2026-03-11T09:40:00","date_gmt":"2026-03-11T12:40:00","guid":{"rendered":"https:\/\/www.hoymercedes.com.ar\/principal\/?p=192993"},"modified":"2026-03-11T19:52:44","modified_gmt":"2026-03-11T22:52:44","slug":"inicio-la-campana-de-vacunacion-antigripal","status":"publish","type":"post","link":"https:\/\/www.hoymercedes.com.ar\/principal\/2026\/03\/11\/inicio-la-campana-de-vacunacion-antigripal\/","title":{"rendered":"Inici\u00f3 la campa\u00f1a de vacunaci\u00f3n antigripal"},"content":{"rendered":"\n<p>Este mi\u00e9rcoles 11 de marzo comenz\u00f3 la primera etapa de aplicaci\u00f3n de la vacuna contra la gripe en el territorio bonaerense. La campa\u00f1a de vacunaci\u00f3n es para hacer frente a la nueva cepa H3N10. Como cada a\u00f1o, la prevenci\u00f3n evita complicaciones graves.<\/p>\n\n\n\n<p>Desde distintos organismos e instituciones sanitarias difunden y recuerdan la importancia de la vacunaci\u00f3n antigripal que en la provincia de Buenos Aires comienza este mi\u00e9rcoles. Desde el 11 de marzo, se podr\u00e1n vacunar Mayores de 65 a\u00f1os y el Personal de Salud. En una segunda etapa, a partir del 23 de marzo, se vacunar\u00e1 a personas embarazadas, pu\u00e9rpereas, bebes y ni\u00f1os de entre 6 meses y 2 a\u00f1os, personas menores de 64 a\u00f1os con factores de riesgo y personas que tengan contacto con aves de corral (un nuevo grupo que se suma en esta campa\u00f1a)<\/p>\n\n\n\n<p>Cabe recordar que la gripe es una enfermedad viral respiratoria muy contagiosa que se presenta, habitualmente, en los meses m\u00e1s fr\u00edos del a\u00f1o. Se transmite a trav\u00e9s de gotitas provenientes de las v\u00edas respiratorias de personas con la enfermedad, que se propagan al toser o estornudar. <\/p>\n\n\n\n<p>\u00abLa vacunaci\u00f3n reduce las complicaciones, hospitalizaciones, muertes o secuelas ocasionadas por la gripe en los grupos de mayor riesgo. Es efectiva contra las formas graves de infecci\u00f3n con variantes del sublado K, actualmente en circulaci\u00f3n en el Hemisferio Norte\u00bb, explican desde el Hospital Dubarry. <\/p>\n\n\n\n<p><strong>\u00bfPor qu\u00e9 es importante vacunarse ahora?<\/strong><br><strong>Nueva Cepa<\/strong>: El virus cambia cada a\u00f1o. La vacuna de esta temporada est\u00e1 dise\u00f1ada espec\u00edficamente para protegerte contra la variante H3N10. <br><strong>Evit\u00e1 Complicaciones<\/strong>: La vacuna reduce dr\u00e1sticamente el riesgo de internaciones y cuadros graves de neumon\u00eda.<br><strong>Efecto Comunitario<\/strong>: Al vacunarte, proteg\u00e9s a los que te rodean, especialmente a los m\u00e1s vulnerables.<\/p>\n\n\n\n<p><strong>Prevenir la gripe<\/strong>: <br>&#8211; Lavarse las manos regularmente o usar alcohol en gel.<br>&#8211; No compartir utensilios, mates ni otros objetos de uso personal<br>&#8211; Ventilar los ambientes con frecuencia. <\/p>\n\n\n<div class=\"wp-block-image\">\n<figure class=\"aligncenter size-large is-resized\"><img loading=\"lazy\" decoding=\"async\" width=\"819\" height=\"1024\" data-attachment-id=\"192996\" data-permalink=\"https:\/\/www.hoymercedes.com.ar\/principal\/2026\/03\/11\/inicio-la-campana-de-vacunacion-antigripal\/image-301\/#main\" data-orig-file=\"https:\/\/www.hoymercedes.com.ar\/principal\/wp-content\/uploads\/2026\/03\/image-30.png\" data-orig-size=\"1024,1280\" data-comments-opened=\"0\" data-image-meta=\"{&quot;aperture&quot;:&quot;0&quot;,&quot;credit&quot;:&quot;&quot;,&quot;camera&quot;:&quot;&quot;,&quot;caption&quot;:&quot;&quot;,&quot;created_timestamp&quot;:&quot;0&quot;,&quot;copyright&quot;:&quot;&quot;,&quot;focal_length&quot;:&quot;0&quot;,&quot;iso&quot;:&quot;0&quot;,&quot;shutter_speed&quot;:&quot;0&quot;,&quot;title&quot;:&quot;&quot;,&quot;orientation&quot;:&quot;0&quot;}\" data-image-title=\"image\" data-image-description=\"\" data-image-caption=\"\" data-large-file=\"https:\/\/www.hoymercedes.com.ar\/principal\/wp-content\/uploads\/2026\/03\/image-30-819x1024.png\" src=\"https:\/\/www.hoymercedes.com.ar\/principal\/wp-content\/uploads\/2026\/03\/image-30-819x1024.png\" alt=\"\" class=\"wp-image-192996\" style=\"aspect-ratio:0.7998138370921964;width:665px;height:auto\" srcset=\"https:\/\/www.hoymercedes.com.ar\/principal\/wp-content\/uploads\/2026\/03\/image-30-819x1024.png 819w, https:\/\/www.hoymercedes.com.ar\/principal\/wp-content\/uploads\/2026\/03\/image-30-496x620.png 496w, https:\/\/www.hoymercedes.com.ar\/principal\/wp-content\/uploads\/2026\/03\/image-30-120x150.png 120w, https:\/\/www.hoymercedes.com.ar\/principal\/wp-content\/uploads\/2026\/03\/image-30.png 1024w\" sizes=\"auto, (max-width: 819px) 100vw, 819px\" \/><\/figure>\n<\/div>","protected":false},"excerpt":{"rendered":"<p>Este mi\u00e9rcoles 11 de marzo comenz\u00f3 la primera etapa de aplicaci\u00f3n de la vacuna contra la gripe en el territorio &#8230; <a title=\"Inici\u00f3 la campa\u00f1a de vacunaci\u00f3n antigripal\" class=\"read-more\" href=\"https:\/\/www.hoymercedes.com.ar\/principal\/2026\/03\/11\/inicio-la-campana-de-vacunacion-antigripal\/\" aria-label=\"Leer m\u00e1s sobre Inici\u00f3 la campa\u00f1a de vacunaci\u00f3n antigripal\">Leer m\u00e1s<\/a><\/p>\n","protected":false},"author":1,"featured_media":192994,"comment_status":"closed","ping_status":"open","sticky":false,"template":"","format":"standard","meta":{"_monsterinsights_skip_tracking":false,"_monsterinsights_sitenote_active":false,"_monsterinsights_sitenote_note":"","_monsterinsights_sitenote_category":0,"jetpack_post_was_ever_published":false,"_jetpack_newsletter_access":"","_jetpack_dont_email_post_to_subs":false,"_jetpack_newsletter_tier_id":0,"_jetpack_memberships_contains_paywalled_content":false,"_jetpack_memberships_contains_paid_content":false,"footnotes":"","jetpack_publicize_message":"","jetpack_publicize_feature_enabled":true,"jetpack_social_post_already_shared":true,"jetpack_social_options":{"image_generator_settings":{"template":"highway","default_image_id":0,"font":"","enabled":false},"version":2},"_wpas_customize_per_network":false},"categories":[8,9791],"tags":[8995,7873,295,765],"class_list":["post-192993","post","type-post","status-publish","format-standard","has-post-thumbnail","hentry","category-sociedad","category-salud","tag-antigripal","tag-campana","tag-hospital","tag-vacunacion","generate-columns","tablet-grid-50","mobile-grid-100","grid-parent","grid-50"],"jetpack_publicize_connections":[],"jetpack_featured_media_url":"https:\/\/www.hoymercedes.com.ar\/principal\/wp-content\/uploads\/2026\/03\/image-29.png","wps_subtitle":"","jetpack_sharing_enabled":true,"_links":{"self":[{"href":"https:\/\/www.hoymercedes.com.ar\/principal\/wp-json\/wp\/v2\/posts\/192993","targetHints":{"allow":["GET"]}}],"collection":[{"href":"https:\/\/www.hoymercedes.com.ar\/principal\/wp-json\/wp\/v2\/posts"}],"about":[{"href":"https:\/\/www.hoymercedes.com.ar\/principal\/wp-json\/wp\/v2\/types\/post"}],"author":[{"embeddable":true,"href":"https:\/\/www.hoymercedes.com.ar\/principal\/wp-json\/wp\/v2\/users\/1"}],"replies":[{"embeddable":true,"href":"https:\/\/www.hoymercedes.com.ar\/principal\/wp-json\/wp\/v2\/comments?post=192993"}],"version-history":[{"count":2,"href":"https:\/\/www.hoymercedes.com.ar\/principal\/wp-json\/wp\/v2\/posts\/192993\/revisions"}],"predecessor-version":[{"id":192997,"href":"https:\/\/www.hoymercedes.com.ar\/principal\/wp-json\/wp\/v2\/posts\/192993\/revisions\/192997"}],"wp:featuredmedia":[{"embeddable":true,"href":"https:\/\/www.hoymercedes.com.ar\/principal\/wp-json\/wp\/v2\/media\/192994"}],"wp:attachment":[{"href":"https:\/\/www.hoymercedes.com.ar\/principal\/wp-json\/wp\/v2\/media?parent=192993"}],"wp:term":[{"taxonomy":"category","embeddable":true,"href":"https:\/\/www.hoymercedes.com.ar\/principal\/wp-json\/wp\/v2\/categories?post=192993"},{"taxonomy":"post_tag","embeddable":true,"href":"https:\/\/www.hoymercedes.com.ar\/principal\/wp-json\/wp\/v2\/tags?post=192993"}],"curies":[{"name":"wp","href":"https:\/\/api.w.org\/{rel}","templated":true}]}}