{"id":192999,"date":"2026-03-11T12:24:38","date_gmt":"2026-03-11T15:24:38","guid":{"rendered":"https:\/\/www.hoymercedes.com.ar\/principal\/?p=192999"},"modified":"2026-03-11T12:24:41","modified_gmt":"2026-03-11T15:24:41","slug":"eden-intensifica-controles-en-mercedes-para-detectar-conexiones-electricas-clandestinas","status":"publish","type":"post","link":"https:\/\/www.hoymercedes.com.ar\/principal\/2026\/03\/11\/eden-intensifica-controles-en-mercedes-para-detectar-conexiones-electricas-clandestinas\/","title":{"rendered":"EDEN intensifica controles en Mercedes para detectar conexiones el\u00e9ctricas clandestinas"},"content":{"rendered":"\n<p>La empresa distribuidora <strong>EDEN<\/strong> puso en marcha una serie de <strong>operativos de control e inspecci\u00f3n en distintos sectores de la ciudad de Mercedes<\/strong>, con el objetivo de detectar irregularidades en la red y desarticular conexiones el\u00e9ctricas clandestinas.<\/p>\n\n\n\n<figure class=\"wp-block-image size-full\"><img loading=\"lazy\" decoding=\"async\" width=\"1000\" height=\"600\" data-attachment-id=\"193000\" data-permalink=\"https:\/\/www.hoymercedes.com.ar\/principal\/2026\/03\/11\/eden-intensifica-controles-en-mercedes-para-detectar-conexiones-electricas-clandestinas\/image-302\/#main\" data-orig-file=\"https:\/\/www.hoymercedes.com.ar\/principal\/wp-content\/uploads\/2026\/03\/image-31.png\" data-orig-size=\"1000,600\" data-comments-opened=\"0\" data-image-meta=\"{&quot;aperture&quot;:&quot;0&quot;,&quot;credit&quot;:&quot;&quot;,&quot;camera&quot;:&quot;&quot;,&quot;caption&quot;:&quot;&quot;,&quot;created_timestamp&quot;:&quot;0&quot;,&quot;copyright&quot;:&quot;&quot;,&quot;focal_length&quot;:&quot;0&quot;,&quot;iso&quot;:&quot;0&quot;,&quot;shutter_speed&quot;:&quot;0&quot;,&quot;title&quot;:&quot;&quot;,&quot;orientation&quot;:&quot;0&quot;}\" data-image-title=\"image\" data-image-description=\"\" data-image-caption=\"\" data-large-file=\"https:\/\/www.hoymercedes.com.ar\/principal\/wp-content\/uploads\/2026\/03\/image-31.png\" src=\"https:\/\/www.hoymercedes.com.ar\/principal\/wp-content\/uploads\/2026\/03\/image-31.png\" alt=\"\" class=\"wp-image-193000\" srcset=\"https:\/\/www.hoymercedes.com.ar\/principal\/wp-content\/uploads\/2026\/03\/image-31.png 1000w, https:\/\/www.hoymercedes.com.ar\/principal\/wp-content\/uploads\/2026\/03\/image-31-630x378.png 630w, https:\/\/www.hoymercedes.com.ar\/principal\/wp-content\/uploads\/2026\/03\/image-31-150x90.png 150w\" sizes=\"auto, (max-width: 1000px) 100vw, 1000px\" \/><\/figure>\n\n\n\n<p>Las tareas son realizadas por <strong>personal t\u00e9cnico especializado<\/strong>, que busca identificar instalaciones ilegales y <strong>medidores adulterados<\/strong> que funcionan fuera de la normativa vigente. Desde la compa\u00f1\u00eda se\u00f1alaron que estas pr\u00e1cticas representan <strong>un riesgo directo para quienes las realizan y para los vecinos del lugar<\/strong>.<\/p>\n\n\n\n<p>Seg\u00fan explicaron, este tipo de conexiones suele realizarse <strong>con materiales inadecuados y sin protecciones de seguridad<\/strong>, lo que aumenta las probabilidades de <strong>electrocuciones, incendios en viviendas o comercios y da\u00f1os en instalaciones de la v\u00eda p\u00fablica<\/strong>. Adem\u00e1s, tambi\u00e9n pueden generar <strong>oscilaciones de tensi\u00f3n, interrupciones del servicio y rotura de artefactos el\u00e9ctricos<\/strong> en los hogares correctamente conectados.<\/p>\n\n\n\n<p>Desde la empresa recordaron que <strong>el robo de energ\u00eda es un delito<\/strong>, por lo que ante la detecci\u00f3n de estas irregularidades pueden iniciarse <strong>acciones legales y el recupero del consumo no registrado<\/strong>, que el infractor deber\u00e1 abonar de manera retroactiva junto con los costos de normalizaci\u00f3n y posibles multas.<\/p>\n\n\n\n<p>Finalmente, EDEN inform\u00f3 que los vecinos pueden <strong>realizar denuncias an\u00f3nimas sobre conexiones clandestinas<\/strong> a trav\u00e9s de sus canales de contacto telef\u00f3nicos, por WhatsApp o mediante sus redes sociales.<\/p>\n","protected":false},"excerpt":{"rendered":"<p>La empresa distribuidora EDEN puso en marcha una serie de operativos de control e inspecci\u00f3n en distintos sectores de la &#8230; <a title=\"EDEN intensifica controles en Mercedes para detectar conexiones el\u00e9ctricas clandestinas\" class=\"read-more\" href=\"https:\/\/www.hoymercedes.com.ar\/principal\/2026\/03\/11\/eden-intensifica-controles-en-mercedes-para-detectar-conexiones-electricas-clandestinas\/\" aria-label=\"Leer m\u00e1s sobre EDEN intensifica controles en Mercedes para detectar conexiones el\u00e9ctricas clandestinas\">Leer m\u00e1s<\/a><\/p>\n","protected":false},"author":1,"featured_media":193000,"comment_status":"closed","ping_status":"open","sticky":false,"template":"","format":"standard","meta":{"_monsterinsights_skip_tracking":false,"_monsterinsights_sitenote_active":false,"_monsterinsights_sitenote_note":"","_monsterinsights_sitenote_category":0,"jetpack_post_was_ever_published":false,"_jetpack_newsletter_access":"","_jetpack_dont_email_post_to_subs":false,"_jetpack_newsletter_tier_id":0,"_jetpack_memberships_contains_paywalled_content":false,"_jetpack_memberships_contains_paid_content":false,"footnotes":"","jetpack_publicize_message":"","jetpack_publicize_feature_enabled":true,"jetpack_social_post_already_shared":true,"jetpack_social_options":{"image_generator_settings":{"template":"highway","default_image_id":0,"font":"","enabled":false},"version":2},"_wpas_customize_per_network":false},"categories":[8],"tags":[],"class_list":["post-192999","post","type-post","status-publish","format-standard","has-post-thumbnail","hentry","category-sociedad","generate-columns","tablet-grid-50","mobile-grid-100","grid-parent","grid-50"],"jetpack_publicize_connections":[],"jetpack_featured_media_url":"https:\/\/www.hoymercedes.com.ar\/principal\/wp-content\/uploads\/2026\/03\/image-31.png","wps_subtitle":"","jetpack_sharing_enabled":true,"_links":{"self":[{"href":"https:\/\/www.hoymercedes.com.ar\/principal\/wp-json\/wp\/v2\/posts\/192999","targetHints":{"allow":["GET"]}}],"collection":[{"href":"https:\/\/www.hoymercedes.com.ar\/principal\/wp-json\/wp\/v2\/posts"}],"about":[{"href":"https:\/\/www.hoymercedes.com.ar\/principal\/wp-json\/wp\/v2\/types\/post"}],"author":[{"embeddable":true,"href":"https:\/\/www.hoymercedes.com.ar\/principal\/wp-json\/wp\/v2\/users\/1"}],"replies":[{"embeddable":true,"href":"https:\/\/www.hoymercedes.com.ar\/principal\/wp-json\/wp\/v2\/comments?post=192999"}],"version-history":[{"count":1,"href":"https:\/\/www.hoymercedes.com.ar\/principal\/wp-json\/wp\/v2\/posts\/192999\/revisions"}],"predecessor-version":[{"id":193001,"href":"https:\/\/www.hoymercedes.com.ar\/principal\/wp-json\/wp\/v2\/posts\/192999\/revisions\/193001"}],"wp:featuredmedia":[{"embeddable":true,"href":"https:\/\/www.hoymercedes.com.ar\/principal\/wp-json\/wp\/v2\/media\/193000"}],"wp:attachment":[{"href":"https:\/\/www.hoymercedes.com.ar\/principal\/wp-json\/wp\/v2\/media?parent=192999"}],"wp:term":[{"taxonomy":"category","embeddable":true,"href":"https:\/\/www.hoymercedes.com.ar\/principal\/wp-json\/wp\/v2\/categories?post=192999"},{"taxonomy":"post_tag","embeddable":true,"href":"https:\/\/www.hoymercedes.com.ar\/principal\/wp-json\/wp\/v2\/tags?post=192999"}],"curies":[{"name":"wp","href":"https:\/\/api.w.org\/{rel}","templated":true}]}}