{"id":193014,"date":"2026-03-11T14:39:00","date_gmt":"2026-03-11T17:39:00","guid":{"rendered":"https:\/\/www.hoymercedes.com.ar\/principal\/?p=193014"},"modified":"2026-03-11T12:50:00","modified_gmt":"2026-03-11T15:50:00","slug":"el-hospital-dubarry-organiza-una-jornada-por-los-50-anos-del-golpe-de-estado","status":"publish","type":"post","link":"https:\/\/www.hoymercedes.com.ar\/principal\/2026\/03\/11\/el-hospital-dubarry-organiza-una-jornada-por-los-50-anos-del-golpe-de-estado\/","title":{"rendered":"El Hospital Dubarry organiza una jornada por los 50 a\u00f1os del golpe de Estado"},"content":{"rendered":"\n<p>A 50 a\u00f1os del golpe de Estado c\u00edvico militar del 24 de marzo de 1976, nuestro hospital realizar\u00e1 una jornada conmemorativa en el marco del \u201cD\u00eda Nacional de la Memoria por la Verdad y la Justicia\u201d.<\/p>\n\n\n\n<figure class=\"wp-block-image size-large\"><img loading=\"lazy\" decoding=\"async\" width=\"819\" height=\"1024\" data-attachment-id=\"193016\" data-permalink=\"https:\/\/www.hoymercedes.com.ar\/principal\/2026\/03\/11\/el-hospital-dubarry-organiza-una-jornada-por-los-50-anos-del-golpe-de-estado\/whatsapp-image-2026-03-11-at-11-28-22\/#main\" data-orig-file=\"https:\/\/www.hoymercedes.com.ar\/principal\/wp-content\/uploads\/2026\/03\/WhatsApp-Image-2026-03-11-at-11.28.22.jpeg\" data-orig-size=\"1280,1600\" data-comments-opened=\"0\" data-image-meta=\"{&quot;aperture&quot;:&quot;0&quot;,&quot;credit&quot;:&quot;&quot;,&quot;camera&quot;:&quot;&quot;,&quot;caption&quot;:&quot;&quot;,&quot;created_timestamp&quot;:&quot;0&quot;,&quot;copyright&quot;:&quot;&quot;,&quot;focal_length&quot;:&quot;0&quot;,&quot;iso&quot;:&quot;0&quot;,&quot;shutter_speed&quot;:&quot;0&quot;,&quot;title&quot;:&quot;&quot;,&quot;orientation&quot;:&quot;0&quot;}\" data-image-title=\"WhatsApp Image 2026-03-11 at 11.28.22\" data-image-description=\"\" data-image-caption=\"\" data-large-file=\"https:\/\/www.hoymercedes.com.ar\/principal\/wp-content\/uploads\/2026\/03\/WhatsApp-Image-2026-03-11-at-11.28.22-819x1024.jpeg\" src=\"https:\/\/www.hoymercedes.com.ar\/principal\/wp-content\/uploads\/2026\/03\/WhatsApp-Image-2026-03-11-at-11.28.22-819x1024.jpeg\" alt=\"\" class=\"wp-image-193016\" srcset=\"https:\/\/www.hoymercedes.com.ar\/principal\/wp-content\/uploads\/2026\/03\/WhatsApp-Image-2026-03-11-at-11.28.22-819x1024.jpeg 819w, https:\/\/www.hoymercedes.com.ar\/principal\/wp-content\/uploads\/2026\/03\/WhatsApp-Image-2026-03-11-at-11.28.22-496x620.jpeg 496w, https:\/\/www.hoymercedes.com.ar\/principal\/wp-content\/uploads\/2026\/03\/WhatsApp-Image-2026-03-11-at-11.28.22-120x150.jpeg 120w, https:\/\/www.hoymercedes.com.ar\/principal\/wp-content\/uploads\/2026\/03\/WhatsApp-Image-2026-03-11-at-11.28.22-1229x1536.jpeg 1229w, https:\/\/www.hoymercedes.com.ar\/principal\/wp-content\/uploads\/2026\/03\/WhatsApp-Image-2026-03-11-at-11.28.22.jpeg 1280w\" sizes=\"auto, (max-width: 819px) 100vw, 819px\" \/><\/figure>\n\n\n\n<p>\ud83d\udccd La actividad se realizar\u00e1 este pr\u00f3ximo viernes 13 de marzo a las 10:30 hs en el \u00e1rea de la sala de espera del servicio de im\u00e1genes.<\/p>\n\n\n\n<p>Invitamos a toda la comunidad a participar.<br>\u2022 Durante la jornada se realizar\u00e1:<\/p>\n\n\n\n<p>\u25ab\ufe0f Descubrimiento de placa conmemorativa.<\/p>\n\n\n\n<p>\u25ab\ufe0f Homenaje a personas detenidas desaparecidas del \u00e1mbito de la salud.<\/p>\n\n\n\n<p>\u25ab\ufe0f Intervenci\u00f3n participativa \u2014 Acci\u00f3n conjunta en Hospitales Provinciales y UPAS e instituciones pertenecientes al Ministerio de Salud PBA:<br>Actividad en donde trabajadoras y trabajadores, pacientes, comunidad y familiares se re\u00fanen para homenajear la vida e historia de las y los compa\u00f1eros desaparecidos.<\/p>\n\n\n\n<p>\ud83d\udc49\ud83c\udffdSe confeccionar\u00e1 una bandera argentina con el nombre de la instituci\u00f3n donde se colocar\u00e1n las impresiones de fotos de los rostros de las y los compa\u00f1eros desaparecidos, trabajadoras y trabajadores de Salud de la Regi\u00f3n Sanitaria X.<\/p>\n\n\n\n<p>Un espacio colectivo para reafirmar nuestro compromiso con la memoria, la verdad, la justicia y la democracia.<\/p>\n\n\n\n<p>Memoria, Verdad y Justicia.<br>Nunca M\u00e1s.<br>Salud y Memoria. Son 30 mil.<\/p>\n","protected":false},"excerpt":{"rendered":"<p>A 50 a\u00f1os del golpe de Estado c\u00edvico militar del 24 de marzo de 1976, nuestro hospital realizar\u00e1 una jornada &#8230; <a title=\"El Hospital Dubarry organiza una jornada por los 50 a\u00f1os del golpe de Estado\" class=\"read-more\" href=\"https:\/\/www.hoymercedes.com.ar\/principal\/2026\/03\/11\/el-hospital-dubarry-organiza-una-jornada-por-los-50-anos-del-golpe-de-estado\/\" aria-label=\"Leer m\u00e1s sobre El Hospital Dubarry organiza una jornada por los 50 a\u00f1os del golpe de Estado\">Leer m\u00e1s<\/a><\/p>\n","protected":false},"author":1,"featured_media":193016,"comment_status":"closed","ping_status":"open","sticky":false,"template":"","format":"standard","meta":{"_monsterinsights_skip_tracking":false,"_monsterinsights_sitenote_active":false,"_monsterinsights_sitenote_note":"","_monsterinsights_sitenote_category":0,"jetpack_post_was_ever_published":false,"_jetpack_newsletter_access":"","_jetpack_dont_email_post_to_subs":false,"_jetpack_newsletter_tier_id":0,"_jetpack_memberships_contains_paywalled_content":false,"_jetpack_memberships_contains_paid_content":false,"footnotes":"","jetpack_publicize_message":"","jetpack_publicize_feature_enabled":true,"jetpack_social_post_already_shared":true,"jetpack_social_options":{"image_generator_settings":{"template":"highway","default_image_id":0,"font":"","enabled":false},"version":2},"_wpas_customize_per_network":false},"categories":[8],"tags":[],"class_list":["post-193014","post","type-post","status-publish","format-standard","has-post-thumbnail","hentry","category-sociedad","generate-columns","tablet-grid-50","mobile-grid-100","grid-parent","grid-50"],"jetpack_publicize_connections":[],"jetpack_featured_media_url":"https:\/\/www.hoymercedes.com.ar\/principal\/wp-content\/uploads\/2026\/03\/WhatsApp-Image-2026-03-11-at-11.28.22.jpeg","wps_subtitle":"","jetpack_sharing_enabled":true,"_links":{"self":[{"href":"https:\/\/www.hoymercedes.com.ar\/principal\/wp-json\/wp\/v2\/posts\/193014","targetHints":{"allow":["GET"]}}],"collection":[{"href":"https:\/\/www.hoymercedes.com.ar\/principal\/wp-json\/wp\/v2\/posts"}],"about":[{"href":"https:\/\/www.hoymercedes.com.ar\/principal\/wp-json\/wp\/v2\/types\/post"}],"author":[{"embeddable":true,"href":"https:\/\/www.hoymercedes.com.ar\/principal\/wp-json\/wp\/v2\/users\/1"}],"replies":[{"embeddable":true,"href":"https:\/\/www.hoymercedes.com.ar\/principal\/wp-json\/wp\/v2\/comments?post=193014"}],"version-history":[{"count":1,"href":"https:\/\/www.hoymercedes.com.ar\/principal\/wp-json\/wp\/v2\/posts\/193014\/revisions"}],"predecessor-version":[{"id":193017,"href":"https:\/\/www.hoymercedes.com.ar\/principal\/wp-json\/wp\/v2\/posts\/193014\/revisions\/193017"}],"wp:featuredmedia":[{"embeddable":true,"href":"https:\/\/www.hoymercedes.com.ar\/principal\/wp-json\/wp\/v2\/media\/193016"}],"wp:attachment":[{"href":"https:\/\/www.hoymercedes.com.ar\/principal\/wp-json\/wp\/v2\/media?parent=193014"}],"wp:term":[{"taxonomy":"category","embeddable":true,"href":"https:\/\/www.hoymercedes.com.ar\/principal\/wp-json\/wp\/v2\/categories?post=193014"},{"taxonomy":"post_tag","embeddable":true,"href":"https:\/\/www.hoymercedes.com.ar\/principal\/wp-json\/wp\/v2\/tags?post=193014"}],"curies":[{"name":"wp","href":"https:\/\/api.w.org\/{rel}","templated":true}]}}