{"id":193018,"date":"2026-03-11T15:53:00","date_gmt":"2026-03-11T18:53:00","guid":{"rendered":"https:\/\/www.hoymercedes.com.ar\/principal\/?p=193018"},"modified":"2026-03-11T12:55:29","modified_gmt":"2026-03-11T15:55:29","slug":"formacion-se-entregaron-certificados-de-la-diplomatura-en-entrenamiento-de-futbol-juvenil-galeria-de-imagenes","status":"publish","type":"post","link":"https:\/\/www.hoymercedes.com.ar\/principal\/2026\/03\/11\/formacion-se-entregaron-certificados-de-la-diplomatura-en-entrenamiento-de-futbol-juvenil-galeria-de-imagenes\/","title":{"rendered":"Formaci\u00f3n: se entregaron certificados de la Diplomatura en Entrenamiento de F\u00fatbol Juvenil (galer\u00eda de im\u00e1genes)"},"content":{"rendered":"\n<p>Se entregaron certificados a quienes finalizaron el curso de formaci\u00f3n de entrenadores realizado entre la Municipalidad de Mercedes y el Instituto River Plate. Fue impulsado por la Direcci\u00f3n de Deportes. El acto se realiz\u00f3 en el sal\u00f3n escuela del CEMUADRA. La actividad cont\u00f3 con la presencia del intendente Ustarroz y representantes de la instituci\u00f3n.&nbsp;<\/p>\n\n\n\n<figure class=\"wp-block-image size-large\"><img loading=\"lazy\" decoding=\"async\" width=\"1024\" height=\"683\" data-attachment-id=\"193019\" data-permalink=\"https:\/\/www.hoymercedes.com.ar\/principal\/2026\/03\/11\/formacion-se-entregaron-certificados-de-la-diplomatura-en-entrenamiento-de-futbol-juvenil-galeria-de-imagenes\/c-9\/#main\" data-orig-file=\"https:\/\/www.hoymercedes.com.ar\/principal\/wp-content\/uploads\/2026\/03\/C.jpg\" data-orig-size=\"1599,1066\" data-comments-opened=\"0\" data-image-meta=\"{&quot;aperture&quot;:&quot;0&quot;,&quot;credit&quot;:&quot;&quot;,&quot;camera&quot;:&quot;&quot;,&quot;caption&quot;:&quot;&quot;,&quot;created_timestamp&quot;:&quot;0&quot;,&quot;copyright&quot;:&quot;&quot;,&quot;focal_length&quot;:&quot;0&quot;,&quot;iso&quot;:&quot;0&quot;,&quot;shutter_speed&quot;:&quot;0&quot;,&quot;title&quot;:&quot;&quot;,&quot;orientation&quot;:&quot;0&quot;}\" data-image-title=\"C\" data-image-description=\"\" data-image-caption=\"\" data-large-file=\"https:\/\/www.hoymercedes.com.ar\/principal\/wp-content\/uploads\/2026\/03\/C-1024x683.jpg\" src=\"https:\/\/www.hoymercedes.com.ar\/principal\/wp-content\/uploads\/2026\/03\/C-1024x683.jpg\" alt=\"\" class=\"wp-image-193019\" srcset=\"https:\/\/www.hoymercedes.com.ar\/principal\/wp-content\/uploads\/2026\/03\/C-1024x683.jpg 1024w, https:\/\/www.hoymercedes.com.ar\/principal\/wp-content\/uploads\/2026\/03\/C-630x420.jpg 630w, https:\/\/www.hoymercedes.com.ar\/principal\/wp-content\/uploads\/2026\/03\/C-150x100.jpg 150w, https:\/\/www.hoymercedes.com.ar\/principal\/wp-content\/uploads\/2026\/03\/C-1536x1024.jpg 1536w, https:\/\/www.hoymercedes.com.ar\/principal\/wp-content\/uploads\/2026\/03\/C.jpg 1599w\" sizes=\"auto, (max-width: 1024px) 100vw, 1024px\" \/><\/figure>\n\n\n\n<p>Educaci\u00f3n<\/p>\n\n\n\n<p>El Centro Municipal Deportivo &nbsp;y Recreativo (CEMUADRA) fue escenario de la culminaci\u00f3n de una nueva etapa formativa: la entrega de certificados de la Diplomatura de Entrenador de F\u00fatbol Juvenil, dictada en articulaci\u00f3n con el prestigioso Instituto River Plate que se realiz\u00f3 durante el \u00faltimo a\u00f1o.&nbsp;<\/p>\n\n\n\n<p>La directora de Desarrollo deportivo, Mariana Saboredo, destac\u00f3 la importancia de este logro que hab\u00eda quedado pendiente desde finales del a\u00f1o pasado y que hoy se traduce en herramientas concretas para los clubes mercedinos.&nbsp;<\/p>\n\n\n\n<p>\u201cTodos sus entrenadores han recibido los certificados que se merec\u00edan por haber concluido con esta formaci\u00f3n. Es la segunda etapa de un proceso que iniciamos en 2023 con el f\u00fatbol infantil\u201d, se\u00f1al\u00f3 la funcionaria.<\/p>\n\n\n\n<p>En esta oportunidad, fueron 28 los egresados que completaron los tres meses de cursada intensiva.&nbsp;<\/p>\n\n\n\n<p>Saboredo hizo hincapi\u00e9 en que, si bien muchos ya se desempe\u00f1an en instituciones locales, la actualizaci\u00f3n es vital:<\/p>\n\n\n\n<p>\u201cCreemos que el espacio de formaci\u00f3n continua es m\u00e1s que necesario, a\u00fan para los que ya cuentan con un t\u00edtulo. Siempre viene bien estar actualizando contenidos y, de la mano del Instituto River, por supuesto que eso le da m\u00e1s jerarqu\u00eda\u201d.<\/p>\n\n\n\n<p>Actividades<\/p>\n\n\n\n<p>M\u00e1s all\u00e1 de lo acad\u00e9mico, la directora repas\u00f3 la intensa agenda deportiva que ya vibra en la ciudad. Con la mayor\u00eda de las escuelas municipales en funcionamiento, se destacan disciplinas como gimnasia art\u00edstica en la sede N\u00e9stor Kirchner, tenis, b\u00e1squet y el constante uso de la cancha de p\u00e1del, cuyos turnos pueden gestionarse a trav\u00e9s de la web oficial (reservaya.com.ar).<\/p>\n\n\n\n<p>\u201cSiempre que podemos estamos tratando de fomentar el deporte desde la formaci\u00f3n. El a\u00f1o pasado fue f\u00fatbol y hockey, tambi\u00e9n nos visit\u00f3 Jos\u00e9 Meolans para hablar de nataci\u00f3n. Vamos a seguir aportando y apostando a esto\u201d, reafirm\u00f3 Saboredo.<\/p>\n\n\n\n<p>Nuevo<\/p>\n\n\n\n<p>Finalmente, la funcionaria brind\u00f3 detalles sobre una de las obras m\u00e1s esperadas en el Polideportivo Mart\u00edn Rodr\u00edguez: la construcci\u00f3n de un cuadril\u00e1tero de boxeo &nbsp;fijo y un estadio especializado en deportes de combate<\/p>\n\n\n\n<p>Aprovechando la estructura donde hist\u00f3ricamente se ubicaba el escenario de la Fiesta del Salame, se est\u00e1 montando un espacio con vestuarios y gradas. \u201cHace varios a\u00f1os que venimos trabajando con escuelas de boxeo, karate, chaiu do kwan y kickboxing; todas necesitaban un espacio con estas caracter\u00edsticas para eventos y exhibiciones\u201d, concluy\u00f3, anticipando un 2026 de fuerte crecimiento para el deporte social y competitivo en Mercedes<\/p>\n\n\n\n<figure class=\"wp-block-gallery has-nested-images columns-default is-cropped wp-block-gallery-1 is-layout-flex wp-block-gallery-is-layout-flex\">\n<figure class=\"wp-block-image size-large\"><img loading=\"lazy\" decoding=\"async\" width=\"1024\" height=\"683\" data-attachment-id=\"193020\" data-permalink=\"https:\/\/www.hoymercedes.com.ar\/principal\/2026\/03\/11\/formacion-se-entregaron-certificados-de-la-diplomatura-en-entrenamiento-de-futbol-juvenil-galeria-de-imagenes\/g-3\/#main\" data-orig-file=\"https:\/\/www.hoymercedes.com.ar\/principal\/wp-content\/uploads\/2026\/03\/G.jpg\" data-orig-size=\"1599,1066\" data-comments-opened=\"0\" data-image-meta=\"{&quot;aperture&quot;:&quot;0&quot;,&quot;credit&quot;:&quot;&quot;,&quot;camera&quot;:&quot;&quot;,&quot;caption&quot;:&quot;&quot;,&quot;created_timestamp&quot;:&quot;0&quot;,&quot;copyright&quot;:&quot;&quot;,&quot;focal_length&quot;:&quot;0&quot;,&quot;iso&quot;:&quot;0&quot;,&quot;shutter_speed&quot;:&quot;0&quot;,&quot;title&quot;:&quot;&quot;,&quot;orientation&quot;:&quot;0&quot;}\" data-image-title=\"G\" data-image-description=\"\" data-image-caption=\"\" data-large-file=\"https:\/\/www.hoymercedes.com.ar\/principal\/wp-content\/uploads\/2026\/03\/G-1024x683.jpg\" data-id=\"193020\" src=\"https:\/\/www.hoymercedes.com.ar\/principal\/wp-content\/uploads\/2026\/03\/G-1024x683.jpg\" alt=\"\" class=\"wp-image-193020\" srcset=\"https:\/\/www.hoymercedes.com.ar\/principal\/wp-content\/uploads\/2026\/03\/G-1024x683.jpg 1024w, https:\/\/www.hoymercedes.com.ar\/principal\/wp-content\/uploads\/2026\/03\/G-630x420.jpg 630w, https:\/\/www.hoymercedes.com.ar\/principal\/wp-content\/uploads\/2026\/03\/G-150x100.jpg 150w, https:\/\/www.hoymercedes.com.ar\/principal\/wp-content\/uploads\/2026\/03\/G-1536x1024.jpg 1536w, https:\/\/www.hoymercedes.com.ar\/principal\/wp-content\/uploads\/2026\/03\/G.jpg 1599w\" sizes=\"auto, (max-width: 1024px) 100vw, 1024px\" \/><\/figure>\n\n\n\n<figure class=\"wp-block-image size-large\"><img loading=\"lazy\" decoding=\"async\" width=\"1024\" height=\"683\" data-attachment-id=\"193021\" data-permalink=\"https:\/\/www.hoymercedes.com.ar\/principal\/2026\/03\/11\/formacion-se-entregaron-certificados-de-la-diplomatura-en-entrenamiento-de-futbol-juvenil-galeria-de-imagenes\/f-3\/#main\" data-orig-file=\"https:\/\/www.hoymercedes.com.ar\/principal\/wp-content\/uploads\/2026\/03\/F.jpg\" data-orig-size=\"1599,1066\" data-comments-opened=\"0\" data-image-meta=\"{&quot;aperture&quot;:&quot;0&quot;,&quot;credit&quot;:&quot;&quot;,&quot;camera&quot;:&quot;&quot;,&quot;caption&quot;:&quot;&quot;,&quot;created_timestamp&quot;:&quot;0&quot;,&quot;copyright&quot;:&quot;&quot;,&quot;focal_length&quot;:&quot;0&quot;,&quot;iso&quot;:&quot;0&quot;,&quot;shutter_speed&quot;:&quot;0&quot;,&quot;title&quot;:&quot;&quot;,&quot;orientation&quot;:&quot;0&quot;}\" data-image-title=\"F\" data-image-description=\"\" data-image-caption=\"\" data-large-file=\"https:\/\/www.hoymercedes.com.ar\/principal\/wp-content\/uploads\/2026\/03\/F-1024x683.jpg\" data-id=\"193021\" src=\"https:\/\/www.hoymercedes.com.ar\/principal\/wp-content\/uploads\/2026\/03\/F-1024x683.jpg\" alt=\"\" class=\"wp-image-193021\" srcset=\"https:\/\/www.hoymercedes.com.ar\/principal\/wp-content\/uploads\/2026\/03\/F-1024x683.jpg 1024w, https:\/\/www.hoymercedes.com.ar\/principal\/wp-content\/uploads\/2026\/03\/F-630x420.jpg 630w, https:\/\/www.hoymercedes.com.ar\/principal\/wp-content\/uploads\/2026\/03\/F-150x100.jpg 150w, https:\/\/www.hoymercedes.com.ar\/principal\/wp-content\/uploads\/2026\/03\/F-1536x1024.jpg 1536w, https:\/\/www.hoymercedes.com.ar\/principal\/wp-content\/uploads\/2026\/03\/F.jpg 1599w\" sizes=\"auto, (max-width: 1024px) 100vw, 1024px\" \/><\/figure>\n\n\n\n<figure class=\"wp-block-image size-large\"><img loading=\"lazy\" decoding=\"async\" width=\"1024\" height=\"683\" data-attachment-id=\"193022\" data-permalink=\"https:\/\/www.hoymercedes.com.ar\/principal\/2026\/03\/11\/formacion-se-entregaron-certificados-de-la-diplomatura-en-entrenamiento-de-futbol-juvenil-galeria-de-imagenes\/e-5\/#main\" data-orig-file=\"https:\/\/www.hoymercedes.com.ar\/principal\/wp-content\/uploads\/2026\/03\/E.jpg\" data-orig-size=\"1599,1066\" data-comments-opened=\"0\" data-image-meta=\"{&quot;aperture&quot;:&quot;0&quot;,&quot;credit&quot;:&quot;&quot;,&quot;camera&quot;:&quot;&quot;,&quot;caption&quot;:&quot;&quot;,&quot;created_timestamp&quot;:&quot;0&quot;,&quot;copyright&quot;:&quot;&quot;,&quot;focal_length&quot;:&quot;0&quot;,&quot;iso&quot;:&quot;0&quot;,&quot;shutter_speed&quot;:&quot;0&quot;,&quot;title&quot;:&quot;&quot;,&quot;orientation&quot;:&quot;0&quot;}\" data-image-title=\"E\" data-image-description=\"\" data-image-caption=\"\" data-large-file=\"https:\/\/www.hoymercedes.com.ar\/principal\/wp-content\/uploads\/2026\/03\/E-1024x683.jpg\" data-id=\"193022\" src=\"https:\/\/www.hoymercedes.com.ar\/principal\/wp-content\/uploads\/2026\/03\/E-1024x683.jpg\" alt=\"\" class=\"wp-image-193022\" srcset=\"https:\/\/www.hoymercedes.com.ar\/principal\/wp-content\/uploads\/2026\/03\/E-1024x683.jpg 1024w, https:\/\/www.hoymercedes.com.ar\/principal\/wp-content\/uploads\/2026\/03\/E-630x420.jpg 630w, https:\/\/www.hoymercedes.com.ar\/principal\/wp-content\/uploads\/2026\/03\/E-150x100.jpg 150w, https:\/\/www.hoymercedes.com.ar\/principal\/wp-content\/uploads\/2026\/03\/E-1536x1024.jpg 1536w, https:\/\/www.hoymercedes.com.ar\/principal\/wp-content\/uploads\/2026\/03\/E.jpg 1599w\" sizes=\"auto, (max-width: 1024px) 100vw, 1024px\" \/><\/figure>\n\n\n\n<figure class=\"wp-block-image size-large\"><img loading=\"lazy\" decoding=\"async\" width=\"1024\" height=\"683\" data-attachment-id=\"193023\" data-permalink=\"https:\/\/www.hoymercedes.com.ar\/principal\/2026\/03\/11\/formacion-se-entregaron-certificados-de-la-diplomatura-en-entrenamiento-de-futbol-juvenil-galeria-de-imagenes\/d-6\/#main\" data-orig-file=\"https:\/\/www.hoymercedes.com.ar\/principal\/wp-content\/uploads\/2026\/03\/D.jpg\" data-orig-size=\"1599,1066\" data-comments-opened=\"0\" data-image-meta=\"{&quot;aperture&quot;:&quot;0&quot;,&quot;credit&quot;:&quot;&quot;,&quot;camera&quot;:&quot;&quot;,&quot;caption&quot;:&quot;&quot;,&quot;created_timestamp&quot;:&quot;0&quot;,&quot;copyright&quot;:&quot;&quot;,&quot;focal_length&quot;:&quot;0&quot;,&quot;iso&quot;:&quot;0&quot;,&quot;shutter_speed&quot;:&quot;0&quot;,&quot;title&quot;:&quot;&quot;,&quot;orientation&quot;:&quot;0&quot;}\" data-image-title=\"D\" data-image-description=\"\" data-image-caption=\"\" data-large-file=\"https:\/\/www.hoymercedes.com.ar\/principal\/wp-content\/uploads\/2026\/03\/D-1024x683.jpg\" data-id=\"193023\" src=\"https:\/\/www.hoymercedes.com.ar\/principal\/wp-content\/uploads\/2026\/03\/D-1024x683.jpg\" alt=\"\" class=\"wp-image-193023\" srcset=\"https:\/\/www.hoymercedes.com.ar\/principal\/wp-content\/uploads\/2026\/03\/D-1024x683.jpg 1024w, https:\/\/www.hoymercedes.com.ar\/principal\/wp-content\/uploads\/2026\/03\/D-630x420.jpg 630w, https:\/\/www.hoymercedes.com.ar\/principal\/wp-content\/uploads\/2026\/03\/D-150x100.jpg 150w, https:\/\/www.hoymercedes.com.ar\/principal\/wp-content\/uploads\/2026\/03\/D-1536x1024.jpg 1536w, https:\/\/www.hoymercedes.com.ar\/principal\/wp-content\/uploads\/2026\/03\/D.jpg 1599w\" sizes=\"auto, (max-width: 1024px) 100vw, 1024px\" \/><\/figure>\n<\/figure>\n","protected":false},"excerpt":{"rendered":"<p>Se entregaron certificados a quienes finalizaron el curso de formaci\u00f3n de entrenadores realizado entre la Municipalidad de Mercedes y el &#8230; <a title=\"Formaci\u00f3n: se entregaron certificados de la Diplomatura en Entrenamiento de F\u00fatbol Juvenil (galer\u00eda de im\u00e1genes)\" class=\"read-more\" href=\"https:\/\/www.hoymercedes.com.ar\/principal\/2026\/03\/11\/formacion-se-entregaron-certificados-de-la-diplomatura-en-entrenamiento-de-futbol-juvenil-galeria-de-imagenes\/\" aria-label=\"Leer m\u00e1s sobre Formaci\u00f3n: se entregaron certificados de la Diplomatura en Entrenamiento de F\u00fatbol Juvenil (galer\u00eda de im\u00e1genes)\">Leer m\u00e1s<\/a><\/p>\n","protected":false},"author":1,"featured_media":193019,"comment_status":"closed","ping_status":"open","sticky":false,"template":"","format":"standard","meta":{"_monsterinsights_skip_tracking":false,"_monsterinsights_sitenote_active":false,"_monsterinsights_sitenote_note":"","_monsterinsights_sitenote_category":0,"jetpack_post_was_ever_published":false,"_jetpack_newsletter_access":"","_jetpack_dont_email_post_to_subs":false,"_jetpack_newsletter_tier_id":0,"_jetpack_memberships_contains_paywalled_content":false,"_jetpack_memberships_contains_paid_content":false,"footnotes":"","jetpack_publicize_message":"","jetpack_publicize_feature_enabled":true,"jetpack_social_post_already_shared":true,"jetpack_social_options":{"image_generator_settings":{"template":"highway","default_image_id":0,"font":"","enabled":false},"version":2},"_wpas_customize_per_network":false},"categories":[8],"tags":[],"class_list":["post-193018","post","type-post","status-publish","format-standard","has-post-thumbnail","hentry","category-sociedad","generate-columns","tablet-grid-50","mobile-grid-100","grid-parent","grid-50"],"jetpack_publicize_connections":[],"jetpack_featured_media_url":"https:\/\/www.hoymercedes.com.ar\/principal\/wp-content\/uploads\/2026\/03\/C.jpg","wps_subtitle":"","jetpack_sharing_enabled":true,"_links":{"self":[{"href":"https:\/\/www.hoymercedes.com.ar\/principal\/wp-json\/wp\/v2\/posts\/193018","targetHints":{"allow":["GET"]}}],"collection":[{"href":"https:\/\/www.hoymercedes.com.ar\/principal\/wp-json\/wp\/v2\/posts"}],"about":[{"href":"https:\/\/www.hoymercedes.com.ar\/principal\/wp-json\/wp\/v2\/types\/post"}],"author":[{"embeddable":true,"href":"https:\/\/www.hoymercedes.com.ar\/principal\/wp-json\/wp\/v2\/users\/1"}],"replies":[{"embeddable":true,"href":"https:\/\/www.hoymercedes.com.ar\/principal\/wp-json\/wp\/v2\/comments?post=193018"}],"version-history":[{"count":1,"href":"https:\/\/www.hoymercedes.com.ar\/principal\/wp-json\/wp\/v2\/posts\/193018\/revisions"}],"predecessor-version":[{"id":193024,"href":"https:\/\/www.hoymercedes.com.ar\/principal\/wp-json\/wp\/v2\/posts\/193018\/revisions\/193024"}],"wp:featuredmedia":[{"embeddable":true,"href":"https:\/\/www.hoymercedes.com.ar\/principal\/wp-json\/wp\/v2\/media\/193019"}],"wp:attachment":[{"href":"https:\/\/www.hoymercedes.com.ar\/principal\/wp-json\/wp\/v2\/media?parent=193018"}],"wp:term":[{"taxonomy":"category","embeddable":true,"href":"https:\/\/www.hoymercedes.com.ar\/principal\/wp-json\/wp\/v2\/categories?post=193018"},{"taxonomy":"post_tag","embeddable":true,"href":"https:\/\/www.hoymercedes.com.ar\/principal\/wp-json\/wp\/v2\/tags?post=193018"}],"curies":[{"name":"wp","href":"https:\/\/api.w.org\/{rel}","templated":true}]}}