{"id":193044,"date":"2026-03-12T10:48:00","date_gmt":"2026-03-12T13:48:00","guid":{"rendered":"https:\/\/www.hoymercedes.com.ar\/principal\/?p=193044"},"modified":"2026-03-11T13:58:19","modified_gmt":"2026-03-11T16:58:19","slug":"municipio-abre-la-convocatoria-para-emprendedores-y-gastronomicos-de-la-fiesta-nacional-de-la-torta-frita","status":"publish","type":"post","link":"https:\/\/www.hoymercedes.com.ar\/principal\/2026\/03\/12\/municipio-abre-la-convocatoria-para-emprendedores-y-gastronomicos-de-la-fiesta-nacional-de-la-torta-frita\/","title":{"rendered":"Municipio abre la convocatoria para emprendedores y gastron\u00f3micos de la Fiesta Nacional de la Torta Frita"},"content":{"rendered":"\n<p>La Municipalidad de Mercedes anunci\u00f3 el inicio del periodo de inscripciones para quienes deseen participar en una nueva edici\u00f3n de la Fiesta Nacional de la Torta Frita, uno de los eventos m\u00e1s convocantes del calendario local y regional.<\/p>\n\n\n\n<figure class=\"wp-block-image size-large\"><img loading=\"lazy\" decoding=\"async\" width=\"1024\" height=\"684\" data-attachment-id=\"174623\" data-permalink=\"https:\/\/www.hoymercedes.com.ar\/principal\/2024\/04\/07\/se-vivio-una-multitudinaria-24-fiesta-nacional-de-la-torta-frita\/mhm_7976\/#main\" data-orig-file=\"https:\/\/www.hoymercedes.com.ar\/principal\/wp-content\/uploads\/2024\/04\/MHM_7976.jpg\" data-orig-size=\"1316,879\" data-comments-opened=\"0\" data-image-meta=\"{&quot;aperture&quot;:&quot;0&quot;,&quot;credit&quot;:&quot;&quot;,&quot;camera&quot;:&quot;&quot;,&quot;caption&quot;:&quot;&quot;,&quot;created_timestamp&quot;:&quot;0&quot;,&quot;copyright&quot;:&quot;&quot;,&quot;focal_length&quot;:&quot;0&quot;,&quot;iso&quot;:&quot;0&quot;,&quot;shutter_speed&quot;:&quot;0&quot;,&quot;title&quot;:&quot;&quot;,&quot;orientation&quot;:&quot;0&quot;}\" data-image-title=\"Se vivi\u00f3 una multitudinaria 24\u00b0 Fiesta Nacional de la Torta Frita\" data-image-description=\"&lt;p&gt;Se vivi\u00f3 una multitudinaria 24\u00b0 Fiesta Nacional de la Torta Frita&lt;\/p&gt;\n\" data-image-caption=\"&lt;p&gt;Se vivi\u00f3 una multitudinaria 24\u00b0 Fiesta Nacional de la Torta Frita&lt;\/p&gt;\n\" data-large-file=\"https:\/\/www.hoymercedes.com.ar\/principal\/wp-content\/uploads\/2024\/04\/MHM_7976-1024x684.jpg\" src=\"https:\/\/www.hoymercedes.com.ar\/principal\/wp-content\/uploads\/2024\/04\/MHM_7976-1024x684.jpg\" alt=\"Se vivi\u00f3 una multitudinaria 24\u00b0 Fiesta Nacional de la Torta Frita\" class=\"wp-image-174623\" srcset=\"https:\/\/www.hoymercedes.com.ar\/principal\/wp-content\/uploads\/2024\/04\/MHM_7976-1024x684.jpg 1024w, https:\/\/www.hoymercedes.com.ar\/principal\/wp-content\/uploads\/2024\/04\/MHM_7976-630x421.jpg 630w, https:\/\/www.hoymercedes.com.ar\/principal\/wp-content\/uploads\/2024\/04\/MHM_7976-150x100.jpg 150w, https:\/\/www.hoymercedes.com.ar\/principal\/wp-content\/uploads\/2024\/04\/MHM_7976.jpg 1316w\" sizes=\"auto, (max-width: 1024px) 100vw, 1024px\" \/><figcaption class=\"wp-element-caption\">Se vivi\u00f3 una multitudinaria 24\u00b0 Fiesta Nacional de la Torta Frita<\/figcaption><\/figure>\n\n\n\n<p>La convocatoria est\u00e1 dirigida espec\u00edficamente a residentes de la ciudad de Mercedes que se desempe\u00f1en como torteras, torteros, gastron\u00f3micos, artesanos, productores regionales o emprendedores de diversos rubros.<br>Modalidades de Inscripci\u00f3n<\/p>\n\n\n\n<p>El plazo para anotarse comienza este lunes 9 y se extender\u00e1 hasta el mi\u00e9rcoles 18 de marzo inclusive. Los interesados deber\u00e1n seguir los pasos seg\u00fan su categor\u00eda:<\/p>\n\n\n\n<pre class=\"wp-block-code\"><code>Sector Gastron\u00f3mico: La inscripci\u00f3n se realiza de manera online completando el formulario oficial en el siguiente enlace: Inscripci\u00f3n Gastronom\u00eda.\n\nArtesanos, Productores y Emprendedores: En este caso, el tr\u00e1mite es presencial. Deber\u00e1n acercarse a la Direcci\u00f3n de Producci\u00f3n, ubicada en Av. 29 N\u00ba 623 (entre 26 y 28), de lunes a viernes en el horario de 9:00 a 13:00 hs.<\/code><\/pre>\n\n\n\n<p>Requisito Fundamental<\/p>\n\n\n\n<p>Desde la organizaci\u00f3n recordaron que la convocatoria es exclusiva para residentes del partido de Mercedes, reafirmando el compromiso de priorizar la mano de obra y la producci\u00f3n local en esta gran celebraci\u00f3n popular.<\/p>\n","protected":false},"excerpt":{"rendered":"<p>La Municipalidad de Mercedes anunci\u00f3 el inicio del periodo de inscripciones para quienes deseen participar en una nueva edici\u00f3n de &#8230; <a title=\"Municipio abre la convocatoria para emprendedores y gastron\u00f3micos de la Fiesta Nacional de la Torta Frita\" class=\"read-more\" href=\"https:\/\/www.hoymercedes.com.ar\/principal\/2026\/03\/12\/municipio-abre-la-convocatoria-para-emprendedores-y-gastronomicos-de-la-fiesta-nacional-de-la-torta-frita\/\" aria-label=\"Leer m\u00e1s sobre Municipio abre la convocatoria para emprendedores y gastron\u00f3micos de la Fiesta Nacional de la Torta Frita\">Leer m\u00e1s<\/a><\/p>\n","protected":false},"author":1,"featured_media":174623,"comment_status":"closed","ping_status":"open","sticky":false,"template":"","format":"standard","meta":{"_monsterinsights_skip_tracking":false,"_monsterinsights_sitenote_active":false,"_monsterinsights_sitenote_note":"","_monsterinsights_sitenote_category":0,"jetpack_post_was_ever_published":false,"_jetpack_newsletter_access":"","_jetpack_dont_email_post_to_subs":false,"_jetpack_newsletter_tier_id":0,"_jetpack_memberships_contains_paywalled_content":false,"_jetpack_memberships_contains_paid_content":false,"footnotes":"","jetpack_publicize_message":"","jetpack_publicize_feature_enabled":true,"jetpack_social_post_already_shared":true,"jetpack_social_options":{"image_generator_settings":{"template":"highway","default_image_id":0,"font":"","enabled":false},"version":2},"_wpas_customize_per_network":false},"categories":[8],"tags":[],"class_list":["post-193044","post","type-post","status-publish","format-standard","has-post-thumbnail","hentry","category-sociedad","generate-columns","tablet-grid-50","mobile-grid-100","grid-parent","grid-50"],"jetpack_publicize_connections":[],"jetpack_featured_media_url":"https:\/\/www.hoymercedes.com.ar\/principal\/wp-content\/uploads\/2024\/04\/MHM_7976.jpg","wps_subtitle":"","jetpack_sharing_enabled":true,"_links":{"self":[{"href":"https:\/\/www.hoymercedes.com.ar\/principal\/wp-json\/wp\/v2\/posts\/193044","targetHints":{"allow":["GET"]}}],"collection":[{"href":"https:\/\/www.hoymercedes.com.ar\/principal\/wp-json\/wp\/v2\/posts"}],"about":[{"href":"https:\/\/www.hoymercedes.com.ar\/principal\/wp-json\/wp\/v2\/types\/post"}],"author":[{"embeddable":true,"href":"https:\/\/www.hoymercedes.com.ar\/principal\/wp-json\/wp\/v2\/users\/1"}],"replies":[{"embeddable":true,"href":"https:\/\/www.hoymercedes.com.ar\/principal\/wp-json\/wp\/v2\/comments?post=193044"}],"version-history":[{"count":1,"href":"https:\/\/www.hoymercedes.com.ar\/principal\/wp-json\/wp\/v2\/posts\/193044\/revisions"}],"predecessor-version":[{"id":193045,"href":"https:\/\/www.hoymercedes.com.ar\/principal\/wp-json\/wp\/v2\/posts\/193044\/revisions\/193045"}],"wp:featuredmedia":[{"embeddable":true,"href":"https:\/\/www.hoymercedes.com.ar\/principal\/wp-json\/wp\/v2\/media\/174623"}],"wp:attachment":[{"href":"https:\/\/www.hoymercedes.com.ar\/principal\/wp-json\/wp\/v2\/media?parent=193044"}],"wp:term":[{"taxonomy":"category","embeddable":true,"href":"https:\/\/www.hoymercedes.com.ar\/principal\/wp-json\/wp\/v2\/categories?post=193044"},{"taxonomy":"post_tag","embeddable":true,"href":"https:\/\/www.hoymercedes.com.ar\/principal\/wp-json\/wp\/v2\/tags?post=193044"}],"curies":[{"name":"wp","href":"https:\/\/api.w.org\/{rel}","templated":true}]}}