{"id":193046,"date":"2026-03-12T11:58:00","date_gmt":"2026-03-12T14:58:00","guid":{"rendered":"https:\/\/www.hoymercedes.com.ar\/principal\/?p=193046"},"modified":"2026-03-11T13:59:39","modified_gmt":"2026-03-11T16:59:39","slug":"fortalecen-la-produccion-local-con-la-entrega-de-nueva-maquinaria-agroecologica","status":"publish","type":"post","link":"https:\/\/www.hoymercedes.com.ar\/principal\/2026\/03\/12\/fortalecen-la-produccion-local-con-la-entrega-de-nueva-maquinaria-agroecologica\/","title":{"rendered":"Fortalecen la producci\u00f3n local con la entrega de nueva maquinaria agroecol\u00f3gica"},"content":{"rendered":"\n<p>En un paso importante para la consolidaci\u00f3n de modelos productivos sostenibles, la Municipalidad de Mercedes formaliz\u00f3 la entrega de nuevas maquinarias destinadas a fortalecer el sector agroecol\u00f3gico de la ciudad.<\/p>\n\n\n\n<figure class=\"wp-block-image size-full\"><img loading=\"lazy\" decoding=\"async\" width=\"712\" height=\"437\" data-attachment-id=\"193047\" data-permalink=\"https:\/\/www.hoymercedes.com.ar\/principal\/2026\/03\/12\/fortalecen-la-produccion-local-con-la-entrega-de-nueva-maquinaria-agroecologica\/image-314\/#main\" data-orig-file=\"https:\/\/www.hoymercedes.com.ar\/principal\/wp-content\/uploads\/2026\/03\/image-43.png\" data-orig-size=\"712,437\" data-comments-opened=\"0\" data-image-meta=\"{&quot;aperture&quot;:&quot;0&quot;,&quot;credit&quot;:&quot;&quot;,&quot;camera&quot;:&quot;&quot;,&quot;caption&quot;:&quot;&quot;,&quot;created_timestamp&quot;:&quot;0&quot;,&quot;copyright&quot;:&quot;&quot;,&quot;focal_length&quot;:&quot;0&quot;,&quot;iso&quot;:&quot;0&quot;,&quot;shutter_speed&quot;:&quot;0&quot;,&quot;title&quot;:&quot;&quot;,&quot;orientation&quot;:&quot;0&quot;}\" data-image-title=\"image\" data-image-description=\"\" data-image-caption=\"\" data-large-file=\"https:\/\/www.hoymercedes.com.ar\/principal\/wp-content\/uploads\/2026\/03\/image-43.png\" src=\"https:\/\/www.hoymercedes.com.ar\/principal\/wp-content\/uploads\/2026\/03\/image-43.png\" alt=\"\" class=\"wp-image-193047\" srcset=\"https:\/\/www.hoymercedes.com.ar\/principal\/wp-content\/uploads\/2026\/03\/image-43.png 712w, https:\/\/www.hoymercedes.com.ar\/principal\/wp-content\/uploads\/2026\/03\/image-43-630x387.png 630w, https:\/\/www.hoymercedes.com.ar\/principal\/wp-content\/uploads\/2026\/03\/image-43-150x92.png 150w\" sizes=\"auto, (max-width: 712px) 100vw, 712px\" \/><\/figure>\n\n\n\n<p>El acto, encabezado por el intendente Juan Ignacio Ustarroz, reafirma el compromiso de la gesti\u00f3n local con la preservaci\u00f3n del suelo y la generaci\u00f3n de oportunidades laborales en el \u00e1mbito rural.<br><\/p>\n\n\n\n<p>Esta acci\u00f3n no es un hecho aislado, sino que responde a la ejecuci\u00f3n de la Ordenanza Municipal de Fomento de la Agroecolog\u00eda, una normativa pionera que busca regular y promover pr\u00e1cticas agr\u00edcolas libres de agroqu\u00edmicos.<\/p>\n\n\n\n<p>Durante la jornada, se destac\u00f3 que la distribuci\u00f3n de estos recursos t\u00e9cnicos es el resultado directo del trabajo articulado con el Consejo Consultivo Agroecol\u00f3gico, el \u00f3rgano encargado de canalizar las necesidades de los productores y dise\u00f1ar pol\u00edticas p\u00fablicas a largo plazo.<\/p>\n\n\n\n<p>\u00abSeguimos acompa\u00f1ando a quienes producen, promoviendo una forma de trabajo que cuida la tierra, genera oportunidades y fortalece a nuestras comunidades\u00bb, se\u00f1alaron las autoridades durante el encuentro.<\/p>\n\n\n\n<p>El equipamiento entregado permitir\u00e1 optimizar los tiempos de producci\u00f3n y mejorar la eficiencia en los predios que ya operan bajo est\u00e1ndares de sostenibilidad.<\/p>\n\n\n\n<p>Con esta inversi\u00f3n, Mercedes se posiciona como un referente regional en la transici\u00f3n hacia un sistema agroalimentario m\u00e1s saludable, priorizando el mercado de cercan\u00eda y la soberan\u00eda alimentaria de sus habitantes.<\/p>\n","protected":false},"excerpt":{"rendered":"<p>En un paso importante para la consolidaci\u00f3n de modelos productivos sostenibles, la Municipalidad de Mercedes formaliz\u00f3 la entrega de nuevas &#8230; <a title=\"Fortalecen la producci\u00f3n local con la entrega de nueva maquinaria agroecol\u00f3gica\" class=\"read-more\" href=\"https:\/\/www.hoymercedes.com.ar\/principal\/2026\/03\/12\/fortalecen-la-produccion-local-con-la-entrega-de-nueva-maquinaria-agroecologica\/\" aria-label=\"Leer m\u00e1s sobre Fortalecen la producci\u00f3n local con la entrega de nueva maquinaria agroecol\u00f3gica\">Leer m\u00e1s<\/a><\/p>\n","protected":false},"author":1,"featured_media":193047,"comment_status":"closed","ping_status":"open","sticky":false,"template":"","format":"standard","meta":{"_monsterinsights_skip_tracking":false,"_monsterinsights_sitenote_active":false,"_monsterinsights_sitenote_note":"","_monsterinsights_sitenote_category":0,"jetpack_post_was_ever_published":false,"_jetpack_newsletter_access":"","_jetpack_dont_email_post_to_subs":false,"_jetpack_newsletter_tier_id":0,"_jetpack_memberships_contains_paywalled_content":false,"_jetpack_memberships_contains_paid_content":false,"footnotes":"","jetpack_publicize_message":"","jetpack_publicize_feature_enabled":true,"jetpack_social_post_already_shared":true,"jetpack_social_options":{"image_generator_settings":{"template":"highway","default_image_id":0,"font":"","enabled":false},"version":2},"_wpas_customize_per_network":false},"categories":[8],"tags":[],"class_list":["post-193046","post","type-post","status-publish","format-standard","has-post-thumbnail","hentry","category-sociedad","generate-columns","tablet-grid-50","mobile-grid-100","grid-parent","grid-50"],"jetpack_publicize_connections":[],"jetpack_featured_media_url":"https:\/\/www.hoymercedes.com.ar\/principal\/wp-content\/uploads\/2026\/03\/image-43.png","wps_subtitle":"","jetpack_sharing_enabled":true,"_links":{"self":[{"href":"https:\/\/www.hoymercedes.com.ar\/principal\/wp-json\/wp\/v2\/posts\/193046","targetHints":{"allow":["GET"]}}],"collection":[{"href":"https:\/\/www.hoymercedes.com.ar\/principal\/wp-json\/wp\/v2\/posts"}],"about":[{"href":"https:\/\/www.hoymercedes.com.ar\/principal\/wp-json\/wp\/v2\/types\/post"}],"author":[{"embeddable":true,"href":"https:\/\/www.hoymercedes.com.ar\/principal\/wp-json\/wp\/v2\/users\/1"}],"replies":[{"embeddable":true,"href":"https:\/\/www.hoymercedes.com.ar\/principal\/wp-json\/wp\/v2\/comments?post=193046"}],"version-history":[{"count":1,"href":"https:\/\/www.hoymercedes.com.ar\/principal\/wp-json\/wp\/v2\/posts\/193046\/revisions"}],"predecessor-version":[{"id":193048,"href":"https:\/\/www.hoymercedes.com.ar\/principal\/wp-json\/wp\/v2\/posts\/193046\/revisions\/193048"}],"wp:featuredmedia":[{"embeddable":true,"href":"https:\/\/www.hoymercedes.com.ar\/principal\/wp-json\/wp\/v2\/media\/193047"}],"wp:attachment":[{"href":"https:\/\/www.hoymercedes.com.ar\/principal\/wp-json\/wp\/v2\/media?parent=193046"}],"wp:term":[{"taxonomy":"category","embeddable":true,"href":"https:\/\/www.hoymercedes.com.ar\/principal\/wp-json\/wp\/v2\/categories?post=193046"},{"taxonomy":"post_tag","embeddable":true,"href":"https:\/\/www.hoymercedes.com.ar\/principal\/wp-json\/wp\/v2\/tags?post=193046"}],"curies":[{"name":"wp","href":"https:\/\/api.w.org\/{rel}","templated":true}]}}