{"id":193049,"date":"2026-03-13T14:00:00","date_gmt":"2026-03-13T17:00:00","guid":{"rendered":"https:\/\/www.hoymercedes.com.ar\/principal\/?p=193049"},"modified":"2026-03-11T14:03:28","modified_gmt":"2026-03-11T17:03:28","slug":"mercados-bonaerenses-vuelve-a-mercedes-con-descuentos-y-beneficios","status":"publish","type":"post","link":"https:\/\/www.hoymercedes.com.ar\/principal\/2026\/03\/13\/mercados-bonaerenses-vuelve-a-mercedes-con-descuentos-y-beneficios\/","title":{"rendered":"\u201cMercados Bonaerenses\u201d vuelve a Mercedes con descuentos y beneficios"},"content":{"rendered":"\n<p>El programa provincial <strong>\u201cMercados Bonaerenses\u201d<\/strong> volver\u00e1 a instalarse en la ciudad de Mercedes con una nueva jornada de comercializaci\u00f3n directa entre productores y consumidores, ofreciendo <strong>productos frescos a precios accesibles y promociones especiales<\/strong>. Ser\u00e1 \u00a0este\u00a0<strong>s\u00e1bado 14 de marzo en Avenida 30, entre las calles 25 y 27<\/strong>.<\/p>\n\n\n\n<figure class=\"wp-block-image size-full\"><img loading=\"lazy\" decoding=\"async\" width=\"692\" height=\"461\" data-attachment-id=\"193050\" data-permalink=\"https:\/\/www.hoymercedes.com.ar\/principal\/2026\/03\/13\/mercados-bonaerenses-vuelve-a-mercedes-con-descuentos-y-beneficios\/image-315\/#main\" data-orig-file=\"https:\/\/www.hoymercedes.com.ar\/principal\/wp-content\/uploads\/2026\/03\/image-44.png\" data-orig-size=\"692,461\" data-comments-opened=\"0\" data-image-meta=\"{&quot;aperture&quot;:&quot;0&quot;,&quot;credit&quot;:&quot;&quot;,&quot;camera&quot;:&quot;&quot;,&quot;caption&quot;:&quot;&quot;,&quot;created_timestamp&quot;:&quot;0&quot;,&quot;copyright&quot;:&quot;&quot;,&quot;focal_length&quot;:&quot;0&quot;,&quot;iso&quot;:&quot;0&quot;,&quot;shutter_speed&quot;:&quot;0&quot;,&quot;title&quot;:&quot;&quot;,&quot;orientation&quot;:&quot;0&quot;}\" data-image-title=\"image\" data-image-description=\"\" data-image-caption=\"\" data-large-file=\"https:\/\/www.hoymercedes.com.ar\/principal\/wp-content\/uploads\/2026\/03\/image-44.png\" src=\"https:\/\/www.hoymercedes.com.ar\/principal\/wp-content\/uploads\/2026\/03\/image-44.png\" alt=\"\" class=\"wp-image-193050\" srcset=\"https:\/\/www.hoymercedes.com.ar\/principal\/wp-content\/uploads\/2026\/03\/image-44.png 692w, https:\/\/www.hoymercedes.com.ar\/principal\/wp-content\/uploads\/2026\/03\/image-44-630x420.png 630w, https:\/\/www.hoymercedes.com.ar\/principal\/wp-content\/uploads\/2026\/03\/image-44-150x100.png 150w\" sizes=\"auto, (max-width: 692px) 100vw, 692px\" \/><\/figure>\n\n\n\n<p>La actividad se desarrollar\u00e1 <strong>este s\u00e1bado en el boulevard de la Avenida 30<\/strong>, donde vecinos y vecinas podr\u00e1n recorrer los distintos puestos de alimentos y productos regionales que forman parte de esta iniciativa.<\/p>\n\n\n\n<p>Uno de los principales atractivos ser\u00e1 el <strong>40% de reintegro en compras realizadas con la billetera digital del Banco Provincia<\/strong>, un beneficio que busca aliviar el gasto familiar y fomentar el consumo de productos locales.<\/p>\n\n\n\n<p>El programa promueve adem\u00e1s <strong>la venta directa del productor al consumidor<\/strong>, lo que permite reducir intermediarios, fortalecer a los peque\u00f1os productores y ofrecer precios m\u00e1s competitivos para el p\u00fablico.<\/p>\n\n\n\n<p>De esta manera, la propuesta combina <strong>acceso a alimentos a menor costo, impulso a la producci\u00f3n regional y movimiento comercial en la ciudad<\/strong>, invitando a la comunidad a participar de una nueva jornada del mercado itinerante.<\/p>\n","protected":false},"excerpt":{"rendered":"<p>El programa provincial \u201cMercados Bonaerenses\u201d volver\u00e1 a instalarse en la ciudad de Mercedes con una nueva jornada de comercializaci\u00f3n directa &#8230; <a title=\"\u201cMercados Bonaerenses\u201d vuelve a Mercedes con descuentos y beneficios\" class=\"read-more\" href=\"https:\/\/www.hoymercedes.com.ar\/principal\/2026\/03\/13\/mercados-bonaerenses-vuelve-a-mercedes-con-descuentos-y-beneficios\/\" aria-label=\"Leer m\u00e1s sobre \u201cMercados Bonaerenses\u201d vuelve a Mercedes con descuentos y beneficios\">Leer m\u00e1s<\/a><\/p>\n","protected":false},"author":1,"featured_media":193050,"comment_status":"closed","ping_status":"open","sticky":false,"template":"","format":"standard","meta":{"_monsterinsights_skip_tracking":false,"_monsterinsights_sitenote_active":false,"_monsterinsights_sitenote_note":"","_monsterinsights_sitenote_category":0,"jetpack_post_was_ever_published":false,"_jetpack_newsletter_access":"","_jetpack_dont_email_post_to_subs":false,"_jetpack_newsletter_tier_id":0,"_jetpack_memberships_contains_paywalled_content":false,"_jetpack_memberships_contains_paid_content":false,"footnotes":"","jetpack_publicize_message":"","jetpack_publicize_feature_enabled":true,"jetpack_social_post_already_shared":true,"jetpack_social_options":{"image_generator_settings":{"template":"highway","default_image_id":0,"font":"","enabled":false},"version":2},"_wpas_customize_per_network":false},"categories":[8],"tags":[],"class_list":["post-193049","post","type-post","status-publish","format-standard","has-post-thumbnail","hentry","category-sociedad","generate-columns","tablet-grid-50","mobile-grid-100","grid-parent","grid-50"],"jetpack_publicize_connections":[],"jetpack_featured_media_url":"https:\/\/www.hoymercedes.com.ar\/principal\/wp-content\/uploads\/2026\/03\/image-44.png","wps_subtitle":"","jetpack_sharing_enabled":true,"_links":{"self":[{"href":"https:\/\/www.hoymercedes.com.ar\/principal\/wp-json\/wp\/v2\/posts\/193049","targetHints":{"allow":["GET"]}}],"collection":[{"href":"https:\/\/www.hoymercedes.com.ar\/principal\/wp-json\/wp\/v2\/posts"}],"about":[{"href":"https:\/\/www.hoymercedes.com.ar\/principal\/wp-json\/wp\/v2\/types\/post"}],"author":[{"embeddable":true,"href":"https:\/\/www.hoymercedes.com.ar\/principal\/wp-json\/wp\/v2\/users\/1"}],"replies":[{"embeddable":true,"href":"https:\/\/www.hoymercedes.com.ar\/principal\/wp-json\/wp\/v2\/comments?post=193049"}],"version-history":[{"count":1,"href":"https:\/\/www.hoymercedes.com.ar\/principal\/wp-json\/wp\/v2\/posts\/193049\/revisions"}],"predecessor-version":[{"id":193051,"href":"https:\/\/www.hoymercedes.com.ar\/principal\/wp-json\/wp\/v2\/posts\/193049\/revisions\/193051"}],"wp:featuredmedia":[{"embeddable":true,"href":"https:\/\/www.hoymercedes.com.ar\/principal\/wp-json\/wp\/v2\/media\/193050"}],"wp:attachment":[{"href":"https:\/\/www.hoymercedes.com.ar\/principal\/wp-json\/wp\/v2\/media?parent=193049"}],"wp:term":[{"taxonomy":"category","embeddable":true,"href":"https:\/\/www.hoymercedes.com.ar\/principal\/wp-json\/wp\/v2\/categories?post=193049"},{"taxonomy":"post_tag","embeddable":true,"href":"https:\/\/www.hoymercedes.com.ar\/principal\/wp-json\/wp\/v2\/tags?post=193049"}],"curies":[{"name":"wp","href":"https:\/\/api.w.org\/{rel}","templated":true}]}}