{"id":193058,"date":"2026-03-12T10:15:00","date_gmt":"2026-03-12T13:15:00","guid":{"rendered":"https:\/\/www.hoymercedes.com.ar\/principal\/?p=193058"},"modified":"2026-03-12T00:55:00","modified_gmt":"2026-03-12T03:55:00","slug":"carrera-aniversario-de-agote-que-nadie-se-agote","status":"publish","type":"post","link":"https:\/\/www.hoymercedes.com.ar\/principal\/2026\/03\/12\/carrera-aniversario-de-agote-que-nadie-se-agote\/","title":{"rendered":"Carrera Aniversario de Agote: \u00abQue nadie se Agote\u00bb"},"content":{"rendered":"\n<p><h2 data-path-to-node=\"2\"><\/h2><p data-path-to-node=\"3\">El pr\u00f3ximo <b data-path-to-node=\"3\" data-index-in-node=\"11\">s\u00e1bado 21 de marzo<\/b>, el pueblo de Agote se vestir\u00e1 de deporte y celebraci\u00f3n con una nueva edici\u00f3n de su carrera aniversario. Bajo el lema <i data-path-to-node=\"3\" data-index-in-node=\"148\">\u00abQue nadie se Agote\u00bb<\/i>, la jornada promete reunir a corredores profesionales y familias en un entorno \u00fanico.<\/p><h3 data-path-to-node=\"4\">Detalles<\/h3><p data-path-to-node=\"5\">La cita est\u00e1 programada para las <b data-path-to-node=\"5\" data-index-in-node=\"33\">18:00 horas<\/b>, horario ideal para disfrutar de la ca\u00edda del sol mientras se recorren las calles del pueblo. La organizaci\u00f3n ha dispuesto tres modalidades para que todos puedan formar parte:<\/p><ul data-path-to-node=\"6\"><li><p data-path-to-node=\"6,0,0\"><b data-path-to-node=\"6,0,0\" data-index-in-node=\"0\">Competitiva:<\/b> Circuitos de <b data-path-to-node=\"6,0,0\" data-index-in-node=\"26\">10K<\/b> y <b data-path-to-node=\"6,0,0\" data-index-in-node=\"32\">5K<\/b>, destinados a quienes buscan medir sus tiempos y superar sus marcas personales.<b data-path-to-node=\"6,1,0\" data-index-in-node=\"0\">Participativa:<\/b> Una <b data-path-to-node=\"6,1,0\" data-index-in-node=\"19\">corre-caminata de 3K<\/b>, pensada para vecinos, familias y personas que deseen sumarse de manera recreativa.<\/p><\/li>Inscripci\u00f3n y log\u00edstica<\/ul><p data-path-to-node=\"8\">A diferencia de otros eventos, la <b data-path-to-node=\"8\" data-index-in-node=\"34\">inscripci\u00f3n y la salida<\/b> se realizar\u00e1n el mismo d\u00eda de la carrera en el <b data-path-to-node=\"8\" data-index-in-node=\"105\">Predio del Arraigo<\/b> (Calle 518 entre 505 y 507).Adem\u00e1s, se inform\u00f3 que habr\u00e1 un <b data-path-to-node=\"9\" data-index-in-node=\"32\">bono contribuci\u00f3n de $4.000 para el estacionamiento<\/b>, destinado a colaborar con la organizaci\u00f3n del evento. La iniciativa cuenta con el apoyo de la Municipalidad de Mercedes, reafirmando el compromiso con el deporte local y las tradiciones de sus pueblos.<\/p><\/p>\n","protected":false},"excerpt":{"rendered":"<p>El pr\u00f3ximo s\u00e1bado 21 de marzo, el pueblo de Agote se vestir\u00e1 de deporte y celebraci\u00f3n con una nueva edici\u00f3n &#8230; <a title=\"Carrera Aniversario de Agote: \u00abQue nadie se Agote\u00bb\" class=\"read-more\" href=\"https:\/\/www.hoymercedes.com.ar\/principal\/2026\/03\/12\/carrera-aniversario-de-agote-que-nadie-se-agote\/\" aria-label=\"Leer m\u00e1s sobre Carrera Aniversario de Agote: \u00abQue nadie se Agote\u00bb\">Leer m\u00e1s<\/a><\/p>\n","protected":false},"author":1,"featured_media":72994,"comment_status":"closed","ping_status":"open","sticky":false,"template":"","format":"standard","meta":{"_monsterinsights_skip_tracking":false,"_monsterinsights_sitenote_active":false,"_monsterinsights_sitenote_note":"","_monsterinsights_sitenote_category":0,"jetpack_post_was_ever_published":false,"_jetpack_newsletter_access":"","_jetpack_dont_email_post_to_subs":false,"_jetpack_newsletter_tier_id":0,"_jetpack_memberships_contains_paywalled_content":false,"_jetpack_memberships_contains_paid_content":false,"footnotes":"","jetpack_publicize_message":"","jetpack_publicize_feature_enabled":true,"jetpack_social_post_already_shared":true,"jetpack_social_options":{"image_generator_settings":{"template":"highway","default_image_id":0,"font":"","enabled":false},"version":2},"_wpas_customize_per_network":false},"categories":[8],"tags":[],"class_list":["post-193058","post","type-post","status-publish","format-standard","has-post-thumbnail","hentry","category-sociedad","generate-columns","tablet-grid-50","mobile-grid-100","grid-parent","grid-50"],"jetpack_publicize_connections":[],"jetpack_featured_media_url":"https:\/\/www.hoymercedes.com.ar\/principal\/wp-content\/uploads\/2018\/02\/maraton-gowland-2.jpg","wps_subtitle":"","jetpack_sharing_enabled":true,"_links":{"self":[{"href":"https:\/\/www.hoymercedes.com.ar\/principal\/wp-json\/wp\/v2\/posts\/193058","targetHints":{"allow":["GET"]}}],"collection":[{"href":"https:\/\/www.hoymercedes.com.ar\/principal\/wp-json\/wp\/v2\/posts"}],"about":[{"href":"https:\/\/www.hoymercedes.com.ar\/principal\/wp-json\/wp\/v2\/types\/post"}],"author":[{"embeddable":true,"href":"https:\/\/www.hoymercedes.com.ar\/principal\/wp-json\/wp\/v2\/users\/1"}],"replies":[{"embeddable":true,"href":"https:\/\/www.hoymercedes.com.ar\/principal\/wp-json\/wp\/v2\/comments?post=193058"}],"version-history":[{"count":1,"href":"https:\/\/www.hoymercedes.com.ar\/principal\/wp-json\/wp\/v2\/posts\/193058\/revisions"}],"predecessor-version":[{"id":193059,"href":"https:\/\/www.hoymercedes.com.ar\/principal\/wp-json\/wp\/v2\/posts\/193058\/revisions\/193059"}],"wp:featuredmedia":[{"embeddable":true,"href":"https:\/\/www.hoymercedes.com.ar\/principal\/wp-json\/wp\/v2\/media\/72994"}],"wp:attachment":[{"href":"https:\/\/www.hoymercedes.com.ar\/principal\/wp-json\/wp\/v2\/media?parent=193058"}],"wp:term":[{"taxonomy":"category","embeddable":true,"href":"https:\/\/www.hoymercedes.com.ar\/principal\/wp-json\/wp\/v2\/categories?post=193058"},{"taxonomy":"post_tag","embeddable":true,"href":"https:\/\/www.hoymercedes.com.ar\/principal\/wp-json\/wp\/v2\/tags?post=193058"}],"curies":[{"name":"wp","href":"https:\/\/api.w.org\/{rel}","templated":true}]}}