{"id":193063,"date":"2026-03-13T09:31:00","date_gmt":"2026-03-13T12:31:00","guid":{"rendered":"https:\/\/www.hoymercedes.com.ar\/principal\/?p=193063"},"modified":"2026-03-12T12:35:08","modified_gmt":"2026-03-12T15:35:08","slug":"pajaritos-de-bidet-en-bistro-esta-noche","status":"publish","type":"post","link":"https:\/\/www.hoymercedes.com.ar\/principal\/2026\/03\/13\/pajaritos-de-bidet-en-bistro-esta-noche\/","title":{"rendered":"\u201cPajaritos de Bidet\u201d, en Bistr\u00f3, esta noche"},"content":{"rendered":"\n<p><strong>Bistr\u00f3 Pizza Caf\u00e9<\/strong>, ubicado en la esquina de <strong>calles 25 y 30 de Mercedes<\/strong>, volver\u00e1 a ser escenario de una noche de rock con la presentaci\u00f3n de la banda <strong>\u201cPajaritos de Bidet\u201d<\/strong>, que regresa a los escenarios locales con un show dedicado a los grandes cl\u00e1sicos del rock argentino.<\/p>\n\n\n\n<figure class=\"wp-block-image size-large\"><img loading=\"lazy\" decoding=\"async\" width=\"720\" height=\"720\" data-attachment-id=\"193065\" data-permalink=\"https:\/\/www.hoymercedes.com.ar\/principal\/whatsapp-image-2026-03-12-at-11-36-32-2\/\" data-orig-file=\"https:\/\/www.hoymercedes.com.ar\/principal\/wp-content\/uploads\/2026\/03\/WhatsApp-Image-2026-03-12-at-11.36.32-edited.jpeg\" data-orig-size=\"720,720\" data-comments-opened=\"0\" data-image-meta=\"{&quot;aperture&quot;:&quot;0&quot;,&quot;credit&quot;:&quot;&quot;,&quot;camera&quot;:&quot;&quot;,&quot;caption&quot;:&quot;&quot;,&quot;created_timestamp&quot;:&quot;0&quot;,&quot;copyright&quot;:&quot;&quot;,&quot;focal_length&quot;:&quot;0&quot;,&quot;iso&quot;:&quot;0&quot;,&quot;shutter_speed&quot;:&quot;0&quot;,&quot;title&quot;:&quot;&quot;,&quot;orientation&quot;:&quot;0&quot;}\" data-image-title=\"WhatsApp Image 2026-03-12 at 11.36.32\" data-image-description=\"\" data-image-caption=\"\" data-large-file=\"https:\/\/www.hoymercedes.com.ar\/principal\/wp-content\/uploads\/2026\/03\/WhatsApp-Image-2026-03-12-at-11.36.32-edited.jpeg\" src=\"https:\/\/www.hoymercedes.com.ar\/principal\/wp-content\/uploads\/2026\/03\/WhatsApp-Image-2026-03-12-at-11.36.32-edited.jpeg\" alt=\"\" class=\"wp-image-193065\" srcset=\"https:\/\/www.hoymercedes.com.ar\/principal\/wp-content\/uploads\/2026\/03\/WhatsApp-Image-2026-03-12-at-11.36.32-edited.jpeg 720w, https:\/\/www.hoymercedes.com.ar\/principal\/wp-content\/uploads\/2026\/03\/WhatsApp-Image-2026-03-12-at-11.36.32-edited-620x620.jpeg 620w, https:\/\/www.hoymercedes.com.ar\/principal\/wp-content\/uploads\/2026\/03\/WhatsApp-Image-2026-03-12-at-11.36.32-edited-150x150.jpeg 150w\" sizes=\"auto, (max-width: 720px) 100vw, 720px\" \/><\/figure>\n\n\n\n<p>La propuesta musical est\u00e1 basada en <strong>reinterpretaciones de canciones emblem\u00e1ticas del rock nacional<\/strong>, con un formato que busca combinar potencia y cercan\u00eda con el p\u00fablico, ofreciendo versiones cuidadas y un repertorio que recorre distintos momentos del g\u00e9nero.<\/p>\n\n\n\n<p>El grupo est\u00e1 integrado por <strong>Agust\u00edn \u201cTripa\u201d Castro en guitarra r\u00edtmica y voz, Lucho V\u00e1zquez en caj\u00f3n y voz, \u201cRodo\u201d Forqueda en bajo y Agust\u00edn Caban en guitarra l\u00edder<\/strong>, m\u00fasicos con trayectoria en la escena local que decidieron reunirse para desarrollar este proyecto interpretativo.<\/p>\n\n\n\n<p>La iniciativa surgi\u00f3 originalmente como <strong>un d\u00fao entre Castro y V\u00e1zquez<\/strong>, pero con el tiempo fue creciendo hasta convertirse en una banda completa que apuesta por <strong>revisitar canciones conocidas del rock argentino desde una mirada propia<\/strong>.<\/p>\n\n\n\n<p>El repertorio incluye temas de <strong>bandas y artistas emblem\u00e1ticos como Divididos, Andr\u00e9s Calamaro, Los Piojos y Bersuit<\/strong>, combinando letras de contenido social con otras de tono m\u00e1s rom\u00e1ntico, en un recorrido que busca conectar con el p\u00fablico a trav\u00e9s de canciones muy reconocidas.<\/p>\n\n\n\n<p>Con esta presentaci\u00f3n, Bistr\u00f3 Pizza contin\u00faa consolid\u00e1ndose como <strong>uno de los espacios habituales para la m\u00fasica en vivo en la ciudad<\/strong>, sumando nuevas propuestas para la escena cultural mercedina.<\/p>\n","protected":false},"excerpt":{"rendered":"<p>Bistr\u00f3 Pizza Caf\u00e9, ubicado en la esquina de calles 25 y 30 de Mercedes, volver\u00e1 a ser escenario de una &#8230; <a title=\"\u201cPajaritos de Bidet\u201d, en Bistr\u00f3, esta noche\" class=\"read-more\" href=\"https:\/\/www.hoymercedes.com.ar\/principal\/2026\/03\/13\/pajaritos-de-bidet-en-bistro-esta-noche\/\" aria-label=\"Leer m\u00e1s sobre \u201cPajaritos de Bidet\u201d, en Bistr\u00f3, esta noche\">Leer m\u00e1s<\/a><\/p>\n","protected":false},"author":1,"featured_media":193065,"comment_status":"closed","ping_status":"open","sticky":false,"template":"","format":"standard","meta":{"_monsterinsights_skip_tracking":false,"_monsterinsights_sitenote_active":false,"_monsterinsights_sitenote_note":"","_monsterinsights_sitenote_category":0,"jetpack_post_was_ever_published":false,"_jetpack_newsletter_access":"","_jetpack_dont_email_post_to_subs":false,"_jetpack_newsletter_tier_id":0,"_jetpack_memberships_contains_paywalled_content":false,"_jetpack_memberships_contains_paid_content":false,"footnotes":"","jetpack_publicize_message":"","jetpack_publicize_feature_enabled":true,"jetpack_social_post_already_shared":true,"jetpack_social_options":{"image_generator_settings":{"template":"highway","default_image_id":0,"font":"","enabled":false},"version":2},"_wpas_customize_per_network":false},"categories":[104],"tags":[],"class_list":["post-193063","post","type-post","status-publish","format-standard","has-post-thumbnail","hentry","category-cultura","generate-columns","tablet-grid-50","mobile-grid-100","grid-parent","grid-50"],"jetpack_publicize_connections":[],"jetpack_featured_media_url":"https:\/\/www.hoymercedes.com.ar\/principal\/wp-content\/uploads\/2026\/03\/WhatsApp-Image-2026-03-12-at-11.36.32-edited.jpeg","wps_subtitle":"","jetpack_sharing_enabled":true,"_links":{"self":[{"href":"https:\/\/www.hoymercedes.com.ar\/principal\/wp-json\/wp\/v2\/posts\/193063","targetHints":{"allow":["GET"]}}],"collection":[{"href":"https:\/\/www.hoymercedes.com.ar\/principal\/wp-json\/wp\/v2\/posts"}],"about":[{"href":"https:\/\/www.hoymercedes.com.ar\/principal\/wp-json\/wp\/v2\/types\/post"}],"author":[{"embeddable":true,"href":"https:\/\/www.hoymercedes.com.ar\/principal\/wp-json\/wp\/v2\/users\/1"}],"replies":[{"embeddable":true,"href":"https:\/\/www.hoymercedes.com.ar\/principal\/wp-json\/wp\/v2\/comments?post=193063"}],"version-history":[{"count":1,"href":"https:\/\/www.hoymercedes.com.ar\/principal\/wp-json\/wp\/v2\/posts\/193063\/revisions"}],"predecessor-version":[{"id":193066,"href":"https:\/\/www.hoymercedes.com.ar\/principal\/wp-json\/wp\/v2\/posts\/193063\/revisions\/193066"}],"wp:featuredmedia":[{"embeddable":true,"href":"https:\/\/www.hoymercedes.com.ar\/principal\/wp-json\/wp\/v2\/media\/193065"}],"wp:attachment":[{"href":"https:\/\/www.hoymercedes.com.ar\/principal\/wp-json\/wp\/v2\/media?parent=193063"}],"wp:term":[{"taxonomy":"category","embeddable":true,"href":"https:\/\/www.hoymercedes.com.ar\/principal\/wp-json\/wp\/v2\/categories?post=193063"},{"taxonomy":"post_tag","embeddable":true,"href":"https:\/\/www.hoymercedes.com.ar\/principal\/wp-json\/wp\/v2\/tags?post=193063"}],"curies":[{"name":"wp","href":"https:\/\/api.w.org\/{rel}","templated":true}]}}