{"id":193067,"date":"2026-03-14T09:36:00","date_gmt":"2026-03-14T12:36:00","guid":{"rendered":"https:\/\/www.hoymercedes.com.ar\/principal\/?p=193067"},"modified":"2026-03-12T12:38:17","modified_gmt":"2026-03-12T15:38:17","slug":"edicion-especial-de-mercedes-misteriosa-rescata-el-legado-irlandes-de-la-ciudad","status":"publish","type":"post","link":"https:\/\/www.hoymercedes.com.ar\/principal\/2026\/03\/14\/edicion-especial-de-mercedes-misteriosa-rescata-el-legado-irlandes-de-la-ciudad\/","title":{"rendered":"Edici\u00f3n especial de \u201cMercedes Misteriosa\u201d rescata el legado irland\u00e9s de la ciudad"},"content":{"rendered":"\n<p>La <strong>Direcci\u00f3n de Turismo de Mercedes<\/strong> anunci\u00f3 una nueva edici\u00f3n del ciclo <strong>\u201cMercedes Misteriosa\u201d<\/strong>, que en esta oportunidad estar\u00e1 dedicada a <strong>la inmigraci\u00f3n irlandesa y su huella en la historia local<\/strong>.<\/p>\n\n\n\n<figure class=\"wp-block-image size-full\"><img loading=\"lazy\" decoding=\"async\" width=\"800\" height=\"600\" data-attachment-id=\"193068\" data-permalink=\"https:\/\/www.hoymercedes.com.ar\/principal\/2026\/03\/14\/edicion-especial-de-mercedes-misteriosa-rescata-el-legado-irlandes-de-la-ciudad\/image-316\/#main\" data-orig-file=\"https:\/\/www.hoymercedes.com.ar\/principal\/wp-content\/uploads\/2026\/03\/image-45.png\" data-orig-size=\"800,600\" data-comments-opened=\"0\" data-image-meta=\"{&quot;aperture&quot;:&quot;0&quot;,&quot;credit&quot;:&quot;&quot;,&quot;camera&quot;:&quot;&quot;,&quot;caption&quot;:&quot;&quot;,&quot;created_timestamp&quot;:&quot;0&quot;,&quot;copyright&quot;:&quot;&quot;,&quot;focal_length&quot;:&quot;0&quot;,&quot;iso&quot;:&quot;0&quot;,&quot;shutter_speed&quot;:&quot;0&quot;,&quot;title&quot;:&quot;&quot;,&quot;orientation&quot;:&quot;0&quot;}\" data-image-title=\"image\" data-image-description=\"\" data-image-caption=\"\" data-large-file=\"https:\/\/www.hoymercedes.com.ar\/principal\/wp-content\/uploads\/2026\/03\/image-45.png\" src=\"https:\/\/www.hoymercedes.com.ar\/principal\/wp-content\/uploads\/2026\/03\/image-45.png\" alt=\"\" class=\"wp-image-193068\" srcset=\"https:\/\/www.hoymercedes.com.ar\/principal\/wp-content\/uploads\/2026\/03\/image-45.png 800w, https:\/\/www.hoymercedes.com.ar\/principal\/wp-content\/uploads\/2026\/03\/image-45-630x473.png 630w, https:\/\/www.hoymercedes.com.ar\/principal\/wp-content\/uploads\/2026\/03\/image-45-150x113.png 150w\" sizes=\"auto, (max-width: 800px) 100vw, 800px\" \/><\/figure>\n\n\n\n<p>La actividad se realizar\u00e1 <strong>el domingo 15 de marzo a las 18:30 horas<\/strong>, con <strong>punto de encuentro en la Plaza San Luis<\/strong>, desde donde comenzar\u00e1 un recorrido guiado pensado para redescubrir distintos espacios de la ciudad desde una mirada hist\u00f3rica y cultural.<\/p>\n\n\n\n<p>El itinerario busca <strong>poner en valor las marcas culturales y arquitect\u00f3nicas que dejaron los pioneros celtas en Mercedes<\/strong>, invitando a los participantes a conocer aspectos poco difundidos del pasado de la ciudad vinculados a esa comunidad inmigrante.<\/p>\n\n\n\n<p>La propuesta se enmarca adem\u00e1s en <strong>las celebraciones por San Patricio<\/strong>, que durante ese fin de semana incluir\u00e1n otras actividades culturales en distintos espacios de la ciudad.<\/p>\n\n\n\n<p>Desde el \u00e1rea de Turismo destacaron que el ciclo <strong>\u201cMercedes Misteriosa\u201d<\/strong> contin\u00faa consolid\u00e1ndose como una iniciativa para <strong>recorrer la ciudad desde su patrimonio hist\u00f3rico, cultural y simb\u00f3lico<\/strong>, convocando a vecinos y visitantes interesados en conocer sus historias menos visibles.<\/p>\n","protected":false},"excerpt":{"rendered":"<p>La Direcci\u00f3n de Turismo de Mercedes anunci\u00f3 una nueva edici\u00f3n del ciclo \u201cMercedes Misteriosa\u201d, que en esta oportunidad estar\u00e1 dedicada &#8230; <a title=\"Edici\u00f3n especial de \u201cMercedes Misteriosa\u201d rescata el legado irland\u00e9s de la ciudad\" class=\"read-more\" href=\"https:\/\/www.hoymercedes.com.ar\/principal\/2026\/03\/14\/edicion-especial-de-mercedes-misteriosa-rescata-el-legado-irlandes-de-la-ciudad\/\" aria-label=\"Leer m\u00e1s sobre Edici\u00f3n especial de \u201cMercedes Misteriosa\u201d rescata el legado irland\u00e9s de la ciudad\">Leer m\u00e1s<\/a><\/p>\n","protected":false},"author":1,"featured_media":193068,"comment_status":"closed","ping_status":"open","sticky":false,"template":"","format":"standard","meta":{"_monsterinsights_skip_tracking":false,"_monsterinsights_sitenote_active":false,"_monsterinsights_sitenote_note":"","_monsterinsights_sitenote_category":0,"jetpack_post_was_ever_published":false,"_jetpack_newsletter_access":"","_jetpack_dont_email_post_to_subs":false,"_jetpack_newsletter_tier_id":0,"_jetpack_memberships_contains_paywalled_content":false,"_jetpack_memberships_contains_paid_content":false,"footnotes":"","jetpack_publicize_message":"","jetpack_publicize_feature_enabled":true,"jetpack_social_post_already_shared":true,"jetpack_social_options":{"image_generator_settings":{"template":"highway","default_image_id":0,"font":"","enabled":false},"version":2},"_wpas_customize_per_network":false},"categories":[104],"tags":[],"class_list":["post-193067","post","type-post","status-publish","format-standard","has-post-thumbnail","hentry","category-cultura","generate-columns","tablet-grid-50","mobile-grid-100","grid-parent","grid-50"],"jetpack_publicize_connections":[],"jetpack_featured_media_url":"https:\/\/www.hoymercedes.com.ar\/principal\/wp-content\/uploads\/2026\/03\/image-45.png","wps_subtitle":"","jetpack_sharing_enabled":true,"_links":{"self":[{"href":"https:\/\/www.hoymercedes.com.ar\/principal\/wp-json\/wp\/v2\/posts\/193067","targetHints":{"allow":["GET"]}}],"collection":[{"href":"https:\/\/www.hoymercedes.com.ar\/principal\/wp-json\/wp\/v2\/posts"}],"about":[{"href":"https:\/\/www.hoymercedes.com.ar\/principal\/wp-json\/wp\/v2\/types\/post"}],"author":[{"embeddable":true,"href":"https:\/\/www.hoymercedes.com.ar\/principal\/wp-json\/wp\/v2\/users\/1"}],"replies":[{"embeddable":true,"href":"https:\/\/www.hoymercedes.com.ar\/principal\/wp-json\/wp\/v2\/comments?post=193067"}],"version-history":[{"count":1,"href":"https:\/\/www.hoymercedes.com.ar\/principal\/wp-json\/wp\/v2\/posts\/193067\/revisions"}],"predecessor-version":[{"id":193069,"href":"https:\/\/www.hoymercedes.com.ar\/principal\/wp-json\/wp\/v2\/posts\/193067\/revisions\/193069"}],"wp:featuredmedia":[{"embeddable":true,"href":"https:\/\/www.hoymercedes.com.ar\/principal\/wp-json\/wp\/v2\/media\/193068"}],"wp:attachment":[{"href":"https:\/\/www.hoymercedes.com.ar\/principal\/wp-json\/wp\/v2\/media?parent=193067"}],"wp:term":[{"taxonomy":"category","embeddable":true,"href":"https:\/\/www.hoymercedes.com.ar\/principal\/wp-json\/wp\/v2\/categories?post=193067"},{"taxonomy":"post_tag","embeddable":true,"href":"https:\/\/www.hoymercedes.com.ar\/principal\/wp-json\/wp\/v2\/tags?post=193067"}],"curies":[{"name":"wp","href":"https:\/\/api.w.org\/{rel}","templated":true}]}}